{"id":27461,"date":"2025-08-25T17:41:29","date_gmt":"2025-08-25T16:41:29","guid":{"rendered":"https:\/\/insideamateurfussball-ffm.de\/?p=27461"},"modified":"2025-08-25T17:41:29","modified_gmt":"2025-08-25T16:41:29","slug":"tuerkguecue-gegen-karben-erstmals-mit-niederlage","status":"publish","type":"post","link":"https:\/\/insideamateurfussball-ffm.de\/?p=27461","title":{"rendered":"T\u00fcrkg\u00fcc\u00fc gegen Karben erstmals mit Niederlage"},"content":{"rendered":"<h4>T\u00fcrkg\u00fcc\u00fc Frankfurt musste am f\u00fcnften Spieltag seine erste Niederlage einstecken, gegen den FC Karben verlor die Mannschaft trotz F\u00fchrung am Ende mit 1:2.<\/h4>\n<figure id=\"attachment_27467\" aria-describedby=\"caption-attachment-27467\" style=\"width: 892px\" class=\"wp-caption alignnone\"><img loading=\"lazy\" decoding=\"async\" class=\"wp-image-27467 size-full\" src=\"http:\/\/insideamateurfussball-ffm.de\/wp-content\/uploads\/2025\/08\/tguecue-karb-6.jpg\" alt=\"\" width=\"892\" height=\"591\" srcset=\"https:\/\/insideamateurfussball-ffm.de\/wp-content\/uploads\/2025\/08\/tguecue-karb-6.jpg 892w, https:\/\/insideamateurfussball-ffm.de\/wp-content\/uploads\/2025\/08\/tguecue-karb-6-300x199.jpg 300w, https:\/\/insideamateurfussball-ffm.de\/wp-content\/uploads\/2025\/08\/tguecue-karb-6-768x509.jpg 768w\" sizes=\"auto, (max-width: 892px) 100vw, 892px\" \/><figcaption id=\"caption-attachment-27467\" class=\"wp-caption-text\">Der FC Karben bleibt in der Liga ungeschlagen. Foto: Mithat G\u00fcrser<\/figcaption><\/figure>\n<h4>T\u00fcrkg\u00fcc\u00fc Frankfurt &#8211; FC Karben 1:2 (1:0)<\/h4>\n<p><img loading=\"lazy\" decoding=\"async\" class=\"alignnone size-full wp-image-17\" src=\"http:\/\/insideamateurfussball-ffm.de\/wp-content\/uploads\/2021\/11\/Tuerkguecue.jpg\" alt=\"\" width=\"72\" height=\"80\" \/><img loading=\"lazy\" decoding=\"async\" class=\"alignnone size-full wp-image-2525\" src=\"http:\/\/insideamateurfussball-ffm.de\/wp-content\/uploads\/2022\/09\/karben.jpg\" alt=\"\" width=\"65\" height=\"80\" \/><\/p>\n<p>Es dauerte bis zum 5.Spieltag, ehe T\u00fcrkg\u00fcc\u00fc Frankfurt seine erste Niederlage einstecken musste. Nach zwei Siegen und einem Remis unterlag der Club dem FC Karben am Ende mit 1:2. T\u00fcrkg\u00fcc\u00fc ging fr\u00fch mit 1:0 in F\u00fchrung, in der 9.Minute bediente Flavio Alberto Cuna Ventsislav Rusev, der keine M\u00fche hatte, zu vollenden. In den ersten 30 Minuten war T\u00fcrkg\u00fcc\u00fc nach den Worten ihres Trainers Murtaza Taher \u201ebesser im Spiel\u201c und \u201ehatten alles gut im Griff\u201c. Taher: \u201edanach haben wir uns selbst aus dem Spiel gebracht durch die vielen gelben Karten\u201c, allein zwischen der 35.Minute und der Halbzeitpause erhielten die Frankfurter 5 gelbe Karten.<\/p>\n<p>In der zweiten Halbzeit kam Karben besser ins Spiel und dr\u00fcckte auf das Tempo, in der 64.Minute fiel der Ausgleich durch Veljko Vlajic, den Dorian Music in der 82.Minute mit dem Siegtreffer zum 2:1 veredelte. Trainer Taher: \u201eaufgrund der ersten 30 Minuten ist es schade, aber der Sieg f\u00fcr Karben war am Ende verdient. Auf die erste halbe Stunde k\u00f6nnen wir aufbauen.\u201c Am n\u00e4chsten Wochenende reist T\u00fcrkg\u00fcc\u00fc zum Aufsteiger SG Wehrheim\/Pfaffenwiesbach.<\/p>\n<h4>Schiedsrichter: Luca Kloft (SV Elz). Zuschauer: 125.<\/h4>\n<h4>Tore: 1:0 Ventsislav Rusev (9.), 1:1 Veljko Vlajic (64.), 1:2 Dorian Music (82.)<\/h4>\n<blockquote>\n<h4>Auch von diesem Spiel lieferte uns Mithat G\u00fcrser viele Eindr\u00fccke.<\/h4>\n<\/blockquote>\n\n\n<figure class=\"wp-block-image size-full\"><img loading=\"lazy\" decoding=\"async\" width=\"886\" height=\"601\" src=\"http:\/\/insideamateurfussball-ffm.de\/wp-content\/uploads\/2025\/08\/tguecue-karb-1.jpg\" alt=\"\" class=\"wp-image-27462\" srcset=\"https:\/\/insideamateurfussball-ffm.de\/wp-content\/uploads\/2025\/08\/tguecue-karb-1.jpg 886w, https:\/\/insideamateurfussball-ffm.de\/wp-content\/uploads\/2025\/08\/tguecue-karb-1-300x203.jpg 300w, https:\/\/insideamateurfussball-ffm.de\/wp-content\/uploads\/2025\/08\/tguecue-karb-1-768x521.jpg 768w\" sizes=\"auto, (max-width: 886px) 100vw, 886px\" \/><\/figure>\n\n\n\n<figure class=\"wp-block-image size-full\"><img loading=\"lazy\" decoding=\"async\" width=\"919\" height=\"591\" src=\"http:\/\/insideamateurfussball-ffm.de\/wp-content\/uploads\/2025\/08\/tguecue-karb-2.jpg\" alt=\"\" class=\"wp-image-27463\" srcset=\"https:\/\/insideamateurfussball-ffm.de\/wp-content\/uploads\/2025\/08\/tguecue-karb-2.jpg 919w, https:\/\/insideamateurfussball-ffm.de\/wp-content\/uploads\/2025\/08\/tguecue-karb-2-300x193.jpg 300w, https:\/\/insideamateurfussball-ffm.de\/wp-content\/uploads\/2025\/08\/tguecue-karb-2-768x494.jpg 768w\" sizes=\"auto, (max-width: 919px) 100vw, 919px\" \/><\/figure>\n\n\n\n<figure class=\"wp-block-image size-full\"><img loading=\"lazy\" decoding=\"async\" width=\"886\" height=\"629\" src=\"http:\/\/insideamateurfussball-ffm.de\/wp-content\/uploads\/2025\/08\/tguecue-karb-3.jpg\" alt=\"\" class=\"wp-image-27464\" srcset=\"https:\/\/insideamateurfussball-ffm.de\/wp-content\/uploads\/2025\/08\/tguecue-karb-3.jpg 886w, https:\/\/insideamateurfussball-ffm.de\/wp-content\/uploads\/2025\/08\/tguecue-karb-3-300x213.jpg 300w, https:\/\/insideamateurfussball-ffm.de\/wp-content\/uploads\/2025\/08\/tguecue-karb-3-768x545.jpg 768w\" sizes=\"auto, (max-width: 886px) 100vw, 886px\" \/><\/figure>\n\n\n\n<figure class=\"wp-block-image size-full\"><img loading=\"lazy\" decoding=\"async\" width=\"886\" height=\"604\" src=\"http:\/\/insideamateurfussball-ffm.de\/wp-content\/uploads\/2025\/08\/tguecue-karb-4.jpg\" alt=\"\" class=\"wp-image-27465\" srcset=\"https:\/\/insideamateurfussball-ffm.de\/wp-content\/uploads\/2025\/08\/tguecue-karb-4.jpg 886w, https:\/\/insideamateurfussball-ffm.de\/wp-content\/uploads\/2025\/08\/tguecue-karb-4-300x205.jpg 300w, https:\/\/insideamateurfussball-ffm.de\/wp-content\/uploads\/2025\/08\/tguecue-karb-4-768x524.jpg 768w\" sizes=\"auto, (max-width: 886px) 100vw, 886px\" \/><\/figure>\n\n\n\n<figure class=\"wp-block-image size-full\"><img loading=\"lazy\" decoding=\"async\" width=\"886\" height=\"603\" src=\"http:\/\/insideamateurfussball-ffm.de\/wp-content\/uploads\/2025\/08\/tguecue-karb-5.jpg\" alt=\"\" class=\"wp-image-27466\" srcset=\"https:\/\/insideamateurfussball-ffm.de\/wp-content\/uploads\/2025\/08\/tguecue-karb-5.jpg 886w, https:\/\/insideamateurfussball-ffm.de\/wp-content\/uploads\/2025\/08\/tguecue-karb-5-300x204.jpg 300w, https:\/\/insideamateurfussball-ffm.de\/wp-content\/uploads\/2025\/08\/tguecue-karb-5-768x523.jpg 768w\" sizes=\"auto, (max-width: 886px) 100vw, 886px\" \/><\/figure>\n\n\n\n<figure class=\"wp-block-image size-full\"><img loading=\"lazy\" decoding=\"async\" width=\"886\" height=\"630\" src=\"http:\/\/insideamateurfussball-ffm.de\/wp-content\/uploads\/2025\/08\/tguecue-karb-7.jpg\" alt=\"\" class=\"wp-image-27468\" srcset=\"https:\/\/insideamateurfussball-ffm.de\/wp-content\/uploads\/2025\/08\/tguecue-karb-7.jpg 886w, https:\/\/insideamateurfussball-ffm.de\/wp-content\/uploads\/2025\/08\/tguecue-karb-7-300x213.jpg 300w, https:\/\/insideamateurfussball-ffm.de\/wp-content\/uploads\/2025\/08\/tguecue-karb-7-768x546.jpg 768w\" sizes=\"auto, (max-width: 886px) 100vw, 886px\" \/><\/figure>\n\n\n\n<figure class=\"wp-block-image size-full\"><img loading=\"lazy\" decoding=\"async\" width=\"886\" height=\"608\" src=\"http:\/\/insideamateurfussball-ffm.de\/wp-content\/uploads\/2025\/08\/tguecue-karb-8.jpg\" alt=\"\" class=\"wp-image-27469\" srcset=\"https:\/\/insideamateurfussball-ffm.de\/wp-content\/uploads\/2025\/08\/tguecue-karb-8.jpg 886w, https:\/\/insideamateurfussball-ffm.de\/wp-content\/uploads\/2025\/08\/tguecue-karb-8-300x206.jpg 300w, https:\/\/insideamateurfussball-ffm.de\/wp-content\/uploads\/2025\/08\/tguecue-karb-8-768x527.jpg 768w\" sizes=\"auto, (max-width: 886px) 100vw, 886px\" \/><\/figure>\n\n\n\n<figure class=\"wp-block-image size-full\"><img loading=\"lazy\" decoding=\"async\" width=\"886\" height=\"620\" src=\"http:\/\/insideamateurfussball-ffm.de\/wp-content\/uploads\/2025\/08\/tguecue-karb-9.jpg\" alt=\"\" class=\"wp-image-27470\" srcset=\"https:\/\/insideamateurfussball-ffm.de\/wp-content\/uploads\/2025\/08\/tguecue-karb-9.jpg 886w, https:\/\/insideamateurfussball-ffm.de\/wp-content\/uploads\/2025\/08\/tguecue-karb-9-300x210.jpg 300w, https:\/\/insideamateurfussball-ffm.de\/wp-content\/uploads\/2025\/08\/tguecue-karb-9-768x537.jpg 768w\" sizes=\"auto, (max-width: 886px) 100vw, 886px\" \/><\/figure>\n\n\n\n<figure class=\"wp-block-image size-full\"><img loading=\"lazy\" decoding=\"async\" width=\"886\" height=\"643\" src=\"http:\/\/insideamateurfussball-ffm.de\/wp-content\/uploads\/2025\/08\/tguecue-karb-10.jpg\" alt=\"\" class=\"wp-image-27471\" srcset=\"https:\/\/insideamateurfussball-ffm.de\/wp-content\/uploads\/2025\/08\/tguecue-karb-10.jpg 886w, https:\/\/insideamateurfussball-ffm.de\/wp-content\/uploads\/2025\/08\/tguecue-karb-10-300x218.jpg 300w, https:\/\/insideamateurfussball-ffm.de\/wp-content\/uploads\/2025\/08\/tguecue-karb-10-768x557.jpg 768w\" sizes=\"auto, (max-width: 886px) 100vw, 886px\" \/><\/figure>\n","protected":false},"excerpt":{"rendered":"<p>T\u00fcrkg\u00fcc\u00fc Frankfurt musste am f\u00fcnften Spieltag seine erste Niederlage einstecken, gegen den FC Karben verlor die Mannschaft trotz F\u00fchrung am Ende mit 1:2. T\u00fcrkg\u00fcc\u00fc Frankfurt &#8211; FC Karben 1:2 (1:0) Es dauerte bis zum 5.Spieltag, ehe T\u00fcrkg\u00fcc\u00fc Frankfurt seine erste Niederlage einstecken musste. Nach zwei Siegen und einem Remis unterlag der Club dem FC Karben [&hellip;]<\/p>\n","protected":false},"author":3,"featured_media":27467,"comment_status":"closed","ping_status":"open","sticky":true,"template":"","format":"standard","meta":{"footnotes":""},"categories":[13],"tags":[],"class_list":["post-27461","post","type-post","status-publish","format-standard","has-post-thumbnail","hentry","category-gruppenliga-frankfurt-west"],"_links":{"self":[{"href":"https:\/\/insideamateurfussball-ffm.de\/index.php?rest_route=\/wp\/v2\/posts\/27461","targetHints":{"allow":["GET"]}}],"collection":[{"href":"https:\/\/insideamateurfussball-ffm.de\/index.php?rest_route=\/wp\/v2\/posts"}],"about":[{"href":"https:\/\/insideamateurfussball-ffm.de\/index.php?rest_route=\/wp\/v2\/types\/post"}],"author":[{"embeddable":true,"href":"https:\/\/insideamateurfussball-ffm.de\/index.php?rest_route=\/wp\/v2\/users\/3"}],"replies":[{"embeddable":true,"href":"https:\/\/insideamateurfussball-ffm.de\/index.php?rest_route=%2Fwp%2Fv2%2Fcomments&post=27461"}],"version-history":[{"count":2,"href":"https:\/\/insideamateurfussball-ffm.de\/index.php?rest_route=\/wp\/v2\/posts\/27461\/revisions"}],"predecessor-version":[{"id":27473,"href":"https:\/\/insideamateurfussball-ffm.de\/index.php?rest_route=\/wp\/v2\/posts\/27461\/revisions\/27473"}],"wp:featuredmedia":[{"embeddable":true,"href":"https:\/\/insideamateurfussball-ffm.de\/index.php?rest_route=\/wp\/v2\/media\/27467"}],"wp:attachment":[{"href":"https:\/\/insideamateurfussball-ffm.de\/index.php?rest_route=%2Fwp%2Fv2%2Fmedia&parent=27461"}],"wp:term":[{"taxonomy":"category","embeddable":true,"href":"https:\/\/insideamateurfussball-ffm.de\/index.php?rest_route=%2Fwp%2Fv2%2Fcategories&post=27461"},{"taxonomy":"post_tag","embeddable":true,"href":"https:\/\/insideamateurfussball-ffm.de\/index.php?rest_route=%2Fwp%2Fv2%2Ftags&post=27461"}],"curies":[{"name":"wp","href":"https:\/\/api.w.org\/{rel}","templated":true}]}}