{"id":27458,"date":"2025-08-25T17:19:02","date_gmt":"2025-08-25T16:19:02","guid":{"rendered":"https:\/\/insideamateurfussball-ffm.de\/?p=27458"},"modified":"2025-08-25T17:19:02","modified_gmt":"2025-08-25T16:19:02","slug":"desolate-leistung-beim-05-von-fechenheim","status":"publish","type":"post","link":"https:\/\/insideamateurfussball-ffm.de\/?p=27458","title":{"rendered":"Desolate Leistung beim 0:5 von Fechenheim"},"content":{"rendered":"<h4>Die Spvgg. 03 Fechenheim zeigt weiter Inkonstanz, nach dem guten Spiel gegen den SKV Beienheim ging die Mannschaft beim T\u00fcrkischen SV Bad Nauheim mit 0:5 unter und kassierte sogar 3 Tore in \u00dcberzahl.<\/h4>\n<figure id=\"attachment_24999\" aria-describedby=\"caption-attachment-24999\" style=\"width: 886px\" class=\"wp-caption alignnone\"><img loading=\"lazy\" decoding=\"async\" class=\"wp-image-24999 size-full\" src=\"http:\/\/insideamateurfussball-ffm.de\/wp-content\/uploads\/2025\/04\/tguecue09.jpg\" alt=\"\" width=\"886\" height=\"605\" srcset=\"https:\/\/insideamateurfussball-ffm.de\/wp-content\/uploads\/2025\/04\/tguecue09.jpg 886w, https:\/\/insideamateurfussball-ffm.de\/wp-content\/uploads\/2025\/04\/tguecue09-300x205.jpg 300w, https:\/\/insideamateurfussball-ffm.de\/wp-content\/uploads\/2025\/04\/tguecue09-768x524.jpg 768w\" sizes=\"auto, (max-width: 886px) 100vw, 886px\" \/><figcaption id=\"caption-attachment-24999\" class=\"wp-caption-text\">Die Spieler vom T\u00fcrkischen SV Bad Nauheim d\u00fcrfen weiter jubeln und bleiben ohne Gegentor. Foto: Archiv Mithat G\u00fcrser<\/figcaption><\/figure>\n<h4>T\u00fcrkischer SV Bad Nauheim &#8211; Spvgg. 03 Fechenheim 5:0 (1:0)<\/h4>\n<p><img loading=\"lazy\" decoding=\"async\" class=\"alignnone size-full wp-image-2300\" src=\"http:\/\/insideamateurfussball-ffm.de\/wp-content\/uploads\/2022\/08\/TSVBN.jpg\" alt=\"\" width=\"80\" height=\"80\" \/><img loading=\"lazy\" decoding=\"async\" class=\"alignnone size-full wp-image-603\" src=\"http:\/\/insideamateurfussball-ffm.de\/wp-content\/uploads\/2022\/06\/Fech03.jpg\" alt=\"\" width=\"52\" height=\"80\" \/><\/p>\n<p>Nach einem Sieg folgte erneut eine Niederlage, die Spvgg. 03 Fechenheim bekommt keine Konstanz in ihre Auftritte. Trainer Necip Incesu war nach dem Spiel sprachlos: \u201ewir haben es nicht hinbekommen, die Leistung vom Donnerstag zu wiederholen. Wir haben in allen Belangen Alles vermissen lassen, nur Torwart Simon Siebertz zeigte eine gute Leistung und rettete uns in mindestens 4 Situationen vor noch mehr Gegentoren.\u201c<\/p>\n<p>Der T\u00fcrkische SV Bad Nauheim, der nach 5 Spielen immer noch kein Gegentor erhalten hat, sorgte fr\u00fch durch ein Tor von Issaka Mouhaman in der 10.Minute f\u00fcr die 1:0-Pausenf\u00fchrung, die Ozan Keskin in der 54.Minute auf 2:0 ausbaute. In der Schlussphase wurde es wild, erst sah Bad Nauheims Clinton Adjej Asante in der 80.Minute die gelb-rote Karte, danach schossen die Gastgeber in Unterzahl noch drei weitere Tore durch erneut Ozan Keskin (87.), Mohamed Eldrissi Errahhali (87.) und Nahom Ogbay (90.+5). Trainer Incesu war bedient und meinte. \u201edas muss ich jetzt erst einmal sacken lassen.\u201c<\/p>\n<p>Am Mittwoch beim Kreisoberligisten GSU Hellas in der ersten Runde des Kreispokals kann die Spvgg. Fechenheim dann etwas f\u00fcr ihr Selbstvertrauen tun, in der Liga sind sie am n\u00e4chsten Wochenende spielfrei.<\/p>\n<h4>Schiedsrichter: Alexander P\u00e4chthold (SG Treis\/Allendorf). Zuschauer: 150.<\/h4>\n<h4>Tore: 1:0 Issaka Mouhaman (10.), 2:0 Ozan Keskin (54.), 3:0 Ozan Keskin (87.), 4:0 Mohamed Eldrissi Errahhali (90.), 5:0 Nahom Ogbay (90.+5)<\/h4>\n","protected":false},"excerpt":{"rendered":"<p>Die Spvgg. 03 Fechenheim zeigt weiter Inkonstanz, nach dem guten Spiel gegen den SKV Beienheim ging die Mannschaft beim T\u00fcrkischen SV Bad Nauheim mit 0:5 unter und kassierte sogar 3 Tore in \u00dcberzahl. T\u00fcrkischer SV Bad Nauheim &#8211; Spvgg. 03 Fechenheim 5:0 (1:0) Nach einem Sieg folgte erneut eine Niederlage, die Spvgg. 03 Fechenheim bekommt [&hellip;]<\/p>\n","protected":false},"author":3,"featured_media":24999,"comment_status":"closed","ping_status":"open","sticky":true,"template":"","format":"standard","meta":{"footnotes":""},"categories":[13],"tags":[],"class_list":["post-27458","post","type-post","status-publish","format-standard","has-post-thumbnail","hentry","category-gruppenliga-frankfurt-west"],"_links":{"self":[{"href":"https:\/\/insideamateurfussball-ffm.de\/index.php?rest_route=\/wp\/v2\/posts\/27458","targetHints":{"allow":["GET"]}}],"collection":[{"href":"https:\/\/insideamateurfussball-ffm.de\/index.php?rest_route=\/wp\/v2\/posts"}],"about":[{"href":"https:\/\/insideamateurfussball-ffm.de\/index.php?rest_route=\/wp\/v2\/types\/post"}],"author":[{"embeddable":true,"href":"https:\/\/insideamateurfussball-ffm.de\/index.php?rest_route=\/wp\/v2\/users\/3"}],"replies":[{"embeddable":true,"href":"https:\/\/insideamateurfussball-ffm.de\/index.php?rest_route=%2Fwp%2Fv2%2Fcomments&post=27458"}],"version-history":[{"count":2,"href":"https:\/\/insideamateurfussball-ffm.de\/index.php?rest_route=\/wp\/v2\/posts\/27458\/revisions"}],"predecessor-version":[{"id":27460,"href":"https:\/\/insideamateurfussball-ffm.de\/index.php?rest_route=\/wp\/v2\/posts\/27458\/revisions\/27460"}],"wp:featuredmedia":[{"embeddable":true,"href":"https:\/\/insideamateurfussball-ffm.de\/index.php?rest_route=\/wp\/v2\/media\/24999"}],"wp:attachment":[{"href":"https:\/\/insideamateurfussball-ffm.de\/index.php?rest_route=%2Fwp%2Fv2%2Fmedia&parent=27458"}],"wp:term":[{"taxonomy":"category","embeddable":true,"href":"https:\/\/insideamateurfussball-ffm.de\/index.php?rest_route=%2Fwp%2Fv2%2Fcategories&post=27458"},{"taxonomy":"post_tag","embeddable":true,"href":"https:\/\/insideamateurfussball-ffm.de\/index.php?rest_route=%2Fwp%2Fv2%2Ftags&post=27458"}],"curies":[{"name":"wp","href":"https:\/\/api.w.org\/{rel}","templated":true}]}}