{"id":27372,"date":"2025-08-23T10:48:47","date_gmt":"2025-08-23T09:48:47","guid":{"rendered":"https:\/\/insideamateurfussball-ffm.de\/?p=27372"},"modified":"2025-08-23T15:36:47","modified_gmt":"2025-08-23T14:36:47","slug":"kosova-und-huberman-gehen-getrennte-wege","status":"publish","type":"post","link":"https:\/\/insideamateurfussball-ffm.de\/?p=27372","title":{"rendered":"Kosova und Huberman gehen getrennte Wege"},"content":{"rendered":"<h4>Nach der 3:4-Niederlage beim FC Karben trennte sich der FC Kosova in gegenseitigem Einvernehmen von seinem Trainer Jorge Huberman. Bis ein neuer Trainer gefunden ist, wird die Mannschaft interimsweise vom bisherigen Co-Trainer Albion Bitici betreut.<\/h4>\n<figure id=\"attachment_27116\" aria-describedby=\"caption-attachment-27116\" style=\"width: 2016px\" class=\"wp-caption alignnone\"><img loading=\"lazy\" decoding=\"async\" class=\"wp-image-27116 size-full\" src=\"http:\/\/insideamateurfussball-ffm.de\/wp-content\/uploads\/2025\/08\/graefenrodekosova06.jpg\" alt=\"\" width=\"2016\" height=\"1512\" srcset=\"https:\/\/insideamateurfussball-ffm.de\/wp-content\/uploads\/2025\/08\/graefenrodekosova06.jpg 2016w, https:\/\/insideamateurfussball-ffm.de\/wp-content\/uploads\/2025\/08\/graefenrodekosova06-300x225.jpg 300w, https:\/\/insideamateurfussball-ffm.de\/wp-content\/uploads\/2025\/08\/graefenrodekosova06-1024x768.jpg 1024w, https:\/\/insideamateurfussball-ffm.de\/wp-content\/uploads\/2025\/08\/graefenrodekosova06-768x576.jpg 768w, https:\/\/insideamateurfussball-ffm.de\/wp-content\/uploads\/2025\/08\/graefenrodekosova06-1536x1152.jpg 1536w\" sizes=\"auto, (max-width: 2016px) 100vw, 2016px\" \/><figcaption id=\"caption-attachment-27116\" class=\"wp-caption-text\">Jorge Huberman, hier noch beim Spiel bei der FSG Burg-Gr\u00e4fenrode, ist nicht mehr Trainer beim FC Kosova. Foto: Archiv MZ<\/figcaption><\/figure>\n<p><img loading=\"lazy\" decoding=\"async\" class=\"alignnone size-full wp-image-9\" src=\"http:\/\/insideamateurfussball-ffm.de\/wp-content\/uploads\/2021\/11\/Kosova.jpg\" alt=\"\" width=\"65\" height=\"80\" \/><\/p>\n<p>Am Freitag erreichte uns die Nachricht, dass sich der FC Kosova nach der Niederlage beim FC Karben von seinem Trainer Jorge Huberman getrennt hat. Spielausschuss-Vorsitzender Rudi Statovci dazu: \u201edie Ergebnisse waren nicht zufriedenstellend, unsere Erwartungen wurden nicht erf\u00fcllt. Deshalb haben wir uns gemeinsam entschieden, getrennte Wege zu gehen. Der gesamte Vorstand m\u00f6chte sich bei Jorge Huberman bedanken f\u00fcr die gute Arbeit, die er in diesem Verein geleistet hat. Die Leitung der Mannschaft \u00fcbernimmt interimsweise unser bisheriger Co-Trainer Albion Bitici.\u201c<\/p>\n<p>Jorge Huberman: \u201eder FC Kosova und ich haben sich in gegenseitigem Einvernehmen getrennt. Der Belastungsgrad war zu hoch nach den Vorf\u00e4llen im Winter. Es gab eine emotionale Verbindung, die die sachlichen Differenzen kaschiert hat. Wir sind nicht nur in beiderseitigem Einvernehmen auseinandergegangen, sondern in einer h\u00f6flichen Umgangsform haben beide Seiten gefunden, dass es das Beste ist, wenn wir aufh\u00f6ren. Ich bin erleichtert und ich kann mir vorstellen, dass es der Verein auch ist.\u201c<\/p>\n","protected":false},"excerpt":{"rendered":"<p>Nach der 3:4-Niederlage beim FC Karben trennte sich der FC Kosova in gegenseitigem Einvernehmen von seinem Trainer Jorge Huberman. Bis ein neuer Trainer gefunden ist, wird die Mannschaft interimsweise vom bisherigen Co-Trainer Albion Bitici betreut. Am Freitag erreichte uns die Nachricht, dass sich der FC Kosova nach der Niederlage beim FC Karben von seinem Trainer [&hellip;]<\/p>\n","protected":false},"author":3,"featured_media":27116,"comment_status":"closed","ping_status":"open","sticky":true,"template":"","format":"standard","meta":{"footnotes":""},"categories":[13],"tags":[],"class_list":["post-27372","post","type-post","status-publish","format-standard","has-post-thumbnail","hentry","category-gruppenliga-frankfurt-west"],"_links":{"self":[{"href":"https:\/\/insideamateurfussball-ffm.de\/index.php?rest_route=\/wp\/v2\/posts\/27372","targetHints":{"allow":["GET"]}}],"collection":[{"href":"https:\/\/insideamateurfussball-ffm.de\/index.php?rest_route=\/wp\/v2\/posts"}],"about":[{"href":"https:\/\/insideamateurfussball-ffm.de\/index.php?rest_route=\/wp\/v2\/types\/post"}],"author":[{"embeddable":true,"href":"https:\/\/insideamateurfussball-ffm.de\/index.php?rest_route=\/wp\/v2\/users\/3"}],"replies":[{"embeddable":true,"href":"https:\/\/insideamateurfussball-ffm.de\/index.php?rest_route=%2Fwp%2Fv2%2Fcomments&post=27372"}],"version-history":[{"count":3,"href":"https:\/\/insideamateurfussball-ffm.de\/index.php?rest_route=\/wp\/v2\/posts\/27372\/revisions"}],"predecessor-version":[{"id":27375,"href":"https:\/\/insideamateurfussball-ffm.de\/index.php?rest_route=\/wp\/v2\/posts\/27372\/revisions\/27375"}],"wp:featuredmedia":[{"embeddable":true,"href":"https:\/\/insideamateurfussball-ffm.de\/index.php?rest_route=\/wp\/v2\/media\/27116"}],"wp:attachment":[{"href":"https:\/\/insideamateurfussball-ffm.de\/index.php?rest_route=%2Fwp%2Fv2%2Fmedia&parent=27372"}],"wp:term":[{"taxonomy":"category","embeddable":true,"href":"https:\/\/insideamateurfussball-ffm.de\/index.php?rest_route=%2Fwp%2Fv2%2Fcategories&post=27372"},{"taxonomy":"post_tag","embeddable":true,"href":"https:\/\/insideamateurfussball-ffm.de\/index.php?rest_route=%2Fwp%2Fv2%2Ftags&post=27372"}],"curies":[{"name":"wp","href":"https:\/\/api.w.org\/{rel}","templated":true}]}}