{"id":27355,"date":"2025-08-22T16:40:09","date_gmt":"2025-08-22T15:40:09","guid":{"rendered":"https:\/\/insideamateurfussball-ffm.de\/?p=27355"},"modified":"2025-08-22T16:40:09","modified_gmt":"2025-08-22T15:40:09","slug":"unglueckliche-niederlage-fuer-kosova-in-karben","status":"publish","type":"post","link":"https:\/\/insideamateurfussball-ffm.de\/?p=27355","title":{"rendered":"Ungl\u00fcckliche Niederlage f\u00fcr Kosova in Karben"},"content":{"rendered":"<h4>F\u00fcr den FC Kosova waren im Ausw\u00e4rtsspiel beim FC Karben schon Punkte in Sicht, ehe der in Unterzahl spielende Gastgeber durch ein Eigentor von Kosova noch zu einem gl\u00fccklichen 4:3-Sieg kam.<\/h4>\n<figure id=\"attachment_23999\" aria-describedby=\"caption-attachment-23999\" style=\"width: 2048px\" class=\"wp-caption alignnone\"><img loading=\"lazy\" decoding=\"async\" class=\"wp-image-23999 size-full\" src=\"http:\/\/insideamateurfussball-ffm.de\/wp-content\/uploads\/2025\/03\/DSC_1427.jpg\" alt=\"\" width=\"2048\" height=\"1536\" srcset=\"https:\/\/insideamateurfussball-ffm.de\/wp-content\/uploads\/2025\/03\/DSC_1427.jpg 2048w, https:\/\/insideamateurfussball-ffm.de\/wp-content\/uploads\/2025\/03\/DSC_1427-300x225.jpg 300w, https:\/\/insideamateurfussball-ffm.de\/wp-content\/uploads\/2025\/03\/DSC_1427-1024x768.jpg 1024w, https:\/\/insideamateurfussball-ffm.de\/wp-content\/uploads\/2025\/03\/DSC_1427-768x576.jpg 768w, https:\/\/insideamateurfussball-ffm.de\/wp-content\/uploads\/2025\/03\/DSC_1427-1536x1152.jpg 1536w\" sizes=\"auto, (max-width: 2048px) 100vw, 2048px\" \/><figcaption id=\"caption-attachment-23999\" class=\"wp-caption-text\">Karbens Trainer Maik Zinnecker konnte sich \u00fcber einen gl\u00fccklichen Sieg gegen Kosova freuen. Foto: Archiv J\u00f6rg Schulz<\/figcaption><\/figure>\n<h4>FC Karben &#8211; FC Kosova 4:3 (0:1)<\/h4>\n<p><img loading=\"lazy\" decoding=\"async\" class=\"alignnone size-full wp-image-2525\" src=\"http:\/\/insideamateurfussball-ffm.de\/wp-content\/uploads\/2022\/09\/karben.jpg\" alt=\"\" width=\"65\" height=\"80\" \/><img loading=\"lazy\" decoding=\"async\" class=\"alignnone size-full wp-image-9\" src=\"http:\/\/insideamateurfussball-ffm.de\/wp-content\/uploads\/2021\/11\/Kosova.jpg\" alt=\"\" width=\"65\" height=\"80\" \/><\/p>\n<p>Der FC Kosova verpasste es, beim FC Karben f\u00fcr eine \u00dcberraschung zu sorgen und verlor ungl\u00fccklich mit 3:4. In der 16 Minute ging der Aufsteiger aus Frankfurt durch ein Tor von Goalgetter Flakron Thaci mit 1:0 in F\u00fchrung, die bis zur Pause Bestand hatte. Und die zweite H\u00e4lfte begann f\u00fcr die G\u00e4ste hervorragend, zwei Minuten, nachdem bei Karben Yannick Noah Alter den Platz mit gelb-rot verlassen musste (50.Minute), erh\u00f6hte erneut Flakron Thaci f\u00fcr Kosova auf 2:0, alles schien hinauszulaufen auf einen Dreier. Doch Karben b\u00e4umte sich in Unterzahl auf und kam durch zwei Tore von Luca Hannig in der 63. und 69.Minute zum Ausgleich.<\/p>\n<p>Die G\u00e4ste schlugen dann in der 80.Minute zur\u00fcck, Argjend Mustafa brachte den Aufsteiger wieder mit 3:2 in Front, doch Karben wehrte sich, kam durch Thomas Schmidt Isermann in der 83.Minute zum 3:3-Ausgleich und profitierte nur eine Minute sp\u00e4ter von einem Eigentor von Kosovas Danso Calab, was den 4:3-Endstand und den Sieg f\u00fcr den FC Karben bedeutete.<\/p>\n<p>Am Sonntag empf\u00e4ngt Kosova den Aufsteiger FC Olympia Fauerbach, ehe es dann am Mittwoch in der ersten Runde des Kreispokals zum MKSV Makedonija geht.<\/p>\n<h4>Schiedsrichter: Erik Willemsen (FT Wiesbaden). Zuschauer: k.A.<\/h4>\n<h4>Tore: 0:1 Flakron Thaci (16.), 0:2 Flakron Thaci (52.), 1.2 Luca Hannig (63.), 2:2 Luca Hannig (69.), 2:3 Argjend Mustafa (80.), 3:3 Thomas Schmidt Isermann (83.), 4:3 Danso Calab (84., Eigentor)<\/h4>\n","protected":false},"excerpt":{"rendered":"<p>F\u00fcr den FC Kosova waren im Ausw\u00e4rtsspiel beim FC Karben schon Punkte in Sicht, ehe der in Unterzahl spielende Gastgeber durch ein Eigentor von Kosova noch zu einem gl\u00fccklichen 4:3-Sieg kam. FC Karben &#8211; FC Kosova 4:3 (0:1) Der FC Kosova verpasste es, beim FC Karben f\u00fcr eine \u00dcberraschung zu sorgen und verlor ungl\u00fccklich mit [&hellip;]<\/p>\n","protected":false},"author":3,"featured_media":23999,"comment_status":"closed","ping_status":"open","sticky":true,"template":"","format":"standard","meta":{"footnotes":""},"categories":[13],"tags":[],"class_list":["post-27355","post","type-post","status-publish","format-standard","has-post-thumbnail","hentry","category-gruppenliga-frankfurt-west"],"_links":{"self":[{"href":"https:\/\/insideamateurfussball-ffm.de\/index.php?rest_route=\/wp\/v2\/posts\/27355","targetHints":{"allow":["GET"]}}],"collection":[{"href":"https:\/\/insideamateurfussball-ffm.de\/index.php?rest_route=\/wp\/v2\/posts"}],"about":[{"href":"https:\/\/insideamateurfussball-ffm.de\/index.php?rest_route=\/wp\/v2\/types\/post"}],"author":[{"embeddable":true,"href":"https:\/\/insideamateurfussball-ffm.de\/index.php?rest_route=\/wp\/v2\/users\/3"}],"replies":[{"embeddable":true,"href":"https:\/\/insideamateurfussball-ffm.de\/index.php?rest_route=%2Fwp%2Fv2%2Fcomments&post=27355"}],"version-history":[{"count":2,"href":"https:\/\/insideamateurfussball-ffm.de\/index.php?rest_route=\/wp\/v2\/posts\/27355\/revisions"}],"predecessor-version":[{"id":27357,"href":"https:\/\/insideamateurfussball-ffm.de\/index.php?rest_route=\/wp\/v2\/posts\/27355\/revisions\/27357"}],"wp:featuredmedia":[{"embeddable":true,"href":"https:\/\/insideamateurfussball-ffm.de\/index.php?rest_route=\/wp\/v2\/media\/23999"}],"wp:attachment":[{"href":"https:\/\/insideamateurfussball-ffm.de\/index.php?rest_route=%2Fwp%2Fv2%2Fmedia&parent=27355"}],"wp:term":[{"taxonomy":"category","embeddable":true,"href":"https:\/\/insideamateurfussball-ffm.de\/index.php?rest_route=%2Fwp%2Fv2%2Fcategories&post=27355"},{"taxonomy":"post_tag","embeddable":true,"href":"https:\/\/insideamateurfussball-ffm.de\/index.php?rest_route=%2Fwp%2Fv2%2Ftags&post=27355"}],"curies":[{"name":"wp","href":"https:\/\/api.w.org\/{rel}","templated":true}]}}