{"id":27347,"date":"2025-08-22T14:53:31","date_gmt":"2025-08-22T13:53:31","guid":{"rendered":"https:\/\/insideamateurfussball-ffm.de\/?p=27347"},"modified":"2025-08-22T14:53:31","modified_gmt":"2025-08-22T13:53:31","slug":"bosnier-weiter-auf-erfolgskurs","status":"publish","type":"post","link":"https:\/\/insideamateurfussball-ffm.de\/?p=27347","title":{"rendered":"Bosnier weiter auf Erfolgskurs"},"content":{"rendered":"<h4>Auch im vierten Spiel der Saison konnte der SV Bosnien\/Herzegowina einen Sieg einfahren, beim FV Stierstadt gewann man nach einer guten Leistung \u00fcberlegen und klar mit 5:1.<\/h4>\n<figure id=\"attachment_27348\" aria-describedby=\"caption-attachment-27348\" style=\"width: 886px\" class=\"wp-caption alignnone\"><img loading=\"lazy\" decoding=\"async\" class=\"wp-image-27348 size-full\" src=\"http:\/\/insideamateurfussball-ffm.de\/wp-content\/uploads\/2025\/08\/bosn77.jpg\" alt=\"\" width=\"886\" height=\"670\" srcset=\"https:\/\/insideamateurfussball-ffm.de\/wp-content\/uploads\/2025\/08\/bosn77.jpg 886w, https:\/\/insideamateurfussball-ffm.de\/wp-content\/uploads\/2025\/08\/bosn77-300x227.jpg 300w, https:\/\/insideamateurfussball-ffm.de\/wp-content\/uploads\/2025\/08\/bosn77-768x581.jpg 768w\" sizes=\"auto, (max-width: 886px) 100vw, 886px\" \/><figcaption id=\"caption-attachment-27348\" class=\"wp-caption-text\">Viertes Spiel &#8211; Vierter Sieg, die Bosnier bleiben auf Erfolgskurs. Foto: Archiv Mithat G\u00fcrser<\/figcaption><\/figure>\n<h4>FV Stierstadt &#8211; SV Bosnien\/Herzegowina 1:5 (0:1)<\/h4>\n<p><img loading=\"lazy\" decoding=\"async\" class=\"alignnone size-full wp-image-3054\" src=\"http:\/\/insideamateurfussball-ffm.de\/wp-content\/uploads\/2022\/10\/Stierstadt.png\" alt=\"\" width=\"80\" height=\"80\" \/><img loading=\"lazy\" decoding=\"async\" class=\"alignnone size-full wp-image-139\" src=\"http:\/\/insideamateurfussball-ffm.de\/wp-content\/uploads\/2022\/05\/Bosnien.jpg\" alt=\"\" width=\"79\" height=\"80\" \/><\/p>\n<p>Der SV Bosnien\/Herzegowina setzt sich weiterhin in der Spitzengruppe der Gruppenliga fest und verteidigte seinen zweiten Tabellenplatz hinter der Spvgg. 05 Oberrad. Zum Spielverlauf sagte Bosniens Pressesprecher Admir Malohodzic kurz und trocken. \u201edas Ergebnis sagt alles\u201c. Der FV Stierstadt war in der ersten Halbzeit fast nur in der Defensive, in die er von den G\u00e4sten gedr\u00fcckt wurde, die Mannschaft der Gastgeber verteidigte aber gut und lie\u00df die Bosnier kaum zu klaren Gelegenheiten kommen. Nachdem die Bosnier in der 42.Minute verletzungsbedingt Adis Hasecic durch Urlaubsr\u00fcckkehrer Almir Ziga ersetzen mussten, konnten die G\u00e4ste zu einem denkbar g\u00fcnstigen Zeitpunkt doch noch die F\u00fchrung erzielen, Almir Derdemez erzielte mit seinem f\u00fcnften Saisontor in der 43.Minute das 1:0, mit dem es auch in die Pause ging.<\/p>\n<p>Auch in der zweiten Halbzeit, in der die G\u00e4ste befreiter aufspielten, war es ein Spiel auf ein Tor, der eingewechselte Ziga konnte in der 50.Minute mit einem Kopfball auf 2:0 erh\u00f6hen. Malohodzic: \u201ceinziges Manko war der vermeidbare Gegentreffer\u201c. In der 56.Minute erlief Stierstadts Goalgetter Tim Pelka einen zu kurzen R\u00fcckpass und konnte den Anschlusstreffer zum 1:2 erzielen. Das \u00e4nderte aber nichts am Spielgeschehen, schon 4 Minuten sp\u00e4ter war Ziga mit seinem zweiten Kopfballtor zur Stelle (60.Minute) und erh\u00f6hte auf 3:1.<\/p>\n<p>Mit seinem 6.Saisontor in der 73.Minute zum 4:1 \u00fcberholte Almir Derdemez in der Torsch\u00fctzenliste jetzt Boubacar Dialiba Diabang, der es bis jetzt auf 5 Tore brachte, den Schlusspunkt zum 5:1 setzte dann Selim Zuma in der 76.Minute. Malohodzic: \u201ees war eine gute Leistung von uns und ein verdienter Sieg.\u201c<\/p>\n<p>Am Sonntag geht es dann weiter mit einem Heimspiel gegen den VfL Germania 94.<\/p>\n<h4>Schiedsrichter: Taner G\u00f6kcer (SKV B\u00fcttelborn). Zuschauer: 80.<\/h4>\n<h4>Tore: 0:1 Almir Derdemez (43.), 0:2 Almir Ziga (50.), 1:2 Tim Pelka (56.), 1:3 Almir Ziga (60.), 1:4 Almir Derdemez (73.), 1:5 Selim Zuna (76.)<\/h4>\n","protected":false},"excerpt":{"rendered":"<p>Auch im vierten Spiel der Saison konnte der SV Bosnien\/Herzegowina einen Sieg einfahren, beim FV Stierstadt gewann man nach einer guten Leistung \u00fcberlegen und klar mit 5:1. FV Stierstadt &#8211; SV Bosnien\/Herzegowina 1:5 (0:1) Der SV Bosnien\/Herzegowina setzt sich weiterhin in der Spitzengruppe der Gruppenliga fest und verteidigte seinen zweiten Tabellenplatz hinter der Spvgg. 05 [&hellip;]<\/p>\n","protected":false},"author":3,"featured_media":27348,"comment_status":"closed","ping_status":"open","sticky":true,"template":"","format":"standard","meta":{"footnotes":""},"categories":[13],"tags":[],"class_list":["post-27347","post","type-post","status-publish","format-standard","has-post-thumbnail","hentry","category-gruppenliga-frankfurt-west"],"_links":{"self":[{"href":"https:\/\/insideamateurfussball-ffm.de\/index.php?rest_route=\/wp\/v2\/posts\/27347","targetHints":{"allow":["GET"]}}],"collection":[{"href":"https:\/\/insideamateurfussball-ffm.de\/index.php?rest_route=\/wp\/v2\/posts"}],"about":[{"href":"https:\/\/insideamateurfussball-ffm.de\/index.php?rest_route=\/wp\/v2\/types\/post"}],"author":[{"embeddable":true,"href":"https:\/\/insideamateurfussball-ffm.de\/index.php?rest_route=\/wp\/v2\/users\/3"}],"replies":[{"embeddable":true,"href":"https:\/\/insideamateurfussball-ffm.de\/index.php?rest_route=%2Fwp%2Fv2%2Fcomments&post=27347"}],"version-history":[{"count":2,"href":"https:\/\/insideamateurfussball-ffm.de\/index.php?rest_route=\/wp\/v2\/posts\/27347\/revisions"}],"predecessor-version":[{"id":27350,"href":"https:\/\/insideamateurfussball-ffm.de\/index.php?rest_route=\/wp\/v2\/posts\/27347\/revisions\/27350"}],"wp:featuredmedia":[{"embeddable":true,"href":"https:\/\/insideamateurfussball-ffm.de\/index.php?rest_route=\/wp\/v2\/media\/27348"}],"wp:attachment":[{"href":"https:\/\/insideamateurfussball-ffm.de\/index.php?rest_route=%2Fwp%2Fv2%2Fmedia&parent=27347"}],"wp:term":[{"taxonomy":"category","embeddable":true,"href":"https:\/\/insideamateurfussball-ffm.de\/index.php?rest_route=%2Fwp%2Fv2%2Fcategories&post=27347"},{"taxonomy":"post_tag","embeddable":true,"href":"https:\/\/insideamateurfussball-ffm.de\/index.php?rest_route=%2Fwp%2Fv2%2Ftags&post=27347"}],"curies":[{"name":"wp","href":"https:\/\/api.w.org\/{rel}","templated":true}]}}