{"id":27345,"date":"2025-08-22T14:27:42","date_gmt":"2025-08-22T13:27:42","guid":{"rendered":"https:\/\/insideamateurfussball-ffm.de\/?p=27345"},"modified":"2025-08-22T14:27:42","modified_gmt":"2025-08-22T13:27:42","slug":"tempo-bleibt-weiter-ungeschlagen","status":"publish","type":"post","link":"https:\/\/insideamateurfussball-ffm.de\/?p=27345","title":{"rendered":"Tempo bleibt weiter ungeschlagen"},"content":{"rendered":"<h4>Der FC Tempo bleibt in der Gruppenliga mit 10 Punkten aus 4 Spielen weiter ungeschlagen, beim Aufsteiger FSG Burg-Gr\u00e4fenrode musste man sich diesmal mit einem torlosen 0:0 zufriedengeben.<\/h4>\n<figure id=\"attachment_27114\" aria-describedby=\"caption-attachment-27114\" style=\"width: 2016px\" class=\"wp-caption alignnone\"><img loading=\"lazy\" decoding=\"async\" class=\"wp-image-27114 size-full\" src=\"http:\/\/insideamateurfussball-ffm.de\/wp-content\/uploads\/2025\/08\/graefenrodekosova00.jpg\" alt=\"\" width=\"2016\" height=\"1512\" srcset=\"https:\/\/insideamateurfussball-ffm.de\/wp-content\/uploads\/2025\/08\/graefenrodekosova00.jpg 2016w, https:\/\/insideamateurfussball-ffm.de\/wp-content\/uploads\/2025\/08\/graefenrodekosova00-300x225.jpg 300w, https:\/\/insideamateurfussball-ffm.de\/wp-content\/uploads\/2025\/08\/graefenrodekosova00-1024x768.jpg 1024w, https:\/\/insideamateurfussball-ffm.de\/wp-content\/uploads\/2025\/08\/graefenrodekosova00-768x576.jpg 768w, https:\/\/insideamateurfussball-ffm.de\/wp-content\/uploads\/2025\/08\/graefenrodekosova00-1536x1152.jpg 1536w\" sizes=\"auto, (max-width: 2016px) 100vw, 2016px\" \/><figcaption id=\"caption-attachment-27114\" class=\"wp-caption-text\">Im Spiel des FC Tempo bei der FSG Burg-Gr\u00e4fenrode gab es keine Tore. Foto: Archiv MZ<\/figcaption><\/figure>\n<h4>FSG Burg-Gr\u00e4fenrode &#8211; FC Tempo 0:0<\/h4>\n<p><img loading=\"lazy\" decoding=\"async\" class=\"alignnone size-full wp-image-1337\" src=\"http:\/\/insideamateurfussball-ffm.de\/wp-content\/uploads\/2022\/07\/FSGB.png\" alt=\"\" width=\"80\" height=\"80\" \/><img loading=\"lazy\" decoding=\"async\" class=\"alignnone size-full wp-image-31\" src=\"http:\/\/insideamateurfussball-ffm.de\/wp-content\/uploads\/2021\/11\/Tempo.jpg\" alt=\"\" width=\"80\" height=\"80\" \/><\/p>\n<p>Dem FC Tempo ist es nicht gelungen, den vierten Startsieg einzufahren, beim Aufsteiger FSG Burg-Gr\u00e4fenrode konnte man seine Ungeschlagen-Serie aber fortsetzen, am Ende gab es ein 0:0-Unentschieden. Tempos Sportlicher Leiter Zoran Marcetic: \u201ewir haben die erste H\u00e4lfte verschlafen und sind nicht ins Spiel gekommen. In der zweiten Halbzeit war es dann ein Spiel auf ein Tor mit 6 hundertprozentigen Torchancen f\u00fcr uns, aber manchmal gibt es so Spiele, da gehen die Dinger nicht rein und man muss mit dem Punkt zufrieden sein. Irgendwann kommt das Gl\u00fcck wieder, heute hat vor allen Dingen in der zweiten Halbzeit das Qu\u00e4ntchen Gl\u00fcck gefehlt.\u201c<\/p>\n<p>Mit 10 Punkten aus 4 Spielen ist der FC Tempo aber sehr gut gestartet, am kommenden Sonntag geht es dann in Ginnheim gegen die FG Seckbach, ehe es im Pokal am Donnerstag zur SG Harheim 1946 geht.<\/p>\n<h4>Schiedsrichter: Rick Burkard (Spvgg. Seligenstadt). Zuschauer: 120.<\/h4>\n<h4>Tore: Fehlanzeige<\/h4>\n","protected":false},"excerpt":{"rendered":"<p>Der FC Tempo bleibt in der Gruppenliga mit 10 Punkten aus 4 Spielen weiter ungeschlagen, beim Aufsteiger FSG Burg-Gr\u00e4fenrode musste man sich diesmal mit einem torlosen 0:0 zufriedengeben. FSG Burg-Gr\u00e4fenrode &#8211; FC Tempo 0:0 Dem FC Tempo ist es nicht gelungen, den vierten Startsieg einzufahren, beim Aufsteiger FSG Burg-Gr\u00e4fenrode konnte man seine Ungeschlagen-Serie aber fortsetzen, [&hellip;]<\/p>\n","protected":false},"author":3,"featured_media":27114,"comment_status":"closed","ping_status":"open","sticky":true,"template":"","format":"standard","meta":{"footnotes":""},"categories":[13],"tags":[],"class_list":["post-27345","post","type-post","status-publish","format-standard","has-post-thumbnail","hentry","category-gruppenliga-frankfurt-west"],"_links":{"self":[{"href":"https:\/\/insideamateurfussball-ffm.de\/index.php?rest_route=\/wp\/v2\/posts\/27345","targetHints":{"allow":["GET"]}}],"collection":[{"href":"https:\/\/insideamateurfussball-ffm.de\/index.php?rest_route=\/wp\/v2\/posts"}],"about":[{"href":"https:\/\/insideamateurfussball-ffm.de\/index.php?rest_route=\/wp\/v2\/types\/post"}],"author":[{"embeddable":true,"href":"https:\/\/insideamateurfussball-ffm.de\/index.php?rest_route=\/wp\/v2\/users\/3"}],"replies":[{"embeddable":true,"href":"https:\/\/insideamateurfussball-ffm.de\/index.php?rest_route=%2Fwp%2Fv2%2Fcomments&post=27345"}],"version-history":[{"count":1,"href":"https:\/\/insideamateurfussball-ffm.de\/index.php?rest_route=\/wp\/v2\/posts\/27345\/revisions"}],"predecessor-version":[{"id":27346,"href":"https:\/\/insideamateurfussball-ffm.de\/index.php?rest_route=\/wp\/v2\/posts\/27345\/revisions\/27346"}],"wp:featuredmedia":[{"embeddable":true,"href":"https:\/\/insideamateurfussball-ffm.de\/index.php?rest_route=\/wp\/v2\/media\/27114"}],"wp:attachment":[{"href":"https:\/\/insideamateurfussball-ffm.de\/index.php?rest_route=%2Fwp%2Fv2%2Fmedia&parent=27345"}],"wp:term":[{"taxonomy":"category","embeddable":true,"href":"https:\/\/insideamateurfussball-ffm.de\/index.php?rest_route=%2Fwp%2Fv2%2Fcategories&post=27345"},{"taxonomy":"post_tag","embeddable":true,"href":"https:\/\/insideamateurfussball-ffm.de\/index.php?rest_route=%2Fwp%2Fv2%2Ftags&post=27345"}],"curies":[{"name":"wp","href":"https:\/\/api.w.org\/{rel}","templated":true}]}}