{"id":27312,"date":"2025-08-21T11:44:09","date_gmt":"2025-08-21T10:44:09","guid":{"rendered":"https:\/\/insideamateurfussball-ffm.de\/?p=27312"},"modified":"2025-08-21T11:44:09","modified_gmt":"2025-08-21T10:44:09","slug":"kalbachs-aufholjagd-vergeblich","status":"publish","type":"post","link":"https:\/\/insideamateurfussball-ffm.de\/?p=27312","title":{"rendered":"Kalbachs Aufholjagd vergeblich"},"content":{"rendered":"<h4>Auch gegen Germania Ober-Roden musste der FC Kalbach Gegentore nach eigenen Fehlern schlucken, die Aufholjagd gegen Germania Ober-Roden kam zu sp\u00e4t, der Verbandsliga-Aufsteiger unterlag am Ende mit 2:3.<\/h4>\n<figure id=\"attachment_21072\" aria-describedby=\"caption-attachment-21072\" style=\"width: 1417px\" class=\"wp-caption alignnone\"><img loading=\"lazy\" decoding=\"async\" class=\"wp-image-21072 size-full\" src=\"http:\/\/insideamateurfussball-ffm.de\/wp-content\/uploads\/2024\/09\/germ6.jpg\" alt=\"\" width=\"1417\" height=\"1043\" srcset=\"https:\/\/insideamateurfussball-ffm.de\/wp-content\/uploads\/2024\/09\/germ6.jpg 1417w, https:\/\/insideamateurfussball-ffm.de\/wp-content\/uploads\/2024\/09\/germ6-300x221.jpg 300w, https:\/\/insideamateurfussball-ffm.de\/wp-content\/uploads\/2024\/09\/germ6-1024x754.jpg 1024w, https:\/\/insideamateurfussball-ffm.de\/wp-content\/uploads\/2024\/09\/germ6-768x565.jpg 768w\" sizes=\"auto, (max-width: 1417px) 100vw, 1417px\" \/><figcaption id=\"caption-attachment-21072\" class=\"wp-caption-text\">Germania Ober-Rodens Trainer Fabian B\u00e4cker konnte sich \u00fcber einen Sieg seiner Mannschaft in Kalbach freuen. Foto: Archiv Mithat G\u00fcrser.<\/figcaption><\/figure>\n<h4>FC Kalbach &#8211; Germania Ober-Roden 2:3 (0:1)<\/h4>\n<p><img loading=\"lazy\" decoding=\"async\" class=\"alignnone size-full wp-image-16\" src=\"http:\/\/insideamateurfussball-ffm.de\/wp-content\/uploads\/2021\/11\/kalbach-wappen.jpg\" alt=\"\" width=\"80\" height=\"80\" \/><img loading=\"lazy\" decoding=\"async\" class=\"alignnone size-full wp-image-258\" src=\"http:\/\/insideamateurfussball-ffm.de\/wp-content\/uploads\/2022\/05\/GermOR.jpg\" alt=\"\" width=\"80\" height=\"78\" \/><\/p>\n<p>Kalbachs Vorstandsmitglied Manni Meyer war nach dem Schlusspfiff frustriert: \u201ewie in dem vorherigen Spielen schenken wir dem Gegner die Tore und verlieren das Spiel.\u201c Schon in der 1.Minute geraten die Kalbacher gegen die Germania aus Ober-Roden mit 0:1 in R\u00fcckstand, beim Spielaufbau durch Torwart Fabian Lanthaler durch die Mitte erobern sich die G\u00e4ste den Ball, der bei Marc Z\u00fcge und schlie\u00dflich zum fr\u00fchen R\u00fcckstand in den eigenen Maschen landet. Ein herber R\u00fcckschlag f\u00fcr den Aufsteiger, der sich nach dem ersten Punktgewinn in Seligenstadt einiges vorgenommen hatte.<\/p>\n<p>Die G\u00e4ste waren im Spiel laut Meyer \u201egalliger und k\u00e4mpferisch st\u00e4rker und lie\u00dfen uns nicht ins Spiel kommen\u201c. Torwart Lanthaler musste mit einer Glanztat einen h\u00f6heren R\u00fcckstand zur Pause verhindern. In der zweiten Halbzeit dasselbe Bild, wieder luden die Gastgeber den Gegner durch einen misslungenen Spielaufbau vom Torwart aus ein, und es war wieder Marc Z\u00fcge in der 61.Minute, der den Ball zum 0:2 einschie\u00dfen konnte. Und in der 75.Minute erh\u00f6hte Ober-Roden durch Abdulrahman Sancak auf 3:0, Manni Meyer: \u201ebis auf das 3:0 haben sich die G\u00e4ste kaum einige Chancen erspielt.\u201c Die Aufholjagd der Kalbacher begann zu sp\u00e4t, in der 84.Minute konnte Shuto Ishino aus dem Gew\u00fchl das 1:3 erzielen, ehe Ober-Roden in der 87.Minute einen Elfmeter erhielt.<\/p>\n<p>Beim ersten Versuch, der im Tor landete, schoss sich Sancak selbst an, deshalb wurde der Strafsto\u00df wiederholt, Fabian Lanthaler konnte den zweiten Versuch parieren. Und in der dritten Minute erhielten die Gastgeber einen Strafsto\u00df, den Ricardo Harrabi zum Anschlusstreffer zum 2:3 nutzen konnte, aber die letzten zwei Minuten brachten die G\u00e4ste den Sieg \u00fcber die Zeit. Meyer: \u201ewir gratulieren Ober-Roden, sie haben verdient gewonnen, weil sie unsere Fehler gnadenlos ausgenutzt haben.\u201c<\/p>\n<p>Die Kalbacher haben damit nach den ersten vier Spielen nur einen Punkt erzielt und haben am Wochenende die n\u00e4chste Chance auf drei Punkte gegen den SC Dortelweil.<\/p>\n<h4>Schiedsrichter: Julien Scherthan (SV 07 Bischofsheim). Zuschauer: 60.<\/h4>\n<h4>Tore: 0:1 Marc Z\u00fcge (1.), 0:2 Marc Z\u00fcge (61.), 0:3 Abdulrahman Sancak (75.), 1:3 Shuto Ishino (84.), 2:3 Ricardo Harrabi (90.+3, Elfmeter)<\/h4>\n","protected":false},"excerpt":{"rendered":"<p>Auch gegen Germania Ober-Roden musste der FC Kalbach Gegentore nach eigenen Fehlern schlucken, die Aufholjagd gegen Germania Ober-Roden kam zu sp\u00e4t, der Verbandsliga-Aufsteiger unterlag am Ende mit 2:3. FC Kalbach &#8211; Germania Ober-Roden 2:3 (0:1) Kalbachs Vorstandsmitglied Manni Meyer war nach dem Schlusspfiff frustriert: \u201ewie in dem vorherigen Spielen schenken wir dem Gegner die Tore [&hellip;]<\/p>\n","protected":false},"author":3,"featured_media":21072,"comment_status":"closed","ping_status":"open","sticky":true,"template":"","format":"standard","meta":{"footnotes":""},"categories":[10],"tags":[],"class_list":["post-27312","post","type-post","status-publish","format-standard","has-post-thumbnail","hentry","category-verbandsliga-sued"],"_links":{"self":[{"href":"https:\/\/insideamateurfussball-ffm.de\/index.php?rest_route=\/wp\/v2\/posts\/27312","targetHints":{"allow":["GET"]}}],"collection":[{"href":"https:\/\/insideamateurfussball-ffm.de\/index.php?rest_route=\/wp\/v2\/posts"}],"about":[{"href":"https:\/\/insideamateurfussball-ffm.de\/index.php?rest_route=\/wp\/v2\/types\/post"}],"author":[{"embeddable":true,"href":"https:\/\/insideamateurfussball-ffm.de\/index.php?rest_route=\/wp\/v2\/users\/3"}],"replies":[{"embeddable":true,"href":"https:\/\/insideamateurfussball-ffm.de\/index.php?rest_route=%2Fwp%2Fv2%2Fcomments&post=27312"}],"version-history":[{"count":2,"href":"https:\/\/insideamateurfussball-ffm.de\/index.php?rest_route=\/wp\/v2\/posts\/27312\/revisions"}],"predecessor-version":[{"id":27315,"href":"https:\/\/insideamateurfussball-ffm.de\/index.php?rest_route=\/wp\/v2\/posts\/27312\/revisions\/27315"}],"wp:featuredmedia":[{"embeddable":true,"href":"https:\/\/insideamateurfussball-ffm.de\/index.php?rest_route=\/wp\/v2\/media\/21072"}],"wp:attachment":[{"href":"https:\/\/insideamateurfussball-ffm.de\/index.php?rest_route=%2Fwp%2Fv2%2Fmedia&parent=27312"}],"wp:term":[{"taxonomy":"category","embeddable":true,"href":"https:\/\/insideamateurfussball-ffm.de\/index.php?rest_route=%2Fwp%2Fv2%2Fcategories&post=27312"},{"taxonomy":"post_tag","embeddable":true,"href":"https:\/\/insideamateurfussball-ffm.de\/index.php?rest_route=%2Fwp%2Fv2%2Ftags&post=27312"}],"curies":[{"name":"wp","href":"https:\/\/api.w.org\/{rel}","templated":true}]}}