{"id":27301,"date":"2025-08-19T14:12:00","date_gmt":"2025-08-19T13:12:00","guid":{"rendered":"https:\/\/insideamateurfussball-ffm.de\/?p=27301"},"modified":"2025-08-22T21:15:32","modified_gmt":"2025-08-22T20:15:32","slug":"viktoria-preussen-holt-ersten-dreier","status":"publish","type":"post","link":"https:\/\/insideamateurfussball-ffm.de\/?p=27301","title":{"rendered":"Viktoria Preu\u00dfen holt ersten Dreier"},"content":{"rendered":"<h4>Nachdem der Klassenerhalt erst in der Relegation erreicht wurde, startete der SV Viktoria Preu\u00dfen mit Niederlagen gegen den SV 07 Heddernheim (1:2) und bei der SG Harheim (0:2) in die neue Saison. Gegen den weiter punktlosen FC Posavina gelang dem Team von Trainer Artur Rissling dann mit dem 4:2-Heimsieg der erste Dreier.<\/h4>\n<figure id=\"attachment_27302\" aria-describedby=\"caption-attachment-27302\" style=\"width: 896px\" class=\"wp-caption alignnone\"><img loading=\"lazy\" decoding=\"async\" class=\"wp-image-27302\" src=\"http:\/\/insideamateurfussball-ffm.de\/wp-content\/uploads\/2025\/08\/ginh5-3.jpg\" alt=\"\" width=\"896\" height=\"609\" srcset=\"https:\/\/insideamateurfussball-ffm.de\/wp-content\/uploads\/2025\/08\/ginh5-3.jpg 886w, https:\/\/insideamateurfussball-ffm.de\/wp-content\/uploads\/2025\/08\/ginh5-3-300x204.jpg 300w, https:\/\/insideamateurfussball-ffm.de\/wp-content\/uploads\/2025\/08\/ginh5-3-768x522.jpg 768w\" sizes=\"auto, (max-width: 896px) 100vw, 896px\" \/><figcaption id=\"caption-attachment-27302\" class=\"wp-caption-text\">Der SV Viktoria Preu\u00dfen konnte wieder jubeln. Foto: Archiv Mithat G\u00fcrser.<\/figcaption><\/figure>\n<h4>SV Viktoria Preu\u00dfen &#8211; FC Posavina 4:2 (3:1)<\/h4>\n<p><img loading=\"lazy\" decoding=\"async\" class=\"alignnone size-full wp-image-12\" src=\"http:\/\/insideamateurfussball-ffm.de\/wp-content\/uploads\/2021\/11\/preussen.jpg\" alt=\"\" width=\"72\" height=\"80\" \/><img loading=\"lazy\" decoding=\"async\" class=\"alignnone size-full wp-image-22\" src=\"http:\/\/insideamateurfussball-ffm.de\/wp-content\/uploads\/2021\/11\/posavina.jpg\" alt=\"\" width=\"63\" height=\"80\" \/><\/p>\n<p>Heimtrainer Artur Rissling sprach von einem &#8222;verdienten Sieg, wir hatten aber auch eine Phase, die wir \u00fcberstehen mussten. Da h\u00e4tte auch Posavina das 3:3 machen k\u00f6nnen. Ansonsten war das endlich der erste Dreier mit der neuformierten Mannschaft. Das war sehr wichtig f\u00fcr das Selbstbewusstsein.&#8220; Die Platzherren spielten das 1:0 durch Ilias Dini (16.) sch\u00f6n heraus, das 2:0 durch Routinier Maik Wagner war ein direkter Eckball (28.).<\/p>\n<p>Aber auch Posavinas Routinier Mato Djukic zeigte beim 2:1 (30.), dass er weiter f\u00fcr wichtige Tore gut ist. Die Preu\u00dfen stellten aber schnell mit Yafet Estifanos (35.) den alten Abstand wieder her. Nach dem Seitenwechsel b\u00e4umten sich die Kroaten vom Riederwald erneut auf und wieder war es Djukic, der zum 3:2 traf (65.). Die folgende Phase mit langen B\u00e4llen \u00fcberstanden die Gastgeber. F\u00fcr die Entscheidung sorgte der wie Trainer Rissling vom SV Niederursel zur\u00fcckgekehrte Oskar Copik mit einem Konter (86.).<\/p>\n<blockquote>\n<h4>Im Kreispokal in Praunheim<\/h4>\n<\/blockquote>\n<p>In der Nachspielzeit kassierte Posavinas Antonio Milicevic noch die Gelb-Rote Karte (90.\/+2). &#8222;Wir sortieren uns und finden uns langsam. Mit einem Sieg in der Tasche ist es einfacher in der Saison anzukommen&#8220;, so Rissling. Zun\u00e4chst wartet am Donnerstag die Aufgabe im Kreispokal bei A-Ligist SG Praunheim (20 Uhr), dann geht es zum KOL-Aufsteiger am Sonntag zur GSU Hellas. Posavina hatte zu Beginn auch urlaubsbedingt zwei b\u00f6se Schlappen erlitten &#8211; 2:6 bei Germania Enkheim und 1:5 gegen Germania Ginnheim.<\/p>\n<p>Im Spiel bei den Preu\u00dfen hatte man fr\u00fch Pech, denn zweimal traf Posavina das Aluminium. Auf der seit dieser Saison topaktuellen Instagram-Seite des Vereins wird der Mannschaft von Trainer Danijel Koturic Mut f\u00fcr das anstehende Heimspiel am Sonntag gegen die ebenfalls noch punktlose Union Niederrad gemacht: &#8222;Kopf hoch, zu Hause gegen Niederrad greifen wir an, wollen Punkte holen.&#8220;<\/p>\n<blockquote>\n<h4>Schiedsrichter: Torben Nothnagel (TSG Wixhausen). Zuschauer: 50.<\/h4>\n<h4>Tore: 1:0 Ilias Dini (16.), 2:0 Maik Wagner (28.), 2:1 Mato Djukic (30.), 3:1 Yafet Estifanos (35.), 3:2 Mato Djukic (65.), 4:2 Oskar Copik (86.).<\/h4>\n<\/blockquote>\n","protected":false},"excerpt":{"rendered":"<p>Nachdem der Klassenerhalt erst in der Relegation erreicht wurde, startete der SV Viktoria Preu\u00dfen mit Niederlagen gegen den SV 07 Heddernheim (1:2) und bei der SG Harheim (0:2) in die neue Saison. Gegen den weiter punktlosen FC Posavina gelang dem Team von Trainer Artur Rissling dann mit dem 4:2-Heimsieg der erste Dreier. SV Viktoria Preu\u00dfen [&hellip;]<\/p>\n","protected":false},"author":1,"featured_media":27302,"comment_status":"open","ping_status":"open","sticky":true,"template":"","format":"standard","meta":{"footnotes":""},"categories":[2],"tags":[],"class_list":["post-27301","post","type-post","status-publish","format-standard","has-post-thumbnail","hentry","category-kreisoberliga-frankfurt"],"_links":{"self":[{"href":"https:\/\/insideamateurfussball-ffm.de\/index.php?rest_route=\/wp\/v2\/posts\/27301","targetHints":{"allow":["GET"]}}],"collection":[{"href":"https:\/\/insideamateurfussball-ffm.de\/index.php?rest_route=\/wp\/v2\/posts"}],"about":[{"href":"https:\/\/insideamateurfussball-ffm.de\/index.php?rest_route=\/wp\/v2\/types\/post"}],"author":[{"embeddable":true,"href":"https:\/\/insideamateurfussball-ffm.de\/index.php?rest_route=\/wp\/v2\/users\/1"}],"replies":[{"embeddable":true,"href":"https:\/\/insideamateurfussball-ffm.de\/index.php?rest_route=%2Fwp%2Fv2%2Fcomments&post=27301"}],"version-history":[{"count":2,"href":"https:\/\/insideamateurfussball-ffm.de\/index.php?rest_route=\/wp\/v2\/posts\/27301\/revisions"}],"predecessor-version":[{"id":27367,"href":"https:\/\/insideamateurfussball-ffm.de\/index.php?rest_route=\/wp\/v2\/posts\/27301\/revisions\/27367"}],"wp:featuredmedia":[{"embeddable":true,"href":"https:\/\/insideamateurfussball-ffm.de\/index.php?rest_route=\/wp\/v2\/media\/27302"}],"wp:attachment":[{"href":"https:\/\/insideamateurfussball-ffm.de\/index.php?rest_route=%2Fwp%2Fv2%2Fmedia&parent=27301"}],"wp:term":[{"taxonomy":"category","embeddable":true,"href":"https:\/\/insideamateurfussball-ffm.de\/index.php?rest_route=%2Fwp%2Fv2%2Fcategories&post=27301"},{"taxonomy":"post_tag","embeddable":true,"href":"https:\/\/insideamateurfussball-ffm.de\/index.php?rest_route=%2Fwp%2Fv2%2Ftags&post=27301"}],"curies":[{"name":"wp","href":"https:\/\/api.w.org\/{rel}","templated":true}]}}