{"id":273,"date":"2022-05-17T15:49:18","date_gmt":"2022-05-17T15:49:18","guid":{"rendered":"http:\/\/insideamateurfussball-ffm.de\/?p=273"},"modified":"2024-12-17T12:49:46","modified_gmt":"2024-12-17T10:49:46","slug":"nicht-die-signale-bekommen-tekin-hoert-bei-makkabi-auf","status":"publish","type":"post","link":"https:\/\/insideamateurfussball-ffm.de\/?p=273","title":{"rendered":"&#8222;Nicht die Signale bekommen&#8220; &#8211; Tekin h\u00f6rt bei Makkabi auf"},"content":{"rendered":"<p><img loading=\"lazy\" decoding=\"async\" class=\"alignnone size-medium wp-image-274\" src=\"http:\/\/insideamateurfussball-ffm.de\/wp-content\/uploads\/2022\/05\/Tekin-300x200.jpg\" alt=\"\" width=\"300\" height=\"200\" \/><\/p>\n<h5>Makkabis Trainer Hakan Tekin (rechts, neben Pr\u00e4sident Alon Mayer), h\u00f6rt zum Saisonende auf. Foto: Verein.<\/h5>\n<h5><strong><img loading=\"lazy\" decoding=\"async\" class=\"alignnone size-full wp-image-90\" src=\"http:\/\/insideamateurfussball-ffm.de\/wp-content\/uploads\/2022\/05\/makkabi-neu.jpg\" alt=\"\" width=\"80\" height=\"80\" \/><\/strong><\/h5>\n<h5>Nach zw\u00f6lf Jahren in verschiedenen T\u00e4tigkeiten im Verein und \u00fcber drei Jahren als Coach der Ersten Mannschaft k\u00fcndigt Makkabis Trainer Hakan Tekin seinen R\u00fccktritt beim Tabellensechsten zum Saisonende an.<\/h5>\n<p>Der langj\u00e4hrige Makkab\u00e4er f\u00fchrt nach den Gespr\u00e4chen mit dem Vorstand und dem Fu\u00dfball-Abteilungsleiter Roy Rozenek zwei Gr\u00fcnde f\u00fcr seine Entscheidung an. &#8222;Ich habe nicht die erhofften Signale im Hinblick auf die neue Saison bekommen. Meine Vorstellungen waren, den jungen Kader zu verst\u00e4rken um die realistische Chance zu haben, n\u00e4chstes Jahr ganz oben mitzuspielen. Diese tolle junge Mannschaft wollte ich gerne weiter entwickeln.&#8220; Als zweiten Grund f\u00fchrt der UEFA-A-Lizenzinhaber &#8222;die schwache Trainingsbeteiligung in der R\u00fcckrunde&#8220; an. &#8222;Mit zehn Mann im Training kann ich nur verwalten, nicht entwickeln. Von daher jetzt der n\u00f6tige Cut.&#8220; Tekin vermisste zuletzt auch ein Bindeglied zwischen Vorstand und Mannschaft, um beispielsweise organisatorische Dinge wie den Formfehler in Griesheim zu vermeiden. &#8222;Ich bin nun offen f\u00fcr neue Angebote. Langfristig sehe ich mich nicht mehr in der Kreisoberliga, sondern in einer h\u00f6heren Klasse&#8220;, so Tekin, der bei Makkabi Deutschland weiter als Auswahltrainer fungiert. Tekins Nachfolger steht bereits fest. Der Verein wird den neuen Coach in den n\u00e4chsten Tagen der \u00d6ffentlichkeit vorstellen.<\/p>\n","protected":false},"excerpt":{"rendered":"<p>Makkabis Trainer Hakan Tekin (rechts, neben Pr\u00e4sident Alon Mayer), h\u00f6rt zum Saisonende auf. Foto: Verein. Nach zw\u00f6lf Jahren in verschiedenen T\u00e4tigkeiten im Verein und \u00fcber drei Jahren als Coach der Ersten Mannschaft k\u00fcndigt Makkabis Trainer Hakan Tekin seinen R\u00fccktritt beim Tabellensechsten zum Saisonende an. Der langj\u00e4hrige Makkab\u00e4er f\u00fchrt nach den Gespr\u00e4chen mit dem Vorstand und [&hellip;]<\/p>\n","protected":false},"author":1,"featured_media":0,"comment_status":"open","ping_status":"open","sticky":false,"template":"","format":"standard","meta":{"footnotes":""},"categories":[2],"tags":[],"class_list":["post-273","post","type-post","status-publish","format-standard","hentry","category-kreisoberliga-frankfurt"],"_links":{"self":[{"href":"https:\/\/insideamateurfussball-ffm.de\/index.php?rest_route=\/wp\/v2\/posts\/273","targetHints":{"allow":["GET"]}}],"collection":[{"href":"https:\/\/insideamateurfussball-ffm.de\/index.php?rest_route=\/wp\/v2\/posts"}],"about":[{"href":"https:\/\/insideamateurfussball-ffm.de\/index.php?rest_route=\/wp\/v2\/types\/post"}],"author":[{"embeddable":true,"href":"https:\/\/insideamateurfussball-ffm.de\/index.php?rest_route=\/wp\/v2\/users\/1"}],"replies":[{"embeddable":true,"href":"https:\/\/insideamateurfussball-ffm.de\/index.php?rest_route=%2Fwp%2Fv2%2Fcomments&post=273"}],"version-history":[{"count":2,"href":"https:\/\/insideamateurfussball-ffm.de\/index.php?rest_route=\/wp\/v2\/posts\/273\/revisions"}],"predecessor-version":[{"id":276,"href":"https:\/\/insideamateurfussball-ffm.de\/index.php?rest_route=\/wp\/v2\/posts\/273\/revisions\/276"}],"wp:attachment":[{"href":"https:\/\/insideamateurfussball-ffm.de\/index.php?rest_route=%2Fwp%2Fv2%2Fmedia&parent=273"}],"wp:term":[{"taxonomy":"category","embeddable":true,"href":"https:\/\/insideamateurfussball-ffm.de\/index.php?rest_route=%2Fwp%2Fv2%2Fcategories&post=273"},{"taxonomy":"post_tag","embeddable":true,"href":"https:\/\/insideamateurfussball-ffm.de\/index.php?rest_route=%2Fwp%2Fv2%2Ftags&post=273"}],"curies":[{"name":"wp","href":"https:\/\/api.w.org\/{rel}","templated":true}]}}