{"id":27283,"date":"2025-08-20T10:58:57","date_gmt":"2025-08-20T09:58:57","guid":{"rendered":"https:\/\/insideamateurfussball-ffm.de\/?p=27283"},"modified":"2025-08-20T14:11:53","modified_gmt":"2025-08-20T13:11:53","slug":"oberrad-siegt-auch-beim-neuling-in-wehrheim","status":"publish","type":"post","link":"https:\/\/insideamateurfussball-ffm.de\/?p=27283","title":{"rendered":"Oberrad siegt auch beim Neuling in Wehrheim"},"content":{"rendered":"<h4>Vorne &#8222;nur&#8220; zweimal getroffen, aber hinter zum ersten Mal zu Null, die Spvgg. 05 Oberrad verteidigt in einem umk\u00e4mpften Ausw\u00e4rtsspiel beim Neuling SG Wehrheim\/Pfaffenwiesbach mit einem 2:0-Sieg die Tabellenspitze.<\/h4>\n<figure id=\"attachment_27294\" aria-describedby=\"caption-attachment-27294\" style=\"width: 2016px\" class=\"wp-caption alignnone\"><img loading=\"lazy\" decoding=\"async\" class=\"wp-image-27294 size-full\" src=\"http:\/\/insideamateurfussball-ffm.de\/wp-content\/uploads\/2025\/08\/wehrheimoberrad22.jpg\" alt=\"\" width=\"2016\" height=\"1512\" srcset=\"https:\/\/insideamateurfussball-ffm.de\/wp-content\/uploads\/2025\/08\/wehrheimoberrad22.jpg 2016w, https:\/\/insideamateurfussball-ffm.de\/wp-content\/uploads\/2025\/08\/wehrheimoberrad22-300x225.jpg 300w, https:\/\/insideamateurfussball-ffm.de\/wp-content\/uploads\/2025\/08\/wehrheimoberrad22-1024x768.jpg 1024w, https:\/\/insideamateurfussball-ffm.de\/wp-content\/uploads\/2025\/08\/wehrheimoberrad22-768x576.jpg 768w, https:\/\/insideamateurfussball-ffm.de\/wp-content\/uploads\/2025\/08\/wehrheimoberrad22-1536x1152.jpg 1536w\" sizes=\"auto, (max-width: 2016px) 100vw, 2016px\" \/><figcaption id=\"caption-attachment-27294\" class=\"wp-caption-text\">Nach dem Spiel bildeten die Oberr\u00e4der den Siegeskreis um ihren verletzten Mitspieler Dennis Klitscher. Foto: MZ<\/figcaption><\/figure>\n<h4>SG Wehrheim\/Pfaffenwiesbach &#8211; Spvgg. 05 Oberrad 0:2 (0:1)<\/h4>\n<p><img loading=\"lazy\" decoding=\"async\" class=\"alignnone size-full wp-image-27000\" src=\"http:\/\/insideamateurfussball-ffm.de\/wp-content\/uploads\/2025\/08\/logowehrheim.jpeg\" alt=\"\" width=\"80\" height=\"80\" \/><img loading=\"lazy\" decoding=\"async\" class=\"alignnone size-full wp-image-137\" src=\"http:\/\/insideamateurfussball-ffm.de\/wp-content\/uploads\/2022\/05\/Oberrad05.jpg\" alt=\"\" width=\"79\" height=\"80\" \/><\/p>\n<p>Die Spvgg. 05 Oberrad verteidigt am vierten Spieltag zu Beginn der englischen Woche ihre Tabellenf\u00fchrung und siegt mit 2:0 beim Aufsteiger SG Wehrheim\/Pfaffenwiesbach. Der Neuling, mit zwei Niederlagen und 0:9 Toren in die Saison gestartet, begann \u00fcberraschend stark, schon in der 1.Minute musste Oberrads Torh\u00fcter Marc Ingemann Madsen nach einem Schuss der Gastgeber parieren, in der 5.Minute dann der n\u00e4chste Schock f\u00fcr die G\u00e4ste, Dennis Klitscher verletzte sich m\u00f6glicherweise schwer und musste durch Nikos Renchen ersetzt werden. Die Sanit\u00e4ter vom nachher herbeigerufen Krankenwagen machte eine Erstuntersuchung, Klitscher konnte dem Spiel dann aber bis zum Ende beiwohnen, von der Redaktion aus gute Besserung.<\/p>\n<p>Der eigentlich offensivstarke Tabellenf\u00fchrer aus Frankfurt mit 21 Toren aus den ersten drei Spielen tat sich schwer, gute Chancen zu erspielen, konnte sich aber auf seine Standards verlassen. In der 17.Minute war Timo Becker nach einer Ecke zur Stelle und wuchtete mit dem Kopf den Ball zur 1:0-F\u00fchrung in die Maschen des Wehrheimer Tores. In der 21.Minute verpasste Neuzugang Boris Brzulovic nach einer missgl\u00fcckten Abwehrsituation der Gastgeber das 2:0, seinen zu schwachen Schuss konnte Wehrheims Torwart Julian Buchmann noch abwehren. Die Gastgeber kamen in der 37.Minuten zur ersten guten Gelegenheit, doch ein Schuss von Noah Beck strich knapp \u00fcber das Oberr\u00e4der Geh\u00e4use, und nur zwei Minuten sp\u00e4ter musste Torwart Madsen all sein K\u00f6nnen aufbieten, um mit einem Reflex den Ausgleich zu verhindern.<\/p>\n<p>Nach der Halbzeit entwickelte sich ein Kampfspiel, in dem der Aufsteiger auch spielerisch gut mithalten konnte, beide Mannschaften kamen nicht zu klaren Gelegenheiten, Torwart Madsen musste zweimal bei Chancen der Gastgeber parieren. In der 90.Minute gab es dann einen Foulelfmeter f\u00fcr die G\u00e4ste, nach kurzer Behandlung eines Wehrheimer Spielers verwandelte dann Ersan Rovcanin (90.+1) den Strafsto\u00df sicher zum erneuten Sieg der Oberr\u00e4der, die erstmals in dieser Saison ohne Gegentor blieben.<\/p>\n<p>Oberrads Trainer Hasan G\u00f6ren, der zusammen mit Maximilian Schmidt das Team f\u00fchrt, nach dem Spiel. \u201ees war ein schwieriges Spiel, auch diese Gegner muss man meistern. Wir haben Zeit gebraucht, um reinzufinden, haben dann \u00fcber die Standards zu unserem Spiel gefunden.\u201c Schmidt erg\u00e4nzte. \u201ealso wir sind nicht zufrieden mit diesem Spiel, das ist sch\u00f6n, dass das Ergebnis am Ende 2:0 steht, aber es war ein ausgeglichenes Spiel, mit Vorteilen bei den Abschl\u00fcssen f\u00fcr den Gegner. Wir sind absolut gl\u00fccklich \u00fcber das Ergebnis, aber auch nicht zufrieden mit dem Spiel von uns\u201c. Zumindest konnte man ein Ziel erreichen: hinten stand zum ersten Mal die Null.<\/p>\n<p>Am Sonntag empf\u00e4ngt Oberrad dann den Verbandsliga-Absteiger SKV Beienheim, ehe n\u00e4chste Woche das Derby in der ersten Runde des Kreispokals beim FC Fortuna Frankfurt ansteht.<\/p>\n<h4>Schiedsrichter: Dominik Br\u00e4unche (TSV Bicken). Zuschauer: 100.<\/h4>\n<h4>Tore: 0:1 Timo Becker (17.), 0:2 Ersan Rovcanin (90.+1, Elfmeter)<\/h4>\n\n\n<figure class=\"wp-block-image size-large\"><img loading=\"lazy\" decoding=\"async\" width=\"1024\" height=\"768\" src=\"http:\/\/insideamateurfussball-ffm.de\/wp-content\/uploads\/2025\/08\/wehrheimoberrad00-1024x768.jpg\" alt=\"\" class=\"wp-image-27284\" srcset=\"https:\/\/insideamateurfussball-ffm.de\/wp-content\/uploads\/2025\/08\/wehrheimoberrad00-1024x768.jpg 1024w, https:\/\/insideamateurfussball-ffm.de\/wp-content\/uploads\/2025\/08\/wehrheimoberrad00-300x225.jpg 300w, https:\/\/insideamateurfussball-ffm.de\/wp-content\/uploads\/2025\/08\/wehrheimoberrad00-768x576.jpg 768w, https:\/\/insideamateurfussball-ffm.de\/wp-content\/uploads\/2025\/08\/wehrheimoberrad00-1536x1152.jpg 1536w, https:\/\/insideamateurfussball-ffm.de\/wp-content\/uploads\/2025\/08\/wehrheimoberrad00.jpg 2016w\" sizes=\"auto, (max-width: 1024px) 100vw, 1024px\" \/><\/figure>\n\n\n\n<figure class=\"wp-block-image size-large\"><img loading=\"lazy\" decoding=\"async\" width=\"1024\" height=\"768\" src=\"http:\/\/insideamateurfussball-ffm.de\/wp-content\/uploads\/2025\/08\/wehrheimoberrad01-1024x768.jpg\" alt=\"\" class=\"wp-image-27285\" srcset=\"https:\/\/insideamateurfussball-ffm.de\/wp-content\/uploads\/2025\/08\/wehrheimoberrad01-1024x768.jpg 1024w, https:\/\/insideamateurfussball-ffm.de\/wp-content\/uploads\/2025\/08\/wehrheimoberrad01-300x225.jpg 300w, https:\/\/insideamateurfussball-ffm.de\/wp-content\/uploads\/2025\/08\/wehrheimoberrad01-768x576.jpg 768w, https:\/\/insideamateurfussball-ffm.de\/wp-content\/uploads\/2025\/08\/wehrheimoberrad01-1536x1152.jpg 1536w, https:\/\/insideamateurfussball-ffm.de\/wp-content\/uploads\/2025\/08\/wehrheimoberrad01.jpg 2016w\" sizes=\"auto, (max-width: 1024px) 100vw, 1024px\" \/><\/figure>\n\n\n\n<figure class=\"wp-block-image size-large\"><img loading=\"lazy\" decoding=\"async\" width=\"1024\" height=\"768\" src=\"http:\/\/insideamateurfussball-ffm.de\/wp-content\/uploads\/2025\/08\/wehrheimoberrad03-1024x768.jpg\" alt=\"\" class=\"wp-image-27286\" srcset=\"https:\/\/insideamateurfussball-ffm.de\/wp-content\/uploads\/2025\/08\/wehrheimoberrad03-1024x768.jpg 1024w, https:\/\/insideamateurfussball-ffm.de\/wp-content\/uploads\/2025\/08\/wehrheimoberrad03-300x225.jpg 300w, https:\/\/insideamateurfussball-ffm.de\/wp-content\/uploads\/2025\/08\/wehrheimoberrad03-768x576.jpg 768w, https:\/\/insideamateurfussball-ffm.de\/wp-content\/uploads\/2025\/08\/wehrheimoberrad03-1536x1152.jpg 1536w, https:\/\/insideamateurfussball-ffm.de\/wp-content\/uploads\/2025\/08\/wehrheimoberrad03.jpg 2016w\" sizes=\"auto, (max-width: 1024px) 100vw, 1024px\" \/><\/figure>\n\n\n\n<figure class=\"wp-block-image size-large\"><img loading=\"lazy\" decoding=\"async\" width=\"1024\" height=\"768\" src=\"http:\/\/insideamateurfussball-ffm.de\/wp-content\/uploads\/2025\/08\/wehrheimoberrad04-1024x768.jpg\" alt=\"\" class=\"wp-image-27287\" srcset=\"https:\/\/insideamateurfussball-ffm.de\/wp-content\/uploads\/2025\/08\/wehrheimoberrad04-1024x768.jpg 1024w, https:\/\/insideamateurfussball-ffm.de\/wp-content\/uploads\/2025\/08\/wehrheimoberrad04-300x225.jpg 300w, https:\/\/insideamateurfussball-ffm.de\/wp-content\/uploads\/2025\/08\/wehrheimoberrad04-768x576.jpg 768w, https:\/\/insideamateurfussball-ffm.de\/wp-content\/uploads\/2025\/08\/wehrheimoberrad04-1536x1152.jpg 1536w, https:\/\/insideamateurfussball-ffm.de\/wp-content\/uploads\/2025\/08\/wehrheimoberrad04.jpg 2016w\" sizes=\"auto, (max-width: 1024px) 100vw, 1024px\" \/><\/figure>\n\n\n\n<figure class=\"wp-block-image size-large\"><img loading=\"lazy\" decoding=\"async\" width=\"1024\" height=\"768\" src=\"http:\/\/insideamateurfussball-ffm.de\/wp-content\/uploads\/2025\/08\/wehrheimoberrad06-1024x768.jpg\" alt=\"\" class=\"wp-image-27288\" srcset=\"https:\/\/insideamateurfussball-ffm.de\/wp-content\/uploads\/2025\/08\/wehrheimoberrad06-1024x768.jpg 1024w, https:\/\/insideamateurfussball-ffm.de\/wp-content\/uploads\/2025\/08\/wehrheimoberrad06-300x225.jpg 300w, https:\/\/insideamateurfussball-ffm.de\/wp-content\/uploads\/2025\/08\/wehrheimoberrad06-768x576.jpg 768w, https:\/\/insideamateurfussball-ffm.de\/wp-content\/uploads\/2025\/08\/wehrheimoberrad06-1536x1152.jpg 1536w, https:\/\/insideamateurfussball-ffm.de\/wp-content\/uploads\/2025\/08\/wehrheimoberrad06.jpg 2016w\" sizes=\"auto, (max-width: 1024px) 100vw, 1024px\" \/><\/figure>\n\n\n\n<figure class=\"wp-block-image size-large\"><img loading=\"lazy\" decoding=\"async\" width=\"1024\" height=\"768\" src=\"http:\/\/insideamateurfussball-ffm.de\/wp-content\/uploads\/2025\/08\/wehrheimoberrad08-1024x768.jpg\" alt=\"\" class=\"wp-image-27289\" srcset=\"https:\/\/insideamateurfussball-ffm.de\/wp-content\/uploads\/2025\/08\/wehrheimoberrad08-1024x768.jpg 1024w, https:\/\/insideamateurfussball-ffm.de\/wp-content\/uploads\/2025\/08\/wehrheimoberrad08-300x225.jpg 300w, https:\/\/insideamateurfussball-ffm.de\/wp-content\/uploads\/2025\/08\/wehrheimoberrad08-768x576.jpg 768w, https:\/\/insideamateurfussball-ffm.de\/wp-content\/uploads\/2025\/08\/wehrheimoberrad08-1536x1152.jpg 1536w, https:\/\/insideamateurfussball-ffm.de\/wp-content\/uploads\/2025\/08\/wehrheimoberrad08.jpg 2016w\" sizes=\"auto, (max-width: 1024px) 100vw, 1024px\" \/><\/figure>\n\n\n\n<figure class=\"wp-block-image size-large\"><img loading=\"lazy\" decoding=\"async\" width=\"1024\" height=\"768\" src=\"http:\/\/insideamateurfussball-ffm.de\/wp-content\/uploads\/2025\/08\/wehrheimoberrad12-1024x768.jpg\" alt=\"\" class=\"wp-image-27290\" srcset=\"https:\/\/insideamateurfussball-ffm.de\/wp-content\/uploads\/2025\/08\/wehrheimoberrad12-1024x768.jpg 1024w, https:\/\/insideamateurfussball-ffm.de\/wp-content\/uploads\/2025\/08\/wehrheimoberrad12-300x225.jpg 300w, https:\/\/insideamateurfussball-ffm.de\/wp-content\/uploads\/2025\/08\/wehrheimoberrad12-768x576.jpg 768w, https:\/\/insideamateurfussball-ffm.de\/wp-content\/uploads\/2025\/08\/wehrheimoberrad12-1536x1152.jpg 1536w, https:\/\/insideamateurfussball-ffm.de\/wp-content\/uploads\/2025\/08\/wehrheimoberrad12.jpg 2016w\" sizes=\"auto, (max-width: 1024px) 100vw, 1024px\" \/><\/figure>\n\n\n\n<figure class=\"wp-block-image size-large\"><img loading=\"lazy\" decoding=\"async\" width=\"1024\" height=\"768\" src=\"http:\/\/insideamateurfussball-ffm.de\/wp-content\/uploads\/2025\/08\/wehrheimoberrad14-1024x768.jpg\" alt=\"\" class=\"wp-image-27291\" srcset=\"https:\/\/insideamateurfussball-ffm.de\/wp-content\/uploads\/2025\/08\/wehrheimoberrad14-1024x768.jpg 1024w, https:\/\/insideamateurfussball-ffm.de\/wp-content\/uploads\/2025\/08\/wehrheimoberrad14-300x225.jpg 300w, https:\/\/insideamateurfussball-ffm.de\/wp-content\/uploads\/2025\/08\/wehrheimoberrad14-768x576.jpg 768w, https:\/\/insideamateurfussball-ffm.de\/wp-content\/uploads\/2025\/08\/wehrheimoberrad14-1536x1152.jpg 1536w, https:\/\/insideamateurfussball-ffm.de\/wp-content\/uploads\/2025\/08\/wehrheimoberrad14.jpg 2016w\" sizes=\"auto, (max-width: 1024px) 100vw, 1024px\" \/><\/figure>\n\n\n\n<figure class=\"wp-block-image size-large\"><img loading=\"lazy\" decoding=\"async\" width=\"1024\" height=\"768\" src=\"http:\/\/insideamateurfussball-ffm.de\/wp-content\/uploads\/2025\/08\/wehrheimoberrad16-1024x768.jpg\" alt=\"\" class=\"wp-image-27292\" srcset=\"https:\/\/insideamateurfussball-ffm.de\/wp-content\/uploads\/2025\/08\/wehrheimoberrad16-1024x768.jpg 1024w, https:\/\/insideamateurfussball-ffm.de\/wp-content\/uploads\/2025\/08\/wehrheimoberrad16-300x225.jpg 300w, https:\/\/insideamateurfussball-ffm.de\/wp-content\/uploads\/2025\/08\/wehrheimoberrad16-768x576.jpg 768w, https:\/\/insideamateurfussball-ffm.de\/wp-content\/uploads\/2025\/08\/wehrheimoberrad16-1536x1152.jpg 1536w, https:\/\/insideamateurfussball-ffm.de\/wp-content\/uploads\/2025\/08\/wehrheimoberrad16.jpg 2016w\" sizes=\"auto, (max-width: 1024px) 100vw, 1024px\" \/><\/figure>\n\n\n\n<figure class=\"wp-block-image size-large\"><img loading=\"lazy\" decoding=\"async\" width=\"1024\" height=\"768\" src=\"http:\/\/insideamateurfussball-ffm.de\/wp-content\/uploads\/2025\/08\/wehrheimoberrad17-1024x768.jpg\" alt=\"\" class=\"wp-image-27293\" srcset=\"https:\/\/insideamateurfussball-ffm.de\/wp-content\/uploads\/2025\/08\/wehrheimoberrad17-1024x768.jpg 1024w, https:\/\/insideamateurfussball-ffm.de\/wp-content\/uploads\/2025\/08\/wehrheimoberrad17-300x225.jpg 300w, https:\/\/insideamateurfussball-ffm.de\/wp-content\/uploads\/2025\/08\/wehrheimoberrad17-768x576.jpg 768w, https:\/\/insideamateurfussball-ffm.de\/wp-content\/uploads\/2025\/08\/wehrheimoberrad17-1536x1152.jpg 1536w, https:\/\/insideamateurfussball-ffm.de\/wp-content\/uploads\/2025\/08\/wehrheimoberrad17.jpg 2016w\" sizes=\"auto, (max-width: 1024px) 100vw, 1024px\" \/><\/figure>\n","protected":false},"excerpt":{"rendered":"<p>Vorne &#8222;nur&#8220; zweimal getroffen, aber hinter zum ersten Mal zu Null, die Spvgg. 05 Oberrad verteidigt in einem umk\u00e4mpften Ausw\u00e4rtsspiel beim Neuling SG Wehrheim\/Pfaffenwiesbach mit einem 2:0-Sieg die Tabellenspitze. SG Wehrheim\/Pfaffenwiesbach &#8211; Spvgg. 05 Oberrad 0:2 (0:1) Die Spvgg. 05 Oberrad verteidigt am vierten Spieltag zu Beginn der englischen Woche ihre Tabellenf\u00fchrung und siegt mit [&hellip;]<\/p>\n","protected":false},"author":3,"featured_media":27294,"comment_status":"closed","ping_status":"open","sticky":true,"template":"","format":"standard","meta":{"footnotes":""},"categories":[13],"tags":[],"class_list":["post-27283","post","type-post","status-publish","format-standard","has-post-thumbnail","hentry","category-gruppenliga-frankfurt-west"],"_links":{"self":[{"href":"https:\/\/insideamateurfussball-ffm.de\/index.php?rest_route=\/wp\/v2\/posts\/27283","targetHints":{"allow":["GET"]}}],"collection":[{"href":"https:\/\/insideamateurfussball-ffm.de\/index.php?rest_route=\/wp\/v2\/posts"}],"about":[{"href":"https:\/\/insideamateurfussball-ffm.de\/index.php?rest_route=\/wp\/v2\/types\/post"}],"author":[{"embeddable":true,"href":"https:\/\/insideamateurfussball-ffm.de\/index.php?rest_route=\/wp\/v2\/users\/3"}],"replies":[{"embeddable":true,"href":"https:\/\/insideamateurfussball-ffm.de\/index.php?rest_route=%2Fwp%2Fv2%2Fcomments&post=27283"}],"version-history":[{"count":3,"href":"https:\/\/insideamateurfussball-ffm.de\/index.php?rest_route=\/wp\/v2\/posts\/27283\/revisions"}],"predecessor-version":[{"id":27300,"href":"https:\/\/insideamateurfussball-ffm.de\/index.php?rest_route=\/wp\/v2\/posts\/27283\/revisions\/27300"}],"wp:featuredmedia":[{"embeddable":true,"href":"https:\/\/insideamateurfussball-ffm.de\/index.php?rest_route=\/wp\/v2\/media\/27294"}],"wp:attachment":[{"href":"https:\/\/insideamateurfussball-ffm.de\/index.php?rest_route=%2Fwp%2Fv2%2Fmedia&parent=27283"}],"wp:term":[{"taxonomy":"category","embeddable":true,"href":"https:\/\/insideamateurfussball-ffm.de\/index.php?rest_route=%2Fwp%2Fv2%2Fcategories&post=27283"},{"taxonomy":"post_tag","embeddable":true,"href":"https:\/\/insideamateurfussball-ffm.de\/index.php?rest_route=%2Fwp%2Fv2%2Ftags&post=27283"}],"curies":[{"name":"wp","href":"https:\/\/api.w.org\/{rel}","templated":true}]}}