{"id":27276,"date":"2025-08-18T21:35:27","date_gmt":"2025-08-18T20:35:27","guid":{"rendered":"https:\/\/insideamateurfussball-ffm.de\/?p=27276"},"modified":"2025-08-18T21:35:27","modified_gmt":"2025-08-18T20:35:27","slug":"fc-croatia-liefert-auf-rasenplatz-ab","status":"publish","type":"post","link":"https:\/\/insideamateurfussball-ffm.de\/?p=27276","title":{"rendered":"FC Croatia liefert auf Rasenplatz ab"},"content":{"rendered":"<h5><span style=\"font-size: 16px;\">Nach dem sp\u00e4ten Klassenerhalt zum Ende der letzten Saison startete der FC Croatia mit einer b\u00f6sen 1:8-Klatsche gegen den aktuellen Tabellenf\u00fchrer TuS Makkabi. Dem 5:4-Ausw\u00e4rtssieg bei der Spvgg. 02 Griesheim folgte am 3. Spieltag ein 5:2-Heimsieg \u00fcber Concordia Eschersheim, das zuvor bei Union Niederrad (2:0) und im Derby gegen den BSC SW 19 (3:2) zwei Siege gefeiert hatte.\u00a0<\/span><\/h5>\n<figure id=\"attachment_27248\" aria-describedby=\"caption-attachment-27248\" style=\"width: 150px\" class=\"wp-caption alignleft\"><img loading=\"lazy\" decoding=\"async\" class=\"wp-image-27248 size-thumbnail\" src=\"http:\/\/insideamateurfussball-ffm.de\/wp-content\/uploads\/2025\/08\/croat-1-150x150.jpg\" alt=\"\" width=\"150\" height=\"150\" \/><figcaption id=\"caption-attachment-27248\" class=\"wp-caption-text\">Ungewohnte Rasenplatznutzung an der Br\u00fchlwiese. Foto: Mithat G\u00fcrser.\u00a0\u00a0<\/figcaption><\/figure>\n<h5><span style=\"font-size: 16px;\">FC Croatia &#8211; Concordia Eschersheim 5:2 (1:0)<\/span><\/h5>\n<p><img loading=\"lazy\" decoding=\"async\" class=\"alignnone size-full wp-image-29\" src=\"http:\/\/insideamateurfussball-ffm.de\/wp-content\/uploads\/2021\/11\/croatia.jpg\" alt=\"\" width=\"63\" height=\"80\" \/><img loading=\"lazy\" decoding=\"async\" class=\"alignnone size-full wp-image-37\" src=\"http:\/\/insideamateurfussball-ffm.de\/wp-content\/uploads\/2021\/11\/1sv07_news2_4178_01_01_02.jpg\" alt=\"\" width=\"80\" height=\"80\" \/><\/p>\n<p><span style=\"font-size: 16px;\">Da der Kunstrasenplatz sich derzeit in Renovierungszustand befindet, tr\u00e4gt Croatia seine Heimspiele auf dem wenig frequentierten Rasenplatz aus. &#8222;Ein tolles Spiel&#8220; habe seine Mannschaft abgeliefert, meinte Croatias Pressesprecher Stanislav Konta. &#8222;Von der ersten Minute an waren wir pr\u00e4sent&#8220;, schob der langj\u00e4hrige Funktion\u00e4r nach und betonte: &#8222;Das war ein sch\u00f6nes Derby und die Mannschaft hat alles rausgeholt und auch richtig guten Fu\u00dfball gespielt.&#8220; Bis zur Pause hie\u00df es 1:0 durch Neuzugang Vladimir Bogdanovic (26.). <\/span><\/p>\n<p><span style=\"font-size: 16px;\">Nach dem Seitenwechsel kam die Concordia auf, glich mit Leo Burkhardt aus (58.), nachdem man laut Trainer Roland Stipp im ersten Abschnitt &#8222;noch gro\u00dfe Probleme hatte, um ins Spiel zu finden.&#8220; Croatia sei b\u00e4renstark gewesen, was bei der nominellen Besetzung des Kaders aber auch kein Wunder sei. Nach der Pause waren die G\u00e4ste aber drin in der Partie, hatten gute Chancen. Dabei landete der Ball zweimal am Pfosten, einmal an der Latte, w\u00e4hrend das Team von Ex-Profi Michael Anicic nach dem 1:1 durch Idriss Sarssar zum 2:1 traf, der sodann mit einem Distanzschuss aus 25 Metern auf 3:1 erh\u00f6hte (70.).<\/span><\/p>\n<ul>\n<li><strong><span style=\"font-size: 16px;\">Heddernheimer Platzderby verlegt <\/span><\/strong><\/li>\n<\/ul>\n<p><span style=\"font-size: 16px;\">Zwei weitere Male schlug die Kugel durch die &#8222;brutal effektiven&#8220; Kroaten im Winkel ein. Zuvor aber hatte Elias Zimmermann f\u00fcr die Concorden verk\u00fcrzt (72.), die weiter alles probierten und auch nach dem Freisto\u00dftor von Ante Strljic (76.) noch gut und gef\u00e4hrlich im Spiel waren. Nach dem 5:2 von Bogdanovic (90.) musste aber auch Stipp einsehen: &#8222;Trotzdem geht der Sieg f\u00fcr Croatia nat\u00fcrlich in Ordnung.&#8220; Beide Teams stehen nun mit sechs Punkten in der oberen Tabellenh\u00e4lfte. <\/span><\/p>\n<p><span style=\"font-size: 16px;\">Das mit Spannung erwartete Platzderby beim SV 07 Heddernheim wurde indes auf den 9. September verlegt, da die mit neun Punkten gestarteten 07er keine Austragung auf dem Rasenplatz w\u00fcnschen, sondern diese Begegnung erst nach der Ferigstellung des Kunstrasens austragen wollen. Die Concordia erwartet am n\u00e4chsten Sonntag den Gruppenliga-Absteiger FFV Sportfreunde, der sich auch in der KOL bereits auf dem letzten Platz wiederfindet.\u00a0<\/span><\/p>\n<ul>\n<li><span style=\"font-size: 16px;\">Schiedsrichter: Holger Freese (SV Oberdorfelden).\u00a0<\/span><\/li>\n<li><span style=\"font-size: 16px;\">Zuschauer: 80.\u00a0<\/span><\/li>\n<li><span style=\"font-size: 16px;\">Tore: 1:0 Vladimir Bogsanovic (26.), 1:1 Leo Burkhardt (58.), 2:1, 3:1 Idriss Sarssar (68.\/70.), 3:2 Elias Zimmermann (72.), 4:2 Ante Strljic (76.), 5:2 Vladimir Bogdanovic (90.).\u00a0<\/span><\/li>\n<li><a href=\"https:\/\/insideamateurfussball-ffm.de\/?p=27244\">https:\/\/insideamateurfussball-ffm.de\/?p=27244<\/a>\u00a0<span style=\"font-size: 16px;\">Hier findet ihr die Bildergalerie von Mithat G\u00fcrser zum Spiel.\u00a0<\/span><\/li>\n<\/ul>\n","protected":false},"excerpt":{"rendered":"<p>Nach dem sp\u00e4ten Klassenerhalt zum Ende der letzten Saison startete der FC Croatia mit einer b\u00f6sen 1:8-Klatsche gegen den aktuellen Tabellenf\u00fchrer TuS Makkabi. Dem 5:4-Ausw\u00e4rtssieg bei der Spvgg. 02 Griesheim folgte am 3. Spieltag ein 5:2-Heimsieg \u00fcber Concordia Eschersheim, das zuvor bei Union Niederrad (2:0) und im Derby gegen den BSC SW 19 (3:2) zwei [&hellip;]<\/p>\n","protected":false},"author":1,"featured_media":27248,"comment_status":"closed","ping_status":"closed","sticky":true,"template":"","format":"standard","meta":{"footnotes":""},"categories":[2],"tags":[],"class_list":["post-27276","post","type-post","status-publish","format-standard","has-post-thumbnail","hentry","category-kreisoberliga-frankfurt"],"_links":{"self":[{"href":"https:\/\/insideamateurfussball-ffm.de\/index.php?rest_route=\/wp\/v2\/posts\/27276","targetHints":{"allow":["GET"]}}],"collection":[{"href":"https:\/\/insideamateurfussball-ffm.de\/index.php?rest_route=\/wp\/v2\/posts"}],"about":[{"href":"https:\/\/insideamateurfussball-ffm.de\/index.php?rest_route=\/wp\/v2\/types\/post"}],"author":[{"embeddable":true,"href":"https:\/\/insideamateurfussball-ffm.de\/index.php?rest_route=\/wp\/v2\/users\/1"}],"replies":[{"embeddable":true,"href":"https:\/\/insideamateurfussball-ffm.de\/index.php?rest_route=%2Fwp%2Fv2%2Fcomments&post=27276"}],"version-history":[{"count":1,"href":"https:\/\/insideamateurfussball-ffm.de\/index.php?rest_route=\/wp\/v2\/posts\/27276\/revisions"}],"predecessor-version":[{"id":27277,"href":"https:\/\/insideamateurfussball-ffm.de\/index.php?rest_route=\/wp\/v2\/posts\/27276\/revisions\/27277"}],"wp:featuredmedia":[{"embeddable":true,"href":"https:\/\/insideamateurfussball-ffm.de\/index.php?rest_route=\/wp\/v2\/media\/27248"}],"wp:attachment":[{"href":"https:\/\/insideamateurfussball-ffm.de\/index.php?rest_route=%2Fwp%2Fv2%2Fmedia&parent=27276"}],"wp:term":[{"taxonomy":"category","embeddable":true,"href":"https:\/\/insideamateurfussball-ffm.de\/index.php?rest_route=%2Fwp%2Fv2%2Fcategories&post=27276"},{"taxonomy":"post_tag","embeddable":true,"href":"https:\/\/insideamateurfussball-ffm.de\/index.php?rest_route=%2Fwp%2Fv2%2Ftags&post=27276"}],"curies":[{"name":"wp","href":"https:\/\/api.w.org\/{rel}","templated":true}]}}