{"id":27268,"date":"2025-08-18T20:58:44","date_gmt":"2025-08-18T19:58:44","guid":{"rendered":"https:\/\/insideamateurfussball-ffm.de\/?p=27268"},"modified":"2025-08-18T21:03:15","modified_gmt":"2025-08-18T20:03:15","slug":"eintracht-ii-reist-als-spitzenreiter-nach-friedberg","status":"publish","type":"post","link":"https:\/\/insideamateurfussball-ffm.de\/?p=27268","title":{"rendered":"Eintracht II reist als Spitzenreiter nach Friedberg"},"content":{"rendered":"<h5><span style=\"font-size: 16px;\">Als Spitzenreiter der Hessenliga gastiert Eintracht Frankfurt II am Dienstagabend am 4. Spieltag beim schwach gestarteten Mitfavoriten T\u00fcrk G\u00fcc\u00fc Friedberg, der sich nach nur einem Punkt aus drei Spielen schon von seinem langj\u00e4hrigen Erfolgstrainer Enis Dzihic getrennt hat. Zuvor hatte es f\u00fcr die Eintracht drei Siege aus drei Spielen mit der neuformierten Mannschaft gegeben.\u00a0<\/span><\/h5>\n<h5><\/h5>\n<figure id=\"attachment_27269\" aria-describedby=\"caption-attachment-27269\" style=\"width: 150px\" class=\"wp-caption alignleft\"><img loading=\"lazy\" decoding=\"async\" class=\"wp-image-27269 size-thumbnail\" src=\"http:\/\/insideamateurfussball-ffm.de\/wp-content\/uploads\/2025\/08\/SP-DR-150x150.jpg\" alt=\"\" width=\"150\" height=\"150\" \/><figcaption id=\"caption-attachment-27269\" class=\"wp-caption-text\">Schauplatz in der Hessenliga: Der Sportpark Dreieich. Foto: Archiv PA.<\/figcaption><\/figure>\n<h5><span style=\"font-size: 16px;\">Eintracht Frankfurt II &#8211; SV Rot-Wei\u00df Walldorf 4:2 (0:1)<\/span><\/h5>\n<p><img loading=\"lazy\" decoding=\"async\" class=\"alignnone size-full wp-image-836\" src=\"http:\/\/insideamateurfussball-ffm.de\/wp-content\/uploads\/2022\/06\/SGE.jpg\" alt=\"\" width=\"79\" height=\"80\" \/><img loading=\"lazy\" decoding=\"async\" class=\"alignnone size-full wp-image-1074\" src=\"http:\/\/insideamateurfussball-ffm.de\/wp-content\/uploads\/2022\/07\/Walldorf.jpg\" alt=\"\" width=\"80\" height=\"80\" \/><\/p>\n<p>Die Saison begann am 1. August an einem Freitagabend gegen den Tabellenvierten der vergangenen Saison. Die G\u00e4ste aus Walldorf hatten dabei zun\u00e4chst Vorteile und f\u00fchrten zur Halbzeit durch Torj\u00e4ger Hady Kallo (15.). Nach dem Seitenwechsel erh\u00f6hte der von Absteiger TuS Hornau gekommene Hendrik Sexauer f\u00fcr das Team von Trainer Artur Lemm (48.). Doch die Zweitvertretung des Bundesligisten gab das Spiel nicht verloren und kam per Doppelschlag mit Jonas Bauer (59.) und Metehan Yildirim (61.) zum Ausgleich. Die Platzherren dr\u00e4ngten weiter nach vorne und Yildirim markierte die F\u00fchrung (70.). F\u00fcr die Entscheidung sorgte vor vierstelliger Kulisse Daniel Starodid (89.).<\/p>\n<ul>\n<li><span style=\"font-size: 16px;\">Schiedsrichter: Steffen Rabe (VfB Wetter). <\/span><\/li>\n<li><span style=\"font-size: 16px;\">Zuschauer: 1065.\u00a0<\/span><\/li>\n<li><span style=\"font-size: 16px;\">Tore: 0:1 Hady Kallo (15.), 0:2 Hendrik Sexauer (48.), 1:2 Jonas Bauer (59.), 2:2, 3:2 Metehan Yildirim (61.\/70.), 4:2 Daniel Starodid (89.).\u00a0<\/span><\/li>\n<\/ul>\n<h5><span style=\"font-size: 16px;\">FC Gie\u00dfen &#8211; Eintracht Frankfurt II 1:2 (0:0)<\/span><\/h5>\n<p><img loading=\"lazy\" decoding=\"async\" class=\"alignnone size-full wp-image-27271\" src=\"http:\/\/insideamateurfussball-ffm.de\/wp-content\/uploads\/2025\/08\/FC-Giessen.png\" alt=\"\" width=\"58\" height=\"80\" \/><img loading=\"lazy\" decoding=\"async\" class=\"alignnone size-full wp-image-836\" src=\"http:\/\/insideamateurfussball-ffm.de\/wp-content\/uploads\/2022\/06\/SGE.jpg\" alt=\"\" width=\"79\" height=\"80\" \/><\/p>\n<p>Im ersten Ausw\u00e4rtsspiel ging es am 9. August zum Mitabsteiger aus der Regionalliga FC Gie\u00dfen, der sein erstes Spiel beim starken Aufsteiger SV Hummetroth klar mit 0:3 verloren hatte. Im Waldstadion entwickelte sich eine enge Partie, die der Eintracht-Nachwuchs in der zweiten H\u00e4lfte an sich zog. Metehan Yildirim (58.) und Daniel Starodid (74.) besorgten die 2:0-F\u00fchrung. Der Koreaner Dong Woo Kim verk\u00fcrzte f\u00fcr das Team von Ex-Eintracht-Profi Michael Fink.<\/p>\n<ul>\n<li><span style=\"font-size: 16px;\">Schiedsrichter: Elias Appel (SV Kiebitzgrund).<\/span><\/li>\n<li><span style=\"font-size: 16px;\">Zuschauer: 808.\u00a0<\/span><\/li>\n<li><span style=\"font-size: 16px;\">Tore: 0:1 Metehan Yildirim (58.), 0:2 Daniel Starodid (74.), 1:2 Dong Woo Kim (87.). <\/span><\/li>\n<\/ul>\n<h5><span style=\"font-size: 16px;\">Eintracht Frankfurt II &#8211; SC 1960 Hanau 5:0 (4:0)<\/span><\/h5>\n<p><img loading=\"lazy\" decoding=\"async\" class=\"alignnone size-full wp-image-836\" src=\"http:\/\/insideamateurfussball-ffm.de\/wp-content\/uploads\/2022\/06\/SGE.jpg\" alt=\"\" width=\"79\" height=\"80\" \/><img loading=\"lazy\" decoding=\"async\" class=\"alignnone size-full wp-image-138\" src=\"http:\/\/insideamateurfussball-ffm.de\/wp-content\/uploads\/2022\/05\/Hanau-1960.jpg\" alt=\"\" width=\"63\" height=\"80\" \/><\/p>\n<p><span style=\"font-size: 16px;\">Im dritten Spiel gab es am vergangenen Freitag gegen die weiter punktlosen &#8222;Sechziger&#8220; aus Hanau den dritten Sieg, diesmal klar und deutlich. Schon im ersten Abschnitt waren die Frankfurter klar \u00fcberlegen. Daniel Starodid (11.\/34.), Paul W\u00fcnsch (23.) und Jonas Bauer (36.) trafen vor der Pause. Gleich nach Wiederbeginn legte Metehan Yildirim nach (47.), dabei blieb es.\u00a0<\/span><\/p>\n<ul>\n<li><span style=\"font-size: 16px;\">Schiedsrichter: Patrick Werner (SKG Bauschheim).\u00a0<\/span><\/li>\n<li><span style=\"font-size: 16px;\">Zuschauer: 902.\u00a0<\/span><\/li>\n<li><span style=\"font-size: 16px;\">Tore: 1:0 Daniel Starodid (11.), 2:0 Paul W\u00fcnsch (23.), 3:0 Daniel Starodid (34.), 4:0 Jonas Bauer (36.), 5:0 Metehan Yildirim (47.).\u00a0<\/span><\/li>\n<\/ul>\n<h5><span style=\"font-size: 16px;\">T\u00fcrk G\u00fcc\u00fc Friedberg &#8211; Eintracht Frankfurt II (Dienstag, 20 Uhr)<\/span><\/h5>\n<p><img loading=\"lazy\" decoding=\"async\" class=\"alignnone size-full wp-image-27272\" src=\"http:\/\/insideamateurfussball-ffm.de\/wp-content\/uploads\/2025\/08\/TGF-2.jpg\" alt=\"\" width=\"76\" height=\"80\" \/><img loading=\"lazy\" decoding=\"async\" class=\"alignnone size-full wp-image-836\" src=\"http:\/\/insideamateurfussball-ffm.de\/wp-content\/uploads\/2022\/06\/SGE.jpg\" alt=\"\" width=\"79\" height=\"80\" \/><\/p>\n<p><span style=\"font-size: 16px;\">Nach der emotionalen Trennung vom langj\u00e4hrigen Erfolgstrainer Enis Dzihic stehen die Wetterauer unter der Regie von Interimstrainer Maik Vetter unter Druck. Dem ehemaligen Offenbacher steht Torwarttrainer Robert Cue zur Seite. Ein Sieg muss her, wollen die Friedberger die SGE-U21 nicht fr\u00fch davon ziehen lassen. Die Hausherren erwarten \u00fcber 1000 Zuschauer, weisen auf die begrenzte Kapazit\u00e4t des Parkplatzes am Burgfeld hin.\u00a0\u00a0<\/span><\/p>\n","protected":false},"excerpt":{"rendered":"<p>Als Spitzenreiter der Hessenliga gastiert Eintracht Frankfurt II am Dienstagabend am 4. Spieltag beim schwach gestarteten Mitfavoriten T\u00fcrk G\u00fcc\u00fc Friedberg, der sich nach nur einem Punkt aus drei Spielen schon von seinem langj\u00e4hrigen Erfolgstrainer Enis Dzihic getrennt hat. Zuvor hatte es f\u00fcr die Eintracht drei Siege aus drei Spielen mit der neuformierten Mannschaft gegeben.\u00a0 Eintracht [&hellip;]<\/p>\n","protected":false},"author":1,"featured_media":27269,"comment_status":"closed","ping_status":"closed","sticky":true,"template":"","format":"standard","meta":{"footnotes":""},"categories":[8],"tags":[],"class_list":["post-27268","post","type-post","status-publish","format-standard","has-post-thumbnail","hentry","category-hessenliga"],"_links":{"self":[{"href":"https:\/\/insideamateurfussball-ffm.de\/index.php?rest_route=\/wp\/v2\/posts\/27268","targetHints":{"allow":["GET"]}}],"collection":[{"href":"https:\/\/insideamateurfussball-ffm.de\/index.php?rest_route=\/wp\/v2\/posts"}],"about":[{"href":"https:\/\/insideamateurfussball-ffm.de\/index.php?rest_route=\/wp\/v2\/types\/post"}],"author":[{"embeddable":true,"href":"https:\/\/insideamateurfussball-ffm.de\/index.php?rest_route=\/wp\/v2\/users\/1"}],"replies":[{"embeddable":true,"href":"https:\/\/insideamateurfussball-ffm.de\/index.php?rest_route=%2Fwp%2Fv2%2Fcomments&post=27268"}],"version-history":[{"count":4,"href":"https:\/\/insideamateurfussball-ffm.de\/index.php?rest_route=\/wp\/v2\/posts\/27268\/revisions"}],"predecessor-version":[{"id":27275,"href":"https:\/\/insideamateurfussball-ffm.de\/index.php?rest_route=\/wp\/v2\/posts\/27268\/revisions\/27275"}],"wp:featuredmedia":[{"embeddable":true,"href":"https:\/\/insideamateurfussball-ffm.de\/index.php?rest_route=\/wp\/v2\/media\/27269"}],"wp:attachment":[{"href":"https:\/\/insideamateurfussball-ffm.de\/index.php?rest_route=%2Fwp%2Fv2%2Fmedia&parent=27268"}],"wp:term":[{"taxonomy":"category","embeddable":true,"href":"https:\/\/insideamateurfussball-ffm.de\/index.php?rest_route=%2Fwp%2Fv2%2Fcategories&post=27268"},{"taxonomy":"post_tag","embeddable":true,"href":"https:\/\/insideamateurfussball-ffm.de\/index.php?rest_route=%2Fwp%2Fv2%2Ftags&post=27268"}],"curies":[{"name":"wp","href":"https:\/\/api.w.org\/{rel}","templated":true}]}}