{"id":27218,"date":"2025-08-18T13:46:18","date_gmt":"2025-08-18T12:46:18","guid":{"rendered":"https:\/\/insideamateurfussball-ffm.de\/?p=27218"},"modified":"2025-08-18T13:46:18","modified_gmt":"2025-08-18T12:46:18","slug":"kosova-holt-ersten-sieg-bei-germania","status":"publish","type":"post","link":"https:\/\/insideamateurfussball-ffm.de\/?p=27218","title":{"rendered":"Kosova holt ersten Sieg bei Germania"},"content":{"rendered":"<h4>Der FC Kosova hatte im Aufsteigerduell beim VfL Germania 94 keine Probleme und gewann ungef\u00e4hrdet mit 6:2, bei Germania macht sich die fehlende Vorbereitung laut ihres Trainers S\u00fcleyman Keskin bemerkbar.<\/h4>\n<figure id=\"attachment_27116\" aria-describedby=\"caption-attachment-27116\" style=\"width: 2016px\" class=\"wp-caption alignnone\"><img loading=\"lazy\" decoding=\"async\" class=\"wp-image-27116 size-full\" src=\"http:\/\/insideamateurfussball-ffm.de\/wp-content\/uploads\/2025\/08\/graefenrodekosova06.jpg\" alt=\"\" width=\"2016\" height=\"1512\" srcset=\"https:\/\/insideamateurfussball-ffm.de\/wp-content\/uploads\/2025\/08\/graefenrodekosova06.jpg 2016w, https:\/\/insideamateurfussball-ffm.de\/wp-content\/uploads\/2025\/08\/graefenrodekosova06-300x225.jpg 300w, https:\/\/insideamateurfussball-ffm.de\/wp-content\/uploads\/2025\/08\/graefenrodekosova06-1024x768.jpg 1024w, https:\/\/insideamateurfussball-ffm.de\/wp-content\/uploads\/2025\/08\/graefenrodekosova06-768x576.jpg 768w, https:\/\/insideamateurfussball-ffm.de\/wp-content\/uploads\/2025\/08\/graefenrodekosova06-1536x1152.jpg 1536w\" sizes=\"auto, (max-width: 2016px) 100vw, 2016px\" \/><figcaption id=\"caption-attachment-27116\" class=\"wp-caption-text\">Kosovas Trainer Huberman konnte mit seiner Mannschaft die ersten Punkte in der Gruppenliga holen. Foto: Archiv MZ<\/figcaption><\/figure>\n<h4>VfL Germania 94 &#8211; FC Kosova 2:6 (2:4)<\/h4>\n<p><img loading=\"lazy\" decoding=\"async\" class=\"alignnone size-full wp-image-11577\" src=\"http:\/\/insideamateurfussball-ffm.de\/wp-content\/uploads\/2023\/08\/Germania-94.jpg\" alt=\"\" width=\"80\" height=\"80\" \/><img loading=\"lazy\" decoding=\"async\" class=\"alignnone size-full wp-image-9\" src=\"http:\/\/insideamateurfussball-ffm.de\/wp-content\/uploads\/2021\/11\/Kosova.jpg\" alt=\"\" width=\"65\" height=\"80\" \/><\/p>\n<p>Trainer Jorge Hubermann konnte bis auf den langverletzten Arjan Ujupi zum ersten mal aus dem Vollen sch\u00f6pfen, das machte sich dann auch gleich im Spiel bemerkbar. Der Neuzugang aus Bornheim, Syvler Kadrijaj, brachte die G\u00e4ste bereits in der 4.Minute in F\u00fchrung, ehe Kapit\u00e4n Argjend Mustafa in der 7.Minute schon auf 2:0 erh\u00f6hte, beide Tore waren die Folge eines fr\u00fchen Pressings. Adnan Nurudeen Hafiz konnte in der 11.Minute f\u00fcr die Gastgeber auf 1:2 verk\u00fcrzen, ehe Asmir Hajdarovic gegen seine alten Kollegen in der 23.Minute einen Elfmeter f\u00fcr Kosova zum 3:1 verwandeln konnte. Dem 1:4 durch Soufian Taafou in der 33.Minute lie\u00df Germanias Hamza Tmimi in der 40.Minute noch das 2:4 folgen, mit dem es in die Pause ging.<\/p>\n<p>\u00dcber die zweite Halbzeit sagte Kosovas Trainer Jorge Huberman: \u201ewir haben gut gegen den Ball gearbeitet, haben aber aus Konterchancen keine guten Schussm\u00f6glichkeiten herausgespielt, defensiv standen wir gut.\u201c In der 82.Minute kam dann auch noch Goalgetter Flakron Thaci zum Einsatz, der erst fr\u00fch morgens aus dem Urlaub zur\u00fcckgekehrt war, und er sorgte f\u00fcr die Entscheidung. In der 87.Minute bereitete er das 2:5 von Asmir Hajdarovic vor, bevor er mit einem an ihn selbst verschuldeten Foulelfmeter in der vierten Minute der Nachspielzeit den Schlusspunkt mit dem 2:6 machte. Huberman: \u201edie gesamte Mannschaft hat funktioniert und jetzt scheinbar die Spielphilosophie des Trainerteams, sehr geradlinig zu spielen, verstanden und umgesetzt. Der Sieg war nie gef\u00e4hrdet und auch in der H\u00f6he verdient und wir freuen uns \u00fcber die ersten 3 Punkte in der Gruppenliga.\u201c<\/p>\n<p>Germanias Trainer S\u00fcleyman Keskin dagegen war konsterniert: \u201ewir haben uns noch nicht gefangen und machen amateurhafte Fehler. Ohne Vorbereitung ist es schwierig und es fehlt auch an Qualit\u00e4t f\u00fcr die Gruppenliga, bedingt auch durch fehlende Verst\u00e4rkungen aufgrund der unklaren Situation. Wir spielen eigentlich auf Augenh\u00f6he, haben aber zu viele Baustellen und Schwachstellen, das ist derzeit kein Gruppenliga-Niveau.\u201c<\/p>\n<p>Am Mittwoch empf\u00e4ngt Germania mit dem FC Olympia Fauerbach einen weiteren Aufsteiger, w\u00e4hrende der FC Kosova am Donnerstag zum schweren Ausw\u00e4rtsspiel zum FC Karben reisen muss.<\/p>\n<h4>Schiedsrichter: Christian Stelb (SC Dortelweil). Zuschauer: 100.<\/h4>\n<h4>Tore: 0:1 Syvler Kadrijaj (4.), 0:2 Argjend Mustafa (7.), 1:2 Adnan Nurudeen Hafiz (11.), 1:3 Asmir Hajdarovic (23., Elfmeter), 1:4 Soufian Taafou (33.), 2:4 Hamza Tmimi (40.), 2:5 Asmir Hajdarovic (87.), 1:6 Flakron Thaci (90.+4, Elfmeter)<\/h4>\n","protected":false},"excerpt":{"rendered":"<p>Der FC Kosova hatte im Aufsteigerduell beim VfL Germania 94 keine Probleme und gewann ungef\u00e4hrdet mit 6:2, bei Germania macht sich die fehlende Vorbereitung laut ihres Trainers S\u00fcleyman Keskin bemerkbar. VfL Germania 94 &#8211; FC Kosova 2:6 (2:4) Trainer Jorge Hubermann konnte bis auf den langverletzten Arjan Ujupi zum ersten mal aus dem Vollen sch\u00f6pfen, [&hellip;]<\/p>\n","protected":false},"author":3,"featured_media":27116,"comment_status":"closed","ping_status":"open","sticky":true,"template":"","format":"standard","meta":{"footnotes":""},"categories":[13],"tags":[],"class_list":["post-27218","post","type-post","status-publish","format-standard","has-post-thumbnail","hentry","category-gruppenliga-frankfurt-west"],"_links":{"self":[{"href":"https:\/\/insideamateurfussball-ffm.de\/index.php?rest_route=\/wp\/v2\/posts\/27218","targetHints":{"allow":["GET"]}}],"collection":[{"href":"https:\/\/insideamateurfussball-ffm.de\/index.php?rest_route=\/wp\/v2\/posts"}],"about":[{"href":"https:\/\/insideamateurfussball-ffm.de\/index.php?rest_route=\/wp\/v2\/types\/post"}],"author":[{"embeddable":true,"href":"https:\/\/insideamateurfussball-ffm.de\/index.php?rest_route=\/wp\/v2\/users\/3"}],"replies":[{"embeddable":true,"href":"https:\/\/insideamateurfussball-ffm.de\/index.php?rest_route=%2Fwp%2Fv2%2Fcomments&post=27218"}],"version-history":[{"count":2,"href":"https:\/\/insideamateurfussball-ffm.de\/index.php?rest_route=\/wp\/v2\/posts\/27218\/revisions"}],"predecessor-version":[{"id":27220,"href":"https:\/\/insideamateurfussball-ffm.de\/index.php?rest_route=\/wp\/v2\/posts\/27218\/revisions\/27220"}],"wp:featuredmedia":[{"embeddable":true,"href":"https:\/\/insideamateurfussball-ffm.de\/index.php?rest_route=\/wp\/v2\/media\/27116"}],"wp:attachment":[{"href":"https:\/\/insideamateurfussball-ffm.de\/index.php?rest_route=%2Fwp%2Fv2%2Fmedia&parent=27218"}],"wp:term":[{"taxonomy":"category","embeddable":true,"href":"https:\/\/insideamateurfussball-ffm.de\/index.php?rest_route=%2Fwp%2Fv2%2Fcategories&post=27218"},{"taxonomy":"post_tag","embeddable":true,"href":"https:\/\/insideamateurfussball-ffm.de\/index.php?rest_route=%2Fwp%2Fv2%2Ftags&post=27218"}],"curies":[{"name":"wp","href":"https:\/\/api.w.org\/{rel}","templated":true}]}}