{"id":27210,"date":"2025-08-18T13:17:31","date_gmt":"2025-08-18T12:17:31","guid":{"rendered":"https:\/\/insideamateurfussball-ffm.de\/?p=27210"},"modified":"2025-08-18T13:17:31","modified_gmt":"2025-08-18T12:17:31","slug":"bosnien-macht-es-sich-am-ende-selbst-schwer","status":"publish","type":"post","link":"https:\/\/insideamateurfussball-ffm.de\/?p=27210","title":{"rendered":"Bosnien macht es sich am Ende selbst schwer"},"content":{"rendered":"<h4>Der SV Bosnien\/Herzegowina kam am Sonntag zu einem 4:2-Sieg bei der Spvgg. 03 Fechenheim, nach einer 4:0-F\u00fchrung machten es sich die Bosnier auch durch eine gelb-rote Karte selbst schwer und mussten am Ende noch k\u00e4mpfen.<\/h4>\n<figure id=\"attachment_27211\" aria-describedby=\"caption-attachment-27211\" style=\"width: 2016px\" class=\"wp-caption alignnone\"><img loading=\"lazy\" decoding=\"async\" class=\"wp-image-27211 size-full\" src=\"http:\/\/insideamateurfussball-ffm.de\/wp-content\/uploads\/2025\/08\/fechenheimbosnien00.jpg\" alt=\"\" width=\"2016\" height=\"1512\" srcset=\"https:\/\/insideamateurfussball-ffm.de\/wp-content\/uploads\/2025\/08\/fechenheimbosnien00.jpg 2016w, https:\/\/insideamateurfussball-ffm.de\/wp-content\/uploads\/2025\/08\/fechenheimbosnien00-300x225.jpg 300w, https:\/\/insideamateurfussball-ffm.de\/wp-content\/uploads\/2025\/08\/fechenheimbosnien00-1024x768.jpg 1024w, https:\/\/insideamateurfussball-ffm.de\/wp-content\/uploads\/2025\/08\/fechenheimbosnien00-768x576.jpg 768w, https:\/\/insideamateurfussball-ffm.de\/wp-content\/uploads\/2025\/08\/fechenheimbosnien00-1536x1152.jpg 1536w\" sizes=\"auto, (max-width: 2016px) 100vw, 2016px\" \/><figcaption id=\"caption-attachment-27211\" class=\"wp-caption-text\">Die bosnische Mannschaft ist nach drei Spieltagen noch verlustpunktfrei. Foto: MZ<\/figcaption><\/figure>\n<h4>Spvgg. 03 Fechenheim &#8211; SV Bosnien\/Herzegowina 2:4 (0:3)<\/h4>\n<p><img loading=\"lazy\" decoding=\"async\" class=\"alignnone size-full wp-image-603\" src=\"http:\/\/insideamateurfussball-ffm.de\/wp-content\/uploads\/2022\/06\/Fech03.jpg\" alt=\"\" width=\"52\" height=\"80\" \/><img loading=\"lazy\" decoding=\"async\" class=\"alignnone size-full wp-image-139\" src=\"http:\/\/insideamateurfussball-ffm.de\/wp-content\/uploads\/2022\/05\/Bosnien.jpg\" alt=\"\" width=\"79\" height=\"80\" \/><\/p>\n<p>Nach 50 Minuten sah es nach einem klaren Sieg der Bosnier bei der Spvgg. 03 Fechenheim aus, dann wurde man sich zu sicher und musste nach einem Doppelschlag der Fechenheimer und einer eigenen gelb-roten karte noch ein wenig um den Sieg zittern. Aber der Reihe nach, die mit zwei Siegen gestarteten Bosnier gingen voller Selbstvertrauen in die Partie in Fechenheim, die Gastgeber lieferten bisher zwei torreiche Partien ab mit einem 3:7 und einem 7:4.<\/p>\n<p>In der Anfangsphase der Partie waren die G\u00e4ste vom SV Bosnien\/Herzegowina dr\u00fcckend \u00fcberlegen und gingen folgerichtig auch in der 10.Minute mit 1:0 in F\u00fchrung, als Boubacar Dialiba Diabang mit seinem bereits f\u00fcnften Saisontor das fr\u00fche Tor erzielten konnte nach sch\u00f6ner Vorarbeit von Ivan Dujmovic. Erst in der 22.Minute kamen die Gastgeber das erste Mal in der Offensive zur Geltung, aber Kimon Kozaris verzog den Ball neben das Tor. Weiterhin dominierten die Bosnier klar das Spiel und kamen zu Gelegenheiten, in der 24.Minute erzielte Admir Derdemez freistehend aus 10 Metern nach einem schnellen Konter das 0:2. Und wieder Derdemez konnte in der 31.Minute die F\u00fchrung auf 3:0 ausbauen, Fechenheims Trainer Necip Incesu wechselte in der ersten Halbzeit bereits zweimal und brachte Ihab Suleiman und Ayman Azariohi ins Spiel.<\/p>\n<p>In der 38.Minute dann die gro\u00dfe Chance f\u00fcr Fechenheim, nach einer Hereingabe von Suleiman kam Kapit\u00e4n Felix Casalino freistehend aus 5 Metern an den Ball, scheiterte aber am herausst\u00fcrzenden Torwart Amel Dizdarevic. Beide Spieler stie\u00dfen danach zusammen, der Torwart musste drei Minuten behandelt werden, konnte aber weitermachen. Casalino stand vier Minuten sp\u00e4ter erneut im Mittelpunkt, als er bei einem Luftkampf seinen Gegner mit dem Ellenbogen im Gesicht traf, der Bosnier musste ebenfalls minutenlang an seiner blutenden Wunde behandelt werden, konnte gl\u00fccklicherweise aber auch weitermachen. So ging es nach einer siebenmin\u00fctigen Nachspielzeit in die Pause.<\/p>\n<p>In der zweiten Halbzeit kamen die Fechenheimer nach der Einwechslung von Yassin Chaouki besser aus der Kabine, liefen aber in einen Gegensto\u00df, den Adis Hasesic nach guter Vorarbeit von Hamza Reko mit dem 4:0 abschlie\u00dfen konnte. Die Fechenheimer waren jetzt besser im Spiel, auch weil es die Bosnier mit der sicheren F\u00fchrung ruhiger angehen lie\u00dfen. Nach gut einer Stunde brachte Bosniens Trainer Amir Mustafic drei neue Spieler, und die letzten 20 Minuten geh\u00f6rte das Spiel dann den Gastgebern. Mit einem Doppelschlag von Metehan Karakus in der 71.Minute und den eingewechselten Yassin Chaouki in der 72.Minute verk\u00fcrzten die Fechenheimer auf 2:4 und brachten wieder etwas Spannung in die bis dato einseitige Partie, nur zwei Minuten sp\u00e4ter wurde ein weiterer Treffer von Felix Casalino wegen einer Abseitsstellung einkassiert.<\/p>\n<p>Die Gastgeber dr\u00fcckten jetzt auf das Tor der Bosnier, die nur noch einmal in der 83.Minute gef\u00e4hrlich vor das gegnerische Tor kamen, als ein Schuss von Edin Kurtanovic von 03-Torwart Simon Siebertz mit einer Faust pariert werden konnte. Die Druckphase der Fechenheimer erh\u00f6hte sich nach der gelb-roten Karte gegen Alen Habibovic noch weiter, doch die Bosnier brachten das Ergebnis auch \u00fcber die f\u00fcnfmin\u00fctige Nachspielzeit nach Hause.<\/p>\n<p>Fechenheims Trainer Incesu war entt\u00e4uscht: \u201ewir sind zu sp\u00e4t aufgewacht, die letzten 15 Minuten haben wir gut gespielt. Und in der ersten Halbzeit hatten wir so 10 Minuten, aufgrund der anderen Spielminuten war es verdient f\u00fcr Bosnien. Sie waren zweikampfst\u00e4rker, pr\u00e4senter, wir haben es wieder nicht umgesetzt, was wir uns vorgenommen haben. So wird es schwierig, wir m\u00fcssen ganz schnell gucken, dass wir unsere Linie finden, und am Donnerstag geht es dann weiter gegen Beienheim.\u201c<\/p>\n<p>Bosniens Pressesprecher Admir Malohodzic: \u201ebis zur Trinkpause hatten wir das Spiel total im Griff, es war sehr einseitig. Wir haben uns das Leben ein bisschen schwergemacht ganz zum Schluss, das h\u00e4tte nicht sein m\u00fcssen. Die Taktik h\u00e4tten wir auch durchschauen k\u00f6nnen, die haben in der zweiten Halbzeit ein bisschen hektischer gespielt, mit vielen Unterbrechungen, dadurch hatten wir weniger Spielfluss. Nichtsdestotrotz musst du das souver\u00e4ner nach Hause schaukeln, es sollte ein ungef\u00e4hrdeter Sieg sein. Die letzte Viertelstunde oder 20 Minuten, das war das Manko, davor war es \u00fcberragend, das war total einseitig, da haben wir sie fast an die Wand gespielt. Das Tempo m\u00fcssen wir auch 90 Minuten halten, das gilt f\u00fcr die Zukunft, da m\u00fcssen wir auch unsere Lehren draus ziehen.\u201c<\/p>\n<p>Die Bosnier, die jetzt neben Oberrad und Tempo die einzige verlustpunktfreie Mannschaft sind, m\u00fcssen am Donnerstag beim FV Stierstadt antreten, w\u00e4hrend die Fechenheimer am selben Tag den SKV Beienheim empfangen.<\/p>\n<h4>Schiedsrichter: Luca Kloft (SV Elz). Zuschauer: 100.<\/h4>\n<h4>Tore: 0:1 Boubacar Dialiba Diabang (10.), 0:2 Almir Derdemez (24.), 0:3 Almir Derdemez (31.), 0:4 Adis Hasecic (49.), 1:4 Metehan Karakus (71.), 2:4 Yassin Chaouki (72.)<\/h4>\n","protected":false},"excerpt":{"rendered":"<p>Der SV Bosnien\/Herzegowina kam am Sonntag zu einem 4:2-Sieg bei der Spvgg. 03 Fechenheim, nach einer 4:0-F\u00fchrung machten es sich die Bosnier auch durch eine gelb-rote Karte selbst schwer und mussten am Ende noch k\u00e4mpfen. Spvgg. 03 Fechenheim &#8211; SV Bosnien\/Herzegowina 2:4 (0:3) Nach 50 Minuten sah es nach einem klaren Sieg der Bosnier bei [&hellip;]<\/p>\n","protected":false},"author":3,"featured_media":27211,"comment_status":"closed","ping_status":"open","sticky":true,"template":"","format":"standard","meta":{"footnotes":""},"categories":[13],"tags":[],"class_list":["post-27210","post","type-post","status-publish","format-standard","has-post-thumbnail","hentry","category-gruppenliga-frankfurt-west"],"_links":{"self":[{"href":"https:\/\/insideamateurfussball-ffm.de\/index.php?rest_route=\/wp\/v2\/posts\/27210","targetHints":{"allow":["GET"]}}],"collection":[{"href":"https:\/\/insideamateurfussball-ffm.de\/index.php?rest_route=\/wp\/v2\/posts"}],"about":[{"href":"https:\/\/insideamateurfussball-ffm.de\/index.php?rest_route=\/wp\/v2\/types\/post"}],"author":[{"embeddable":true,"href":"https:\/\/insideamateurfussball-ffm.de\/index.php?rest_route=\/wp\/v2\/users\/3"}],"replies":[{"embeddable":true,"href":"https:\/\/insideamateurfussball-ffm.de\/index.php?rest_route=%2Fwp%2Fv2%2Fcomments&post=27210"}],"version-history":[{"count":2,"href":"https:\/\/insideamateurfussball-ffm.de\/index.php?rest_route=\/wp\/v2\/posts\/27210\/revisions"}],"predecessor-version":[{"id":27217,"href":"https:\/\/insideamateurfussball-ffm.de\/index.php?rest_route=\/wp\/v2\/posts\/27210\/revisions\/27217"}],"wp:featuredmedia":[{"embeddable":true,"href":"https:\/\/insideamateurfussball-ffm.de\/index.php?rest_route=\/wp\/v2\/media\/27211"}],"wp:attachment":[{"href":"https:\/\/insideamateurfussball-ffm.de\/index.php?rest_route=%2Fwp%2Fv2%2Fmedia&parent=27210"}],"wp:term":[{"taxonomy":"category","embeddable":true,"href":"https:\/\/insideamateurfussball-ffm.de\/index.php?rest_route=%2Fwp%2Fv2%2Fcategories&post=27210"},{"taxonomy":"post_tag","embeddable":true,"href":"https:\/\/insideamateurfussball-ffm.de\/index.php?rest_route=%2Fwp%2Fv2%2Ftags&post=27210"}],"curies":[{"name":"wp","href":"https:\/\/api.w.org\/{rel}","templated":true}]}}