{"id":27206,"date":"2025-08-18T11:20:33","date_gmt":"2025-08-18T10:20:33","guid":{"rendered":"https:\/\/insideamateurfussball-ffm.de\/?p=27206"},"modified":"2025-08-18T11:20:33","modified_gmt":"2025-08-18T10:20:33","slug":"klatsche-fuer-sv-zeilsheim","status":"publish","type":"post","link":"https:\/\/insideamateurfussball-ffm.de\/?p=27206","title":{"rendered":"Klatsche f\u00fcr SV Zeilsheim"},"content":{"rendered":"<h4>Nach zwei Siegen zu Beginn der Saison musste der SV Zeilsheim bei der zweiten Mannschaft des TSV Steinbach Haiger eine deftige Niederlage einstecken, am Ende kamen die Frankfurter mit 0:8 unter die R\u00e4der. Den Bericht lieferte SV-Vorsitzender Peter Strauch.<\/h4>\n<figure id=\"attachment_27207\" aria-describedby=\"caption-attachment-27207\" style=\"width: 1443px\" class=\"wp-caption alignnone\"><img loading=\"lazy\" decoding=\"async\" class=\"wp-image-27207 size-full\" src=\"http:\/\/insideamateurfussball-ffm.de\/wp-content\/uploads\/2025\/08\/Einzig-SV-Keeper-Paul-Siegers-hatte-in-Steinbach-Normalform.jpg\" alt=\"\" width=\"1443\" height=\"1242\" srcset=\"https:\/\/insideamateurfussball-ffm.de\/wp-content\/uploads\/2025\/08\/Einzig-SV-Keeper-Paul-Siegers-hatte-in-Steinbach-Normalform.jpg 1443w, https:\/\/insideamateurfussball-ffm.de\/wp-content\/uploads\/2025\/08\/Einzig-SV-Keeper-Paul-Siegers-hatte-in-Steinbach-Normalform-300x258.jpg 300w, https:\/\/insideamateurfussball-ffm.de\/wp-content\/uploads\/2025\/08\/Einzig-SV-Keeper-Paul-Siegers-hatte-in-Steinbach-Normalform-1024x881.jpg 1024w, https:\/\/insideamateurfussball-ffm.de\/wp-content\/uploads\/2025\/08\/Einzig-SV-Keeper-Paul-Siegers-hatte-in-Steinbach-Normalform-768x661.jpg 768w\" sizes=\"auto, (max-width: 1443px) 100vw, 1443px\" \/><figcaption id=\"caption-attachment-27207\" class=\"wp-caption-text\">Einzig SV-Keeper Paul Siegers hatte in Steinbach Normalform. Foto: Verein<\/figcaption><\/figure>\n<h4>TSV Steinbach Haiger II &#8211; SV Zeilsheim 8:0 (4:0)<\/h4>\n<p><img loading=\"lazy\" decoding=\"async\" class=\"alignnone size-full wp-image-2490\" src=\"http:\/\/insideamateurfussball-ffm.de\/wp-content\/uploads\/2022\/09\/Steinbach-Haiger.jpg\" alt=\"\" width=\"60\" height=\"80\" \/><img loading=\"lazy\" decoding=\"async\" class=\"alignnone size-full wp-image-20302\" src=\"http:\/\/insideamateurfussball-ffm.de\/wp-content\/uploads\/2024\/08\/logo-zeilsheim.jpeg\" alt=\"\" width=\"68\" height=\"80\" \/><\/p>\n<p>(Steinbach-Haiger, 17.08.2025).<\/p>\n<p>Angesichts eines solchen Debakels geriet selbst Zeilsheims langj\u00e4hriger Vorsitzender Peter Strauch ins Gr\u00fcbeln. Eine solch hohe Niederlage zu Verbandsliga-Zeiten hat auch der Vereinsboss in Jahrzehnten selten erlebt. &#8222;Es gab mal ein 2:10 in Ederbergland, das ist aber schon gut 20 Jahre her&#8220;, sagte Strauch auf der Heimfahrt aus Mittelhessen. Der Hessenliga-Absteiger, in der Vorsaison sang- und klanglos Tabellenletzter, zeigte gegen den Mitfavoriten Zeilsheim eine Machtdemonstration. Der Regionalliga-Unterbau lieferte in puncto Zweikampfst\u00e4rke, Passsicherheit und Umschaltspiel eine Topleistung ab, schenkte den Zeilsheimern pro Halbzeit je vier Treffer ein &#8211; auch beg\u00fcnstigt durch Nachl\u00e4ssigkeiten in der Zeilsheimer Defensive.<\/p>\n<p>&#8222;Das hatte schon mehr als Oberliga-Qualit\u00e4t. Sie haben jeden Fehler von uns brutal ausgenutzt. Das Beste am Spiel f\u00fcr uns war, dass der Schiedsrichter uns irgendwann erl\u00f6st hat, das war schwere Kost heute&#8220;, sagte Strauch. Das Torverh\u00e4ltnis ist zwar zun\u00e4chst verhagelt, dennoch stehen durch die zwei Start-Siege bereits sechs Punkte auf der Habenseite der &#8222;Gr\u00fcnen&#8220;. Und damit einer mehr als der kommende Gegner Hornau, die in Breidenbach nach zwei Start-Remis den ersten Sieg feierte. Beide Main-Taunus-Verbandsligisten stehen sich am Donnerstag im Derby gegen\u00fcber. Viel Zeit, \u00fcber die deftige Niederlage nachzudenken, bleibt den Zeilsheimern also nicht. Vielleicht ist auch das eine der wenigen Positiv-Aspekte dieses gebrauchten Sonntagnachmittags f\u00fcr die West-Frankfurter. &#8222;Da m\u00fcssen wir wieder Gas geben, das wird ein interessantes Spiel&#8220;, sagt Strauch. Der Wiesbadener Kurier zeigt die Partie im Livestream.<\/p>\n<p>So spielte der SV: Paul Siegers, Leonardo Bianco, Dino Kurbegovic, Ivo Juricic (31. Jannik Hennes Lacayo), Dominique Jourdan, Hiroki Torinomi (31. Mikael Neway), Luftrim Kodraliu \u00a0(70. Levin Pekcan), Amar Zildzovic (46. Takuto Tanaka), Tolga Demirbas, Oliver Ruklic, Dominik Ortega-Tapia (77. Belal Dashti).<\/p>\n<h4>Schiedsrichter: Tim Wiesner<\/h4>\n<h4>Tore: 1:0 Andreas Busik (17.), 2:0 Kim Bellinghausen (20.), 3:0 Benit Dinaj (31.), 4:0 Oguzhan Aysel (39.), 5:0 Maik Diede (49., Elfmeter), 6:0 Oguzhan Aysel (53.), 7:0 Benit Dinaj (66., Elfmeter), 8:0 Kamil Orzechowski (87.)<\/h4>\n","protected":false},"excerpt":{"rendered":"<p>Nach zwei Siegen zu Beginn der Saison musste der SV Zeilsheim bei der zweiten Mannschaft des TSV Steinbach Haiger eine deftige Niederlage einstecken, am Ende kamen die Frankfurter mit 0:8 unter die R\u00e4der. Den Bericht lieferte SV-Vorsitzender Peter Strauch. TSV Steinbach Haiger II &#8211; SV Zeilsheim 8:0 (4:0) (Steinbach-Haiger, 17.08.2025). Angesichts eines solchen Debakels geriet [&hellip;]<\/p>\n","protected":false},"author":3,"featured_media":27207,"comment_status":"closed","ping_status":"open","sticky":true,"template":"","format":"standard","meta":{"footnotes":""},"categories":[32],"tags":[],"class_list":["post-27206","post","type-post","status-publish","format-standard","has-post-thumbnail","hentry","category-verbandsliga-mitte"],"_links":{"self":[{"href":"https:\/\/insideamateurfussball-ffm.de\/index.php?rest_route=\/wp\/v2\/posts\/27206","targetHints":{"allow":["GET"]}}],"collection":[{"href":"https:\/\/insideamateurfussball-ffm.de\/index.php?rest_route=\/wp\/v2\/posts"}],"about":[{"href":"https:\/\/insideamateurfussball-ffm.de\/index.php?rest_route=\/wp\/v2\/types\/post"}],"author":[{"embeddable":true,"href":"https:\/\/insideamateurfussball-ffm.de\/index.php?rest_route=\/wp\/v2\/users\/3"}],"replies":[{"embeddable":true,"href":"https:\/\/insideamateurfussball-ffm.de\/index.php?rest_route=%2Fwp%2Fv2%2Fcomments&post=27206"}],"version-history":[{"count":2,"href":"https:\/\/insideamateurfussball-ffm.de\/index.php?rest_route=\/wp\/v2\/posts\/27206\/revisions"}],"predecessor-version":[{"id":27209,"href":"https:\/\/insideamateurfussball-ffm.de\/index.php?rest_route=\/wp\/v2\/posts\/27206\/revisions\/27209"}],"wp:featuredmedia":[{"embeddable":true,"href":"https:\/\/insideamateurfussball-ffm.de\/index.php?rest_route=\/wp\/v2\/media\/27207"}],"wp:attachment":[{"href":"https:\/\/insideamateurfussball-ffm.de\/index.php?rest_route=%2Fwp%2Fv2%2Fmedia&parent=27206"}],"wp:term":[{"taxonomy":"category","embeddable":true,"href":"https:\/\/insideamateurfussball-ffm.de\/index.php?rest_route=%2Fwp%2Fv2%2Fcategories&post=27206"},{"taxonomy":"post_tag","embeddable":true,"href":"https:\/\/insideamateurfussball-ffm.de\/index.php?rest_route=%2Fwp%2Fv2%2Ftags&post=27206"}],"curies":[{"name":"wp","href":"https:\/\/api.w.org\/{rel}","templated":true}]}}