{"id":27177,"date":"2025-08-18T09:58:59","date_gmt":"2025-08-18T08:58:59","guid":{"rendered":"https:\/\/insideamateurfussball-ffm.de\/?p=27177"},"modified":"2025-08-18T09:58:59","modified_gmt":"2025-08-18T08:58:59","slug":"rw-frankfurt-mit-klarem-06-bei-rw-darmstadt","status":"publish","type":"post","link":"https:\/\/insideamateurfussball-ffm.de\/?p=27177","title":{"rendered":"RW Frankfurt mit klarem 0:6 bei RW Darmstadt"},"content":{"rendered":"<h4>Rot-Weiss Frankfurt musste seine erste Niederlage in dieser Saison einstecken, beim Namensvetter SKV RV Darmstadt gab es eine Niederlage, die mit 0:6 sehr deutlich ausfiel.<\/h4>\n<figure id=\"attachment_27050\" aria-describedby=\"caption-attachment-27050\" style=\"width: 2560px\" class=\"wp-caption alignnone\"><img loading=\"lazy\" decoding=\"async\" class=\"wp-image-27050 size-full\" src=\"http:\/\/insideamateurfussball-ffm.de\/wp-content\/uploads\/2025\/08\/SGB-RWDA_250810-23-scaled.jpg\" alt=\"\" width=\"2560\" height=\"1707\" srcset=\"https:\/\/insideamateurfussball-ffm.de\/wp-content\/uploads\/2025\/08\/SGB-RWDA_250810-23-scaled.jpg 2560w, https:\/\/insideamateurfussball-ffm.de\/wp-content\/uploads\/2025\/08\/SGB-RWDA_250810-23-300x200.jpg 300w, https:\/\/insideamateurfussball-ffm.de\/wp-content\/uploads\/2025\/08\/SGB-RWDA_250810-23-1024x683.jpg 1024w, https:\/\/insideamateurfussball-ffm.de\/wp-content\/uploads\/2025\/08\/SGB-RWDA_250810-23-768x512.jpg 768w, https:\/\/insideamateurfussball-ffm.de\/wp-content\/uploads\/2025\/08\/SGB-RWDA_250810-23-1536x1024.jpg 1536w, https:\/\/insideamateurfussball-ffm.de\/wp-content\/uploads\/2025\/08\/SGB-RWDA_250810-23-2048x1365.jpg 2048w\" sizes=\"auto, (max-width: 2560px) 100vw, 2560px\" \/><figcaption id=\"caption-attachment-27050\" class=\"wp-caption-text\">Nach dem Spiel in Bornheim gewannen die Rot-Weissen aus Darmstadt (links im Bild) auch gegen den n\u00e4chsten Frankfurter Gegner, RW Frankfurt. Foto: Archiv Andre Sturmeit<\/figcaption><\/figure>\n<h4>SKV RW Darmstadt &#8211; SG RW Frankfurt 6:0 (2:0)<\/h4>\n<p><img loading=\"lazy\" decoding=\"async\" class=\"alignnone size-full wp-image-328\" src=\"http:\/\/insideamateurfussball-ffm.de\/wp-content\/uploads\/2022\/05\/RWDA.png\" alt=\"\" width=\"76\" height=\"80\" \/><img loading=\"lazy\" decoding=\"async\" class=\"alignnone size-full wp-image-4032\" src=\"http:\/\/insideamateurfussball-ffm.de\/wp-content\/uploads\/2022\/11\/rot-weiss.png\" alt=\"\" width=\"80\" height=\"70\" \/><\/p>\n<p>Rot-Weiss Frankfurt musste zum Spitzenreiter RW Darmstadt reisen und kam dort klar mit 0:6 unter die R\u00e4der. Dabei zeigten die Darmst\u00e4dter ihre gro\u00dfe St\u00e4rke mehrfach im Spiel, Frankfurts Trainer Ibo Cigdem meinte: \u201ewir haben heute eine Lehrstunde bekommen, was das Umschaltspiel angeht\u201c. Zwar waren die G\u00e4ste aus Frankfurt in den ersten Minuten durchaus gleichwertig, doch in der 20.Minute fiel das 1:0 f\u00fcr Darmstadt, Emin Aykir nahm einen langen Ball auf, umkurvte auch noch den Torh\u00fcter und schob zur F\u00fchrung f\u00fcr die Gastgeber ein. Und erneut Aykir war es in der 33.Minute, der den 2:0-Halbzeitstand mit einem Schuss aus 16 Metern erzielen konnte.<\/p>\n<p>In der zweiten Halbzeit wollten die Frankfurter das Spiel noch drehen, doch in der 53.Minute stand es 0:3, G\u00e4ste-Torwart Daniel Zeaiter konnte einen Schuss von Robin Schwarz gerade noch abwehren, doch im Nachschuss war Valentin Schweickert erfolgreich. Innerhalb von 7 Minuten erh\u00f6hten die Gastgeber dann noch auf 6:0, Robin Schwarz in der 64.Minute, Florian Zorn in der 67.Minute und Emin Aykir mit seinem dritten Tor in er 71.Minute sorgten f\u00fcr den Endstand und die Verteidigung der Tabellenf\u00fchrung in der Verbandsliga.<\/p>\n<p>Trainer Cigdem: \u201eDarmstadt war brutal effektiv, sie waren siebenmal vor unserem Tor, sechsmal hat es gekracht. Wir m\u00fcssen diese herbe Niederlage jetzt absch\u00fctteln und nicht alles schlechtmachen, was in der Vorbereitung und den ersten zwei Spielen gut war. Dann verliere ich lieber einmal 0:6 als sechsmal 0:1\u201c. \u00a0Am Mittwoch ist RW Frankfurt spielfrei, da das angesetzte Spiel bei den Sportfreunden Seligenstadt ohne Wissen der beiden Vereine fr\u00fch vom Verband abgesetzt wurde. Am n\u00e4chsten Sonntag geht es dann gegen den Aufsteiger SG Langstadt\/Babenhausen.<\/p>\n<h4>Schiedsrichter: Vincent Schandry (1.FC-TSG K\u00f6nigstein). Zuschauer: 200.<\/h4>\n<h4>Tore: 1:0 Emin Aykir (20.), 2:0 Emin Aykir (33.), 3:0 Valentin Schweickert (53.), 4:0 Robin Schwarz (64.), 5:0 Florian Zorn (67.), 6:0 Emin Aykir (71.)<\/h4>\n","protected":false},"excerpt":{"rendered":"<p>Rot-Weiss Frankfurt musste seine erste Niederlage in dieser Saison einstecken, beim Namensvetter SKV RV Darmstadt gab es eine Niederlage, die mit 0:6 sehr deutlich ausfiel. SKV RW Darmstadt &#8211; SG RW Frankfurt 6:0 (2:0) Rot-Weiss Frankfurt musste zum Spitzenreiter RW Darmstadt reisen und kam dort klar mit 0:6 unter die R\u00e4der. Dabei zeigten die Darmst\u00e4dter [&hellip;]<\/p>\n","protected":false},"author":3,"featured_media":27050,"comment_status":"closed","ping_status":"open","sticky":true,"template":"","format":"standard","meta":{"footnotes":""},"categories":[10],"tags":[],"class_list":["post-27177","post","type-post","status-publish","format-standard","has-post-thumbnail","hentry","category-verbandsliga-sued"],"_links":{"self":[{"href":"https:\/\/insideamateurfussball-ffm.de\/index.php?rest_route=\/wp\/v2\/posts\/27177","targetHints":{"allow":["GET"]}}],"collection":[{"href":"https:\/\/insideamateurfussball-ffm.de\/index.php?rest_route=\/wp\/v2\/posts"}],"about":[{"href":"https:\/\/insideamateurfussball-ffm.de\/index.php?rest_route=\/wp\/v2\/types\/post"}],"author":[{"embeddable":true,"href":"https:\/\/insideamateurfussball-ffm.de\/index.php?rest_route=\/wp\/v2\/users\/3"}],"replies":[{"embeddable":true,"href":"https:\/\/insideamateurfussball-ffm.de\/index.php?rest_route=%2Fwp%2Fv2%2Fcomments&post=27177"}],"version-history":[{"count":2,"href":"https:\/\/insideamateurfussball-ffm.de\/index.php?rest_route=\/wp\/v2\/posts\/27177\/revisions"}],"predecessor-version":[{"id":27179,"href":"https:\/\/insideamateurfussball-ffm.de\/index.php?rest_route=\/wp\/v2\/posts\/27177\/revisions\/27179"}],"wp:featuredmedia":[{"embeddable":true,"href":"https:\/\/insideamateurfussball-ffm.de\/index.php?rest_route=\/wp\/v2\/media\/27050"}],"wp:attachment":[{"href":"https:\/\/insideamateurfussball-ffm.de\/index.php?rest_route=%2Fwp%2Fv2%2Fmedia&parent=27177"}],"wp:term":[{"taxonomy":"category","embeddable":true,"href":"https:\/\/insideamateurfussball-ffm.de\/index.php?rest_route=%2Fwp%2Fv2%2Fcategories&post=27177"},{"taxonomy":"post_tag","embeddable":true,"href":"https:\/\/insideamateurfussball-ffm.de\/index.php?rest_route=%2Fwp%2Fv2%2Ftags&post=27177"}],"curies":[{"name":"wp","href":"https:\/\/api.w.org\/{rel}","templated":true}]}}