{"id":27161,"date":"2025-08-16T16:09:06","date_gmt":"2025-08-16T15:09:06","guid":{"rendered":"https:\/\/insideamateurfussball-ffm.de\/?p=27161"},"modified":"2025-08-16T16:09:06","modified_gmt":"2025-08-16T15:09:06","slug":"kalbach-erkaempft-sich-00-in-seligenstadt","status":"publish","type":"post","link":"https:\/\/insideamateurfussball-ffm.de\/?p=27161","title":{"rendered":"Kalbach erk\u00e4mpft sich 0:0 in Seligenstadt"},"content":{"rendered":"<h4>Der FC Kalbach holte seinen ersten Punkt in der Verbandsliga, bei den favorisierten Sportfreunden aus Seligenstadt, die in der kompletten zweiten Halbzeit in Unterzahl spielten, erk\u00e4mpften die Frankfurter ein verdientes 0:0.<\/h4>\n<figure id=\"attachment_27173\" aria-describedby=\"caption-attachment-27173\" style=\"width: 2016px\" class=\"wp-caption alignnone\"><img loading=\"lazy\" decoding=\"async\" class=\"wp-image-27173 size-full\" src=\"http:\/\/insideamateurfussball-ffm.de\/wp-content\/uploads\/2025\/08\/seligenstadrkalbach12.jpg\" alt=\"\" width=\"2016\" height=\"1512\" srcset=\"https:\/\/insideamateurfussball-ffm.de\/wp-content\/uploads\/2025\/08\/seligenstadrkalbach12.jpg 2016w, https:\/\/insideamateurfussball-ffm.de\/wp-content\/uploads\/2025\/08\/seligenstadrkalbach12-300x225.jpg 300w, https:\/\/insideamateurfussball-ffm.de\/wp-content\/uploads\/2025\/08\/seligenstadrkalbach12-1024x768.jpg 1024w, https:\/\/insideamateurfussball-ffm.de\/wp-content\/uploads\/2025\/08\/seligenstadrkalbach12-768x576.jpg 768w, https:\/\/insideamateurfussball-ffm.de\/wp-content\/uploads\/2025\/08\/seligenstadrkalbach12-1536x1152.jpg 1536w\" sizes=\"auto, (max-width: 2016px) 100vw, 2016px\" \/><figcaption id=\"caption-attachment-27173\" class=\"wp-caption-text\">Kalbachs Trainer Aaz Dine Zarioh mit seiner Ansprache im Kreis nach dem Spiel. Foto: MZ<\/figcaption><\/figure>\n<h4>Sportfreunde Seligenstadt &#8211; FC Kalbach 0:0<\/h4>\n<p><img loading=\"lazy\" decoding=\"async\" class=\"alignnone size-full wp-image-2324\" src=\"http:\/\/insideamateurfussball-ffm.de\/wp-content\/uploads\/2022\/08\/Seligen.jpg\" alt=\"\" width=\"72\" height=\"80\" \/><img loading=\"lazy\" decoding=\"async\" class=\"alignnone size-full wp-image-16\" src=\"http:\/\/insideamateurfussball-ffm.de\/wp-content\/uploads\/2021\/11\/kalbach-wappen.jpg\" alt=\"\" width=\"80\" height=\"80\" \/><\/p>\n<p>Nach zwei Niederlagen zu Beginn der Verbandsliga-Saison konnte Aufsteiger Kalbach zum ersten Mal punkten, das 0:0 am Ende war nicht nur verdient, sondern vielleicht auch zu wenig. In der ersten Halbzeit war es ein Abnutzungskampf, in dem die Kalbacher gut verteidigten und den Favoriten aus Seligenstadt kaum Chancen boten. Die Gastgeber wehrten sich und griffen teilweise zu unerlaubten Mitteln, Robin Weber, der Mitte der ersten Halbzeit nach einem groben Foul an Philipp Sieber schon gelb gesehen hatte, rutschte in der f\u00fcnften Minute der Nachspielzeit der ersten Halbzeit mit einer Gr\u00e4tsche \u00fcbermotiviert in Kalbachs Torh\u00fcter Simon Niklas M\u00fcller rein und sah zurecht die gelb-rote Karte.<\/p>\n<p>In der zweiten Halbzeit dominierte der Aufsteiger dann das Spiel, die erste gro\u00dfe Chance hatte aber Gastgeber Seligenstadt in der 48.Minute, als Torwart M\u00fcller mit einem Reflex den R\u00fcckstand verhindern konnte. Danach spielte dann nur noch Kalbach, in der 52.Minute die beste M\u00f6glichkeit zur F\u00fchrung, doch nach einer Ecke schoss am langen Pfosten Huimang Park aus drei Metern den Ball am Tor vorbei. Bis zur Nachspielzeit lebte das Spiel von seiner Spannung, die Seligenst\u00e4dter sammelten einige gelbe Karten wegen Foulspiels und wegen Meckerns, ehe Achraf Gara Ali den Lucky Punch in der Nachspielzeit verpasste. Aus 10 Metern landete sein schwacher Schuss in den Armen des Torwarts.<\/p>\n<p>Trainer Aaz Dine Zarioh nach dem Spiel: \u201eam Ende muss man sagen, das war gef\u00fchlt eine Niederlage, f\u00fcr ein 0:0 kann ich mir nichts kaufen. Manche werden den Punkt feiern, aber in der letzten Minute der Nachspielzeit hast Du die gro\u00dfe Chance und sonst noch zwei drei Aktionen, die du machen musst oder zumindest aufs Tor bringen musst. Der Gegner war nach der gelb-roten Karte komplett aus dem Spiel, sie kamen nur \u00fcber Fouls und Standards, da muss man es einfach hinten raus cleverer machen. Ich muss sagen, Hut ab daf\u00fcr, dass wir eigentlich einen Favoriten dominiert haben, mit Ball waren wir klar die bessere Mannschaft, auch in der ersten H\u00e4lfte mit 11 gegen 11 hatten wir mehr Ballbesitz. Schade eigentlich, das 0:0 f\u00fchlt sich wie gesagt wie eine Niederlage an. Die Jungs sind gut zur\u00fcckgekommen nach zwei Niederlagen, die auch nicht h\u00e4tten sein m\u00fcssen, jetzt hei\u00dft es, sich belohnen, damit man in der Verbandsliga ankommt.\u201c<\/p>\n<p>Am n\u00e4chsten Mittwoch empfangen die Kalbacher dann die Germania aus Ober-Roden.<\/p>\n<h4>Schiedsrichter: Raphael J\u00fcch (SG Arheilgen). Zuschauer: 100.<\/h4>\n<h4>Tore: Fehlanzeige<\/h4>\n\n\n<figure class=\"wp-block-image size-large\"><img loading=\"lazy\" decoding=\"async\" width=\"1024\" height=\"768\" src=\"http:\/\/insideamateurfussball-ffm.de\/wp-content\/uploads\/2025\/08\/seligenstadrkalbach01-1024x768.jpg\" alt=\"\" class=\"wp-image-27162\" srcset=\"https:\/\/insideamateurfussball-ffm.de\/wp-content\/uploads\/2025\/08\/seligenstadrkalbach01-1024x768.jpg 1024w, https:\/\/insideamateurfussball-ffm.de\/wp-content\/uploads\/2025\/08\/seligenstadrkalbach01-300x225.jpg 300w, https:\/\/insideamateurfussball-ffm.de\/wp-content\/uploads\/2025\/08\/seligenstadrkalbach01-768x576.jpg 768w, https:\/\/insideamateurfussball-ffm.de\/wp-content\/uploads\/2025\/08\/seligenstadrkalbach01-1536x1152.jpg 1536w, https:\/\/insideamateurfussball-ffm.de\/wp-content\/uploads\/2025\/08\/seligenstadrkalbach01.jpg 2016w\" sizes=\"auto, (max-width: 1024px) 100vw, 1024px\" \/><\/figure>\n\n\n\n<figure class=\"wp-block-image size-large\"><img loading=\"lazy\" decoding=\"async\" width=\"1024\" height=\"768\" src=\"http:\/\/insideamateurfussball-ffm.de\/wp-content\/uploads\/2025\/08\/seligenstadrkalbach02-1024x768.jpg\" alt=\"\" class=\"wp-image-27163\" srcset=\"https:\/\/insideamateurfussball-ffm.de\/wp-content\/uploads\/2025\/08\/seligenstadrkalbach02-1024x768.jpg 1024w, https:\/\/insideamateurfussball-ffm.de\/wp-content\/uploads\/2025\/08\/seligenstadrkalbach02-300x225.jpg 300w, https:\/\/insideamateurfussball-ffm.de\/wp-content\/uploads\/2025\/08\/seligenstadrkalbach02-768x576.jpg 768w, https:\/\/insideamateurfussball-ffm.de\/wp-content\/uploads\/2025\/08\/seligenstadrkalbach02-1536x1152.jpg 1536w, https:\/\/insideamateurfussball-ffm.de\/wp-content\/uploads\/2025\/08\/seligenstadrkalbach02.jpg 2016w\" sizes=\"auto, (max-width: 1024px) 100vw, 1024px\" \/><\/figure>\n\n\n\n<figure class=\"wp-block-image size-large\"><img loading=\"lazy\" decoding=\"async\" width=\"1024\" height=\"768\" src=\"http:\/\/insideamateurfussball-ffm.de\/wp-content\/uploads\/2025\/08\/seligenstadrkalbach03-1024x768.jpg\" alt=\"\" class=\"wp-image-27164\" srcset=\"https:\/\/insideamateurfussball-ffm.de\/wp-content\/uploads\/2025\/08\/seligenstadrkalbach03-1024x768.jpg 1024w, https:\/\/insideamateurfussball-ffm.de\/wp-content\/uploads\/2025\/08\/seligenstadrkalbach03-300x225.jpg 300w, https:\/\/insideamateurfussball-ffm.de\/wp-content\/uploads\/2025\/08\/seligenstadrkalbach03-768x576.jpg 768w, https:\/\/insideamateurfussball-ffm.de\/wp-content\/uploads\/2025\/08\/seligenstadrkalbach03-1536x1152.jpg 1536w, https:\/\/insideamateurfussball-ffm.de\/wp-content\/uploads\/2025\/08\/seligenstadrkalbach03.jpg 2016w\" sizes=\"auto, (max-width: 1024px) 100vw, 1024px\" \/><\/figure>\n\n\n\n<figure class=\"wp-block-image size-large\"><img loading=\"lazy\" decoding=\"async\" width=\"1024\" height=\"768\" src=\"http:\/\/insideamateurfussball-ffm.de\/wp-content\/uploads\/2025\/08\/seligenstadrkalbach04-1024x768.jpg\" alt=\"\" class=\"wp-image-27165\" srcset=\"https:\/\/insideamateurfussball-ffm.de\/wp-content\/uploads\/2025\/08\/seligenstadrkalbach04-1024x768.jpg 1024w, https:\/\/insideamateurfussball-ffm.de\/wp-content\/uploads\/2025\/08\/seligenstadrkalbach04-300x225.jpg 300w, https:\/\/insideamateurfussball-ffm.de\/wp-content\/uploads\/2025\/08\/seligenstadrkalbach04-768x576.jpg 768w, https:\/\/insideamateurfussball-ffm.de\/wp-content\/uploads\/2025\/08\/seligenstadrkalbach04-1536x1152.jpg 1536w, https:\/\/insideamateurfussball-ffm.de\/wp-content\/uploads\/2025\/08\/seligenstadrkalbach04.jpg 2016w\" sizes=\"auto, (max-width: 1024px) 100vw, 1024px\" \/><\/figure>\n\n\n\n<figure class=\"wp-block-image size-large\"><img loading=\"lazy\" decoding=\"async\" width=\"1024\" height=\"768\" src=\"http:\/\/insideamateurfussball-ffm.de\/wp-content\/uploads\/2025\/08\/seligenstadrkalbach05-1024x768.jpg\" alt=\"\" class=\"wp-image-27166\" srcset=\"https:\/\/insideamateurfussball-ffm.de\/wp-content\/uploads\/2025\/08\/seligenstadrkalbach05-1024x768.jpg 1024w, https:\/\/insideamateurfussball-ffm.de\/wp-content\/uploads\/2025\/08\/seligenstadrkalbach05-300x225.jpg 300w, https:\/\/insideamateurfussball-ffm.de\/wp-content\/uploads\/2025\/08\/seligenstadrkalbach05-768x576.jpg 768w, https:\/\/insideamateurfussball-ffm.de\/wp-content\/uploads\/2025\/08\/seligenstadrkalbach05-1536x1152.jpg 1536w, https:\/\/insideamateurfussball-ffm.de\/wp-content\/uploads\/2025\/08\/seligenstadrkalbach05.jpg 2016w\" sizes=\"auto, (max-width: 1024px) 100vw, 1024px\" \/><\/figure>\n\n\n\n<figure class=\"wp-block-image size-large\"><img loading=\"lazy\" decoding=\"async\" width=\"1024\" height=\"768\" src=\"http:\/\/insideamateurfussball-ffm.de\/wp-content\/uploads\/2025\/08\/seligenstadrkalbach06-1024x768.jpg\" alt=\"\" class=\"wp-image-27167\" srcset=\"https:\/\/insideamateurfussball-ffm.de\/wp-content\/uploads\/2025\/08\/seligenstadrkalbach06-1024x768.jpg 1024w, https:\/\/insideamateurfussball-ffm.de\/wp-content\/uploads\/2025\/08\/seligenstadrkalbach06-300x225.jpg 300w, https:\/\/insideamateurfussball-ffm.de\/wp-content\/uploads\/2025\/08\/seligenstadrkalbach06-768x576.jpg 768w, https:\/\/insideamateurfussball-ffm.de\/wp-content\/uploads\/2025\/08\/seligenstadrkalbach06-1536x1152.jpg 1536w, https:\/\/insideamateurfussball-ffm.de\/wp-content\/uploads\/2025\/08\/seligenstadrkalbach06.jpg 2016w\" sizes=\"auto, (max-width: 1024px) 100vw, 1024px\" \/><\/figure>\n\n\n\n<figure class=\"wp-block-image size-large\"><img loading=\"lazy\" decoding=\"async\" width=\"1024\" height=\"768\" src=\"http:\/\/insideamateurfussball-ffm.de\/wp-content\/uploads\/2025\/08\/seligenstadrkalbach07-1024x768.jpg\" alt=\"\" class=\"wp-image-27168\" srcset=\"https:\/\/insideamateurfussball-ffm.de\/wp-content\/uploads\/2025\/08\/seligenstadrkalbach07-1024x768.jpg 1024w, https:\/\/insideamateurfussball-ffm.de\/wp-content\/uploads\/2025\/08\/seligenstadrkalbach07-300x225.jpg 300w, https:\/\/insideamateurfussball-ffm.de\/wp-content\/uploads\/2025\/08\/seligenstadrkalbach07-768x576.jpg 768w, https:\/\/insideamateurfussball-ffm.de\/wp-content\/uploads\/2025\/08\/seligenstadrkalbach07-1536x1152.jpg 1536w, https:\/\/insideamateurfussball-ffm.de\/wp-content\/uploads\/2025\/08\/seligenstadrkalbach07.jpg 2016w\" sizes=\"auto, (max-width: 1024px) 100vw, 1024px\" \/><\/figure>\n\n\n\n<figure class=\"wp-block-image size-large\"><img loading=\"lazy\" decoding=\"async\" width=\"1024\" height=\"768\" src=\"http:\/\/insideamateurfussball-ffm.de\/wp-content\/uploads\/2025\/08\/seligenstadrkalbach08-1024x768.jpg\" alt=\"\" class=\"wp-image-27169\" srcset=\"https:\/\/insideamateurfussball-ffm.de\/wp-content\/uploads\/2025\/08\/seligenstadrkalbach08-1024x768.jpg 1024w, https:\/\/insideamateurfussball-ffm.de\/wp-content\/uploads\/2025\/08\/seligenstadrkalbach08-300x225.jpg 300w, https:\/\/insideamateurfussball-ffm.de\/wp-content\/uploads\/2025\/08\/seligenstadrkalbach08-768x576.jpg 768w, https:\/\/insideamateurfussball-ffm.de\/wp-content\/uploads\/2025\/08\/seligenstadrkalbach08-1536x1152.jpg 1536w, https:\/\/insideamateurfussball-ffm.de\/wp-content\/uploads\/2025\/08\/seligenstadrkalbach08.jpg 2016w\" sizes=\"auto, (max-width: 1024px) 100vw, 1024px\" \/><\/figure>\n\n\n\n<figure class=\"wp-block-image size-large\"><img loading=\"lazy\" decoding=\"async\" width=\"1024\" height=\"768\" src=\"http:\/\/insideamateurfussball-ffm.de\/wp-content\/uploads\/2025\/08\/seligenstadrkalbach09-1024x768.jpg\" alt=\"\" class=\"wp-image-27170\" srcset=\"https:\/\/insideamateurfussball-ffm.de\/wp-content\/uploads\/2025\/08\/seligenstadrkalbach09-1024x768.jpg 1024w, https:\/\/insideamateurfussball-ffm.de\/wp-content\/uploads\/2025\/08\/seligenstadrkalbach09-300x225.jpg 300w, https:\/\/insideamateurfussball-ffm.de\/wp-content\/uploads\/2025\/08\/seligenstadrkalbach09-768x576.jpg 768w, https:\/\/insideamateurfussball-ffm.de\/wp-content\/uploads\/2025\/08\/seligenstadrkalbach09-1536x1152.jpg 1536w, https:\/\/insideamateurfussball-ffm.de\/wp-content\/uploads\/2025\/08\/seligenstadrkalbach09.jpg 2016w\" sizes=\"auto, (max-width: 1024px) 100vw, 1024px\" \/><\/figure>\n\n\n\n<figure class=\"wp-block-image size-large\"><img loading=\"lazy\" decoding=\"async\" width=\"1024\" height=\"768\" src=\"http:\/\/insideamateurfussball-ffm.de\/wp-content\/uploads\/2025\/08\/seligenstadrkalbach10-1024x768.jpg\" alt=\"\" class=\"wp-image-27171\" srcset=\"https:\/\/insideamateurfussball-ffm.de\/wp-content\/uploads\/2025\/08\/seligenstadrkalbach10-1024x768.jpg 1024w, https:\/\/insideamateurfussball-ffm.de\/wp-content\/uploads\/2025\/08\/seligenstadrkalbach10-300x225.jpg 300w, https:\/\/insideamateurfussball-ffm.de\/wp-content\/uploads\/2025\/08\/seligenstadrkalbach10-768x576.jpg 768w, https:\/\/insideamateurfussball-ffm.de\/wp-content\/uploads\/2025\/08\/seligenstadrkalbach10-1536x1152.jpg 1536w, https:\/\/insideamateurfussball-ffm.de\/wp-content\/uploads\/2025\/08\/seligenstadrkalbach10.jpg 2016w\" sizes=\"auto, (max-width: 1024px) 100vw, 1024px\" \/><\/figure>\n\n\n\n<figure class=\"wp-block-image size-large\"><img loading=\"lazy\" decoding=\"async\" width=\"1024\" height=\"768\" src=\"http:\/\/insideamateurfussball-ffm.de\/wp-content\/uploads\/2025\/08\/seligenstadrkalbach11-1024x768.jpg\" alt=\"\" class=\"wp-image-27172\" srcset=\"https:\/\/insideamateurfussball-ffm.de\/wp-content\/uploads\/2025\/08\/seligenstadrkalbach11-1024x768.jpg 1024w, https:\/\/insideamateurfussball-ffm.de\/wp-content\/uploads\/2025\/08\/seligenstadrkalbach11-300x225.jpg 300w, https:\/\/insideamateurfussball-ffm.de\/wp-content\/uploads\/2025\/08\/seligenstadrkalbach11-768x576.jpg 768w, https:\/\/insideamateurfussball-ffm.de\/wp-content\/uploads\/2025\/08\/seligenstadrkalbach11-1536x1152.jpg 1536w, https:\/\/insideamateurfussball-ffm.de\/wp-content\/uploads\/2025\/08\/seligenstadrkalbach11.jpg 2016w\" sizes=\"auto, (max-width: 1024px) 100vw, 1024px\" \/><\/figure>\n\n\n\n<figure class=\"wp-block-image size-large\"><img loading=\"lazy\" decoding=\"async\" width=\"1024\" height=\"768\" src=\"http:\/\/insideamateurfussball-ffm.de\/wp-content\/uploads\/2025\/08\/seligenstadrkalbach13-1024x768.jpg\" alt=\"\" class=\"wp-image-27174\" srcset=\"https:\/\/insideamateurfussball-ffm.de\/wp-content\/uploads\/2025\/08\/seligenstadrkalbach13-1024x768.jpg 1024w, https:\/\/insideamateurfussball-ffm.de\/wp-content\/uploads\/2025\/08\/seligenstadrkalbach13-300x225.jpg 300w, https:\/\/insideamateurfussball-ffm.de\/wp-content\/uploads\/2025\/08\/seligenstadrkalbach13-768x576.jpg 768w, https:\/\/insideamateurfussball-ffm.de\/wp-content\/uploads\/2025\/08\/seligenstadrkalbach13-1536x1152.jpg 1536w, https:\/\/insideamateurfussball-ffm.de\/wp-content\/uploads\/2025\/08\/seligenstadrkalbach13.jpg 2016w\" sizes=\"auto, (max-width: 1024px) 100vw, 1024px\" \/><\/figure>\n","protected":false},"excerpt":{"rendered":"<p>Der FC Kalbach holte seinen ersten Punkt in der Verbandsliga, bei den favorisierten Sportfreunden aus Seligenstadt, die in der kompletten zweiten Halbzeit in Unterzahl spielten, erk\u00e4mpften die Frankfurter ein verdientes 0:0. Sportfreunde Seligenstadt &#8211; FC Kalbach 0:0 Nach zwei Niederlagen zu Beginn der Verbandsliga-Saison konnte Aufsteiger Kalbach zum ersten Mal punkten, das 0:0 am Ende [&hellip;]<\/p>\n","protected":false},"author":3,"featured_media":27173,"comment_status":"closed","ping_status":"open","sticky":true,"template":"","format":"standard","meta":{"footnotes":""},"categories":[10],"tags":[],"class_list":["post-27161","post","type-post","status-publish","format-standard","has-post-thumbnail","hentry","category-verbandsliga-sued"],"_links":{"self":[{"href":"https:\/\/insideamateurfussball-ffm.de\/index.php?rest_route=\/wp\/v2\/posts\/27161","targetHints":{"allow":["GET"]}}],"collection":[{"href":"https:\/\/insideamateurfussball-ffm.de\/index.php?rest_route=\/wp\/v2\/posts"}],"about":[{"href":"https:\/\/insideamateurfussball-ffm.de\/index.php?rest_route=\/wp\/v2\/types\/post"}],"author":[{"embeddable":true,"href":"https:\/\/insideamateurfussball-ffm.de\/index.php?rest_route=\/wp\/v2\/users\/3"}],"replies":[{"embeddable":true,"href":"https:\/\/insideamateurfussball-ffm.de\/index.php?rest_route=%2Fwp%2Fv2%2Fcomments&post=27161"}],"version-history":[{"count":2,"href":"https:\/\/insideamateurfussball-ffm.de\/index.php?rest_route=\/wp\/v2\/posts\/27161\/revisions"}],"predecessor-version":[{"id":27176,"href":"https:\/\/insideamateurfussball-ffm.de\/index.php?rest_route=\/wp\/v2\/posts\/27161\/revisions\/27176"}],"wp:featuredmedia":[{"embeddable":true,"href":"https:\/\/insideamateurfussball-ffm.de\/index.php?rest_route=\/wp\/v2\/media\/27173"}],"wp:attachment":[{"href":"https:\/\/insideamateurfussball-ffm.de\/index.php?rest_route=%2Fwp%2Fv2%2Fmedia&parent=27161"}],"wp:term":[{"taxonomy":"category","embeddable":true,"href":"https:\/\/insideamateurfussball-ffm.de\/index.php?rest_route=%2Fwp%2Fv2%2Fcategories&post=27161"},{"taxonomy":"post_tag","embeddable":true,"href":"https:\/\/insideamateurfussball-ffm.de\/index.php?rest_route=%2Fwp%2Fv2%2Ftags&post=27161"}],"curies":[{"name":"wp","href":"https:\/\/api.w.org\/{rel}","templated":true}]}}