{"id":27113,"date":"2025-08-14T14:39:43","date_gmt":"2025-08-14T13:39:43","guid":{"rendered":"https:\/\/insideamateurfussball-ffm.de\/?p=27113"},"modified":"2025-08-14T14:39:43","modified_gmt":"2025-08-14T13:39:43","slug":"trotz-ueberlegenheit-kosova-verliert-01","status":"publish","type":"post","link":"https:\/\/insideamateurfussball-ffm.de\/?p=27113","title":{"rendered":"Trotz \u00dcberlegenheit: Kosova verliert 0:1"},"content":{"rendered":"<h4>Im Nachholspiel vom 1.Spieltag beim Mitaufsteiger FSG Burg-Gr\u00e4fenrode verlor der FC Kosova auch sein zweites Spiel, diesmal mit 0:1, obwohl die Frankfurter gef\u00fchlt 80% Ballbesitz hatten. Die Gastgeber wussten am Ende nicht, warum sie gewonnen haben.<\/h4>\n<figure id=\"attachment_27123\" aria-describedby=\"caption-attachment-27123\" style=\"width: 2016px\" class=\"wp-caption alignnone\"><img loading=\"lazy\" decoding=\"async\" class=\"wp-image-27123 size-full\" src=\"http:\/\/insideamateurfussball-ffm.de\/wp-content\/uploads\/2025\/08\/graefenrodekosova14.jpg\" alt=\"\" width=\"2016\" height=\"1512\" srcset=\"https:\/\/insideamateurfussball-ffm.de\/wp-content\/uploads\/2025\/08\/graefenrodekosova14.jpg 2016w, https:\/\/insideamateurfussball-ffm.de\/wp-content\/uploads\/2025\/08\/graefenrodekosova14-300x225.jpg 300w, https:\/\/insideamateurfussball-ffm.de\/wp-content\/uploads\/2025\/08\/graefenrodekosova14-1024x768.jpg 1024w, https:\/\/insideamateurfussball-ffm.de\/wp-content\/uploads\/2025\/08\/graefenrodekosova14-768x576.jpg 768w, https:\/\/insideamateurfussball-ffm.de\/wp-content\/uploads\/2025\/08\/graefenrodekosova14-1536x1152.jpg 1536w\" sizes=\"auto, (max-width: 2016px) 100vw, 2016px\" \/><figcaption id=\"caption-attachment-27123\" class=\"wp-caption-text\">Nach dem Spiel feierten die Spieler von Burg-Gr\u00e4fenrode 8in rot) ihren ersten Sieg in der Gruppenliga. Foto: MZ<\/figcaption><\/figure>\n<h4>FSG Burg-Gr\u00e4fenrode &#8211; FC Kosova 1:0 (0:0)<\/h4>\n<p><img loading=\"lazy\" decoding=\"async\" class=\"alignnone size-full wp-image-1337\" src=\"http:\/\/insideamateurfussball-ffm.de\/wp-content\/uploads\/2022\/07\/FSGB.png\" alt=\"\" width=\"80\" height=\"80\" \/><img loading=\"lazy\" decoding=\"async\" class=\"alignnone size-full wp-image-9\" src=\"http:\/\/insideamateurfussball-ffm.de\/wp-content\/uploads\/2021\/11\/Kosova.jpg\" alt=\"\" width=\"65\" height=\"80\" \/><\/p>\n<p>Die Partie der beiden Aufsteiger FSG Burg-Gr\u00e4fenrode gegen den FC Kosova wurde auf diese Woche verlegt, dem Neuling aus Frankfurt, der bei der 4:7-Niederlage gegen die Spvgg. 03 Fechenheim viele Geschenke verteilt hatte, fehlten viele wichtige Spieler wegen Verletzung, Krankheit, Urlaub und Sperre, das merkte man dem Spiel der G\u00e4ste vor allen Dingen in der Offensive an. \u00a0Die erste Halbzeit l\u00e4sst sich schnell zusammenfassen, der FC Kosova hatte gegen absolut harmlose Gastgeber ein spielerisches \u00dcbergewicht, aber vor dem Strafraum fehle die Kreativit\u00e4t. Distanzsch\u00fcsse wurden selten versucht, und im Strafraum waren auch die G\u00e4ste harmlos. Einzig nennenswerte Aktion in der ersten Halbzeit: ein Eckball f\u00fcr die Gastgeber, weil Kosovas Torwart Blend Bajraktari die neue Torwartregel missachtete.<\/p>\n<p>In der zweiten Halbzeit hatten die G\u00e4ste weiterhin meistens den Ball, die erste gro\u00dfe Torchance verzeichnete allerdings der Gastgeber in der 64.Minute. Ein Spieler von Burg-Gr\u00e4fenrode stand auf der linken Seite frei, doch dessen Schuss wurde von Kosovas Torwart Bajraktari gro\u00dfartig abgewehrt, der Ball sprang in die Mitte zu einem freistehenden Spieler, dessen Schuss erneut mit einer Glanzparade vom Torwart abgewehrt wurde. Kosova kam trotz spielerischer \u00dcberlegenheit mit gef\u00fchlt 80% Ballbesitz zu keinen gef\u00e4hrlichen Abschl\u00fcssen, und so musste ein Standard das Spiel entscheiden.<\/p>\n<p>Nach einem Ballverlust vor dem Strafraum konnte Kosova den ball gerade noch zur Ecke abwehren, bei der die Gastgeber ihre k\u00f6rperliche \u00dcberlegenheit ausnutzen, in der 79.Minute war Niklas Arheidt mit dem Kopf zur Stelle und sorgte f\u00fcr den ersten Sieg in der Gruppenliga f\u00fcr Burg-Gr\u00e4fenrode. Das Spiel endete dann noch mit zwei Spielausschl\u00fcssen, in der 88.Minute erhielt Kosovas Jeremy Nimako die rote Karte, nachdem der Linienrichter bei einer ruhenden Situation einen Ellenbogenschlag gesehen haben wollte. Und auch Burg-Gr\u00e4fenrode beendete das Spiel nicht zu elft, in der dritten Minute der Nachspielzeit erhielt Nando Pr\u00f6ckl wegen Ballwegschlagens die gelb-rote Karte.<\/p>\n<p>Kosovas Trainer Jorge Huberman, der die neue Wechselregel mir erlaubten R\u00fcckwechseln ausnutzte, nach dem Spiel: \u201ewir konnten die Ausf\u00e4lle von den wichtigen Schl\u00fcsselspielern nicht kompensieren. Wir h\u00e4tten wahrscheinlich bis morgen spielen k\u00f6nnen, im Strafraum vollkommene Harmlosigkeit. Und der Ballverlust, der hier im Mittelfeld stattfind, genauso wie gegen Fechenheim, in der Mitte, Ball am Fuss, Ball verloren, darauf die Ecke gegen einen gro\u00dfen Gegner, Tor. Die hatten eine Chance und ein paar Ecken, das wars. Wir hatten 90% Ballanteile oder 80, aber weniger Torchancen, v\u00f6llig harmlos.\u201c.<\/p>\n<p>Am n\u00e4chsten Wochenende muss der FC Kosova zum Ausw\u00e4rtsspiel beim Aufsteiger VfL Germania 94 antreten, die Personalsituation d\u00fcrfte da weiterhin so schwierig bleiben, ein Spieler kommt nach Sperre zur\u00fcck, ein weiterer fehlt daf\u00fcr wegen der roten Karte.<\/p>\n<h4>Schiedsrichter: Justus Bechtold (Melitia Roth). Zuschauer: 150.<\/h4>\n<h4>Tore: 1:0 Niklas Arheidt (79.)<\/h4>\n\n\n<figure class=\"wp-block-image size-large\"><img loading=\"lazy\" decoding=\"async\" width=\"1024\" height=\"768\" src=\"http:\/\/insideamateurfussball-ffm.de\/wp-content\/uploads\/2025\/08\/graefenrodekosova00-1024x768.jpg\" alt=\"\" class=\"wp-image-27114\" srcset=\"https:\/\/insideamateurfussball-ffm.de\/wp-content\/uploads\/2025\/08\/graefenrodekosova00-1024x768.jpg 1024w, https:\/\/insideamateurfussball-ffm.de\/wp-content\/uploads\/2025\/08\/graefenrodekosova00-300x225.jpg 300w, https:\/\/insideamateurfussball-ffm.de\/wp-content\/uploads\/2025\/08\/graefenrodekosova00-768x576.jpg 768w, https:\/\/insideamateurfussball-ffm.de\/wp-content\/uploads\/2025\/08\/graefenrodekosova00-1536x1152.jpg 1536w, https:\/\/insideamateurfussball-ffm.de\/wp-content\/uploads\/2025\/08\/graefenrodekosova00.jpg 2016w\" sizes=\"auto, (max-width: 1024px) 100vw, 1024px\" \/><\/figure>\n\n\n\n<figure class=\"wp-block-image size-large\"><img loading=\"lazy\" decoding=\"async\" width=\"1024\" height=\"768\" src=\"http:\/\/insideamateurfussball-ffm.de\/wp-content\/uploads\/2025\/08\/graefenrodekosova01-1024x768.jpg\" alt=\"\" class=\"wp-image-27115\" srcset=\"https:\/\/insideamateurfussball-ffm.de\/wp-content\/uploads\/2025\/08\/graefenrodekosova01-1024x768.jpg 1024w, https:\/\/insideamateurfussball-ffm.de\/wp-content\/uploads\/2025\/08\/graefenrodekosova01-300x225.jpg 300w, https:\/\/insideamateurfussball-ffm.de\/wp-content\/uploads\/2025\/08\/graefenrodekosova01-768x576.jpg 768w, https:\/\/insideamateurfussball-ffm.de\/wp-content\/uploads\/2025\/08\/graefenrodekosova01-1536x1152.jpg 1536w, https:\/\/insideamateurfussball-ffm.de\/wp-content\/uploads\/2025\/08\/graefenrodekosova01.jpg 2016w\" sizes=\"auto, (max-width: 1024px) 100vw, 1024px\" \/><\/figure>\n\n\n\n<figure class=\"wp-block-image size-large\"><img loading=\"lazy\" decoding=\"async\" width=\"1024\" height=\"768\" src=\"http:\/\/insideamateurfussball-ffm.de\/wp-content\/uploads\/2025\/08\/graefenrodekosova06-1024x768.jpg\" alt=\"\" class=\"wp-image-27116\" srcset=\"https:\/\/insideamateurfussball-ffm.de\/wp-content\/uploads\/2025\/08\/graefenrodekosova06-1024x768.jpg 1024w, https:\/\/insideamateurfussball-ffm.de\/wp-content\/uploads\/2025\/08\/graefenrodekosova06-300x225.jpg 300w, https:\/\/insideamateurfussball-ffm.de\/wp-content\/uploads\/2025\/08\/graefenrodekosova06-768x576.jpg 768w, https:\/\/insideamateurfussball-ffm.de\/wp-content\/uploads\/2025\/08\/graefenrodekosova06-1536x1152.jpg 1536w, https:\/\/insideamateurfussball-ffm.de\/wp-content\/uploads\/2025\/08\/graefenrodekosova06.jpg 2016w\" sizes=\"auto, (max-width: 1024px) 100vw, 1024px\" \/><\/figure>\n\n\n\n<figure class=\"wp-block-image size-large\"><img loading=\"lazy\" decoding=\"async\" width=\"1024\" height=\"768\" src=\"http:\/\/insideamateurfussball-ffm.de\/wp-content\/uploads\/2025\/08\/graefenrodekosova07-1024x768.jpg\" alt=\"\" class=\"wp-image-27117\" srcset=\"https:\/\/insideamateurfussball-ffm.de\/wp-content\/uploads\/2025\/08\/graefenrodekosova07-1024x768.jpg 1024w, https:\/\/insideamateurfussball-ffm.de\/wp-content\/uploads\/2025\/08\/graefenrodekosova07-300x225.jpg 300w, https:\/\/insideamateurfussball-ffm.de\/wp-content\/uploads\/2025\/08\/graefenrodekosova07-768x576.jpg 768w, https:\/\/insideamateurfussball-ffm.de\/wp-content\/uploads\/2025\/08\/graefenrodekosova07-1536x1152.jpg 1536w, https:\/\/insideamateurfussball-ffm.de\/wp-content\/uploads\/2025\/08\/graefenrodekosova07.jpg 2016w\" sizes=\"auto, (max-width: 1024px) 100vw, 1024px\" \/><\/figure>\n\n\n\n<figure class=\"wp-block-image size-large\"><img loading=\"lazy\" decoding=\"async\" width=\"1024\" height=\"768\" src=\"http:\/\/insideamateurfussball-ffm.de\/wp-content\/uploads\/2025\/08\/graefenrodekosova08-1024x768.jpg\" alt=\"\" class=\"wp-image-27118\" srcset=\"https:\/\/insideamateurfussball-ffm.de\/wp-content\/uploads\/2025\/08\/graefenrodekosova08-1024x768.jpg 1024w, https:\/\/insideamateurfussball-ffm.de\/wp-content\/uploads\/2025\/08\/graefenrodekosova08-300x225.jpg 300w, https:\/\/insideamateurfussball-ffm.de\/wp-content\/uploads\/2025\/08\/graefenrodekosova08-768x576.jpg 768w, https:\/\/insideamateurfussball-ffm.de\/wp-content\/uploads\/2025\/08\/graefenrodekosova08-1536x1152.jpg 1536w, https:\/\/insideamateurfussball-ffm.de\/wp-content\/uploads\/2025\/08\/graefenrodekosova08.jpg 2016w\" sizes=\"auto, (max-width: 1024px) 100vw, 1024px\" \/><\/figure>\n\n\n\n<figure class=\"wp-block-image size-large\"><img loading=\"lazy\" decoding=\"async\" width=\"1024\" height=\"768\" src=\"http:\/\/insideamateurfussball-ffm.de\/wp-content\/uploads\/2025\/08\/graefenrodekosova09-1024x768.jpg\" alt=\"\" class=\"wp-image-27119\" srcset=\"https:\/\/insideamateurfussball-ffm.de\/wp-content\/uploads\/2025\/08\/graefenrodekosova09-1024x768.jpg 1024w, https:\/\/insideamateurfussball-ffm.de\/wp-content\/uploads\/2025\/08\/graefenrodekosova09-300x225.jpg 300w, https:\/\/insideamateurfussball-ffm.de\/wp-content\/uploads\/2025\/08\/graefenrodekosova09-768x576.jpg 768w, https:\/\/insideamateurfussball-ffm.de\/wp-content\/uploads\/2025\/08\/graefenrodekosova09-1536x1152.jpg 1536w, https:\/\/insideamateurfussball-ffm.de\/wp-content\/uploads\/2025\/08\/graefenrodekosova09.jpg 2016w\" sizes=\"auto, (max-width: 1024px) 100vw, 1024px\" \/><\/figure>\n\n\n\n<figure class=\"wp-block-image size-large\"><img loading=\"lazy\" decoding=\"async\" width=\"1024\" height=\"768\" src=\"http:\/\/insideamateurfussball-ffm.de\/wp-content\/uploads\/2025\/08\/graefenrodekosova10-1024x768.jpg\" alt=\"\" class=\"wp-image-27120\" srcset=\"https:\/\/insideamateurfussball-ffm.de\/wp-content\/uploads\/2025\/08\/graefenrodekosova10-1024x768.jpg 1024w, https:\/\/insideamateurfussball-ffm.de\/wp-content\/uploads\/2025\/08\/graefenrodekosova10-300x225.jpg 300w, https:\/\/insideamateurfussball-ffm.de\/wp-content\/uploads\/2025\/08\/graefenrodekosova10-768x576.jpg 768w, https:\/\/insideamateurfussball-ffm.de\/wp-content\/uploads\/2025\/08\/graefenrodekosova10-1536x1152.jpg 1536w, https:\/\/insideamateurfussball-ffm.de\/wp-content\/uploads\/2025\/08\/graefenrodekosova10.jpg 2016w\" sizes=\"auto, (max-width: 1024px) 100vw, 1024px\" \/><\/figure>\n\n\n\n<figure class=\"wp-block-image size-large\"><img loading=\"lazy\" decoding=\"async\" width=\"1024\" height=\"768\" src=\"http:\/\/insideamateurfussball-ffm.de\/wp-content\/uploads\/2025\/08\/graefenrodekosova11-1024x768.jpg\" alt=\"\" class=\"wp-image-27121\" srcset=\"https:\/\/insideamateurfussball-ffm.de\/wp-content\/uploads\/2025\/08\/graefenrodekosova11-1024x768.jpg 1024w, https:\/\/insideamateurfussball-ffm.de\/wp-content\/uploads\/2025\/08\/graefenrodekosova11-300x225.jpg 300w, https:\/\/insideamateurfussball-ffm.de\/wp-content\/uploads\/2025\/08\/graefenrodekosova11-768x576.jpg 768w, https:\/\/insideamateurfussball-ffm.de\/wp-content\/uploads\/2025\/08\/graefenrodekosova11-1536x1152.jpg 1536w, https:\/\/insideamateurfussball-ffm.de\/wp-content\/uploads\/2025\/08\/graefenrodekosova11.jpg 2016w\" sizes=\"auto, (max-width: 1024px) 100vw, 1024px\" \/><\/figure>\n\n\n\n<figure class=\"wp-block-image size-large\"><img loading=\"lazy\" decoding=\"async\" width=\"1024\" height=\"768\" src=\"http:\/\/insideamateurfussball-ffm.de\/wp-content\/uploads\/2025\/08\/graefenrodekosova12-1024x768.jpg\" alt=\"\" class=\"wp-image-27122\" srcset=\"https:\/\/insideamateurfussball-ffm.de\/wp-content\/uploads\/2025\/08\/graefenrodekosova12-1024x768.jpg 1024w, https:\/\/insideamateurfussball-ffm.de\/wp-content\/uploads\/2025\/08\/graefenrodekosova12-300x225.jpg 300w, https:\/\/insideamateurfussball-ffm.de\/wp-content\/uploads\/2025\/08\/graefenrodekosova12-768x576.jpg 768w, https:\/\/insideamateurfussball-ffm.de\/wp-content\/uploads\/2025\/08\/graefenrodekosova12-1536x1152.jpg 1536w, https:\/\/insideamateurfussball-ffm.de\/wp-content\/uploads\/2025\/08\/graefenrodekosova12.jpg 2016w\" sizes=\"auto, (max-width: 1024px) 100vw, 1024px\" \/><\/figure>\n","protected":false},"excerpt":{"rendered":"<p>Im Nachholspiel vom 1.Spieltag beim Mitaufsteiger FSG Burg-Gr\u00e4fenrode verlor der FC Kosova auch sein zweites Spiel, diesmal mit 0:1, obwohl die Frankfurter gef\u00fchlt 80% Ballbesitz hatten. Die Gastgeber wussten am Ende nicht, warum sie gewonnen haben. FSG Burg-Gr\u00e4fenrode &#8211; FC Kosova 1:0 (0:0) Die Partie der beiden Aufsteiger FSG Burg-Gr\u00e4fenrode gegen den FC Kosova wurde [&hellip;]<\/p>\n","protected":false},"author":3,"featured_media":27123,"comment_status":"closed","ping_status":"open","sticky":true,"template":"","format":"standard","meta":{"footnotes":""},"categories":[13],"tags":[],"class_list":["post-27113","post","type-post","status-publish","format-standard","has-post-thumbnail","hentry","category-gruppenliga-frankfurt-west"],"_links":{"self":[{"href":"https:\/\/insideamateurfussball-ffm.de\/index.php?rest_route=\/wp\/v2\/posts\/27113","targetHints":{"allow":["GET"]}}],"collection":[{"href":"https:\/\/insideamateurfussball-ffm.de\/index.php?rest_route=\/wp\/v2\/posts"}],"about":[{"href":"https:\/\/insideamateurfussball-ffm.de\/index.php?rest_route=\/wp\/v2\/types\/post"}],"author":[{"embeddable":true,"href":"https:\/\/insideamateurfussball-ffm.de\/index.php?rest_route=\/wp\/v2\/users\/3"}],"replies":[{"embeddable":true,"href":"https:\/\/insideamateurfussball-ffm.de\/index.php?rest_route=%2Fwp%2Fv2%2Fcomments&post=27113"}],"version-history":[{"count":2,"href":"https:\/\/insideamateurfussball-ffm.de\/index.php?rest_route=\/wp\/v2\/posts\/27113\/revisions"}],"predecessor-version":[{"id":27125,"href":"https:\/\/insideamateurfussball-ffm.de\/index.php?rest_route=\/wp\/v2\/posts\/27113\/revisions\/27125"}],"wp:featuredmedia":[{"embeddable":true,"href":"https:\/\/insideamateurfussball-ffm.de\/index.php?rest_route=\/wp\/v2\/media\/27123"}],"wp:attachment":[{"href":"https:\/\/insideamateurfussball-ffm.de\/index.php?rest_route=%2Fwp%2Fv2%2Fmedia&parent=27113"}],"wp:term":[{"taxonomy":"category","embeddable":true,"href":"https:\/\/insideamateurfussball-ffm.de\/index.php?rest_route=%2Fwp%2Fv2%2Fcategories&post=27113"},{"taxonomy":"post_tag","embeddable":true,"href":"https:\/\/insideamateurfussball-ffm.de\/index.php?rest_route=%2Fwp%2Fv2%2Ftags&post=27113"}],"curies":[{"name":"wp","href":"https:\/\/api.w.org\/{rel}","templated":true}]}}