{"id":27092,"date":"2025-08-11T17:03:02","date_gmt":"2025-08-11T16:03:02","guid":{"rendered":"https:\/\/insideamateurfussball-ffm.de\/?p=27092"},"modified":"2025-08-11T17:03:02","modified_gmt":"2025-08-11T16:03:02","slug":"tempo-veredelt-mit-zweitem-sieg-den-saisonstart","status":"publish","type":"post","link":"https:\/\/insideamateurfussball-ffm.de\/?p=27092","title":{"rendered":"Tempo veredelt mit zweitem Sieg den Saisonstart"},"content":{"rendered":"<h4>Der FC Tempo feiert einen gelungenen Saisonstart und steht nach dem 5:1-Sieg gegen den Aufsteiger FC Olympia Feuerbach auf dem zweiten Tabellenplatz, hat aber auf jeden Fall 6 Punkte sicher.<\/h4>\n<figure id=\"attachment_26465\" aria-describedby=\"caption-attachment-26465\" style=\"width: 905px\" class=\"wp-caption alignnone\"><img loading=\"lazy\" decoding=\"async\" class=\"wp-image-26465 size-full\" src=\"http:\/\/insideamateurfussball-ffm.de\/wp-content\/uploads\/2025\/07\/tem2-6.jpg\" alt=\"\" width=\"905\" height=\"591\" srcset=\"https:\/\/insideamateurfussball-ffm.de\/wp-content\/uploads\/2025\/07\/tem2-6.jpg 905w, https:\/\/insideamateurfussball-ffm.de\/wp-content\/uploads\/2025\/07\/tem2-6-300x196.jpg 300w, https:\/\/insideamateurfussball-ffm.de\/wp-content\/uploads\/2025\/07\/tem2-6-768x502.jpg 768w\" sizes=\"auto, (max-width: 905px) 100vw, 905px\" \/><figcaption id=\"caption-attachment-26465\" class=\"wp-caption-text\">Die Mannschaft des FC Tempo feierte mit zwei Siegen einen gelungenen Saisonstart. Foto: Archiv Mithat G\u00fcrser<\/figcaption><\/figure>\n<h4>FC Tempo &#8211; Fc Olympia Fauerbach 5:1 (2.1)<\/h4>\n<p><img loading=\"lazy\" decoding=\"async\" class=\"alignnone size-full wp-image-31\" src=\"http:\/\/insideamateurfussball-ffm.de\/wp-content\/uploads\/2021\/11\/Tempo.jpg\" alt=\"\" width=\"80\" height=\"80\" \/><img loading=\"lazy\" decoding=\"async\" class=\"alignnone size-full wp-image-10172\" src=\"http:\/\/insideamateurfussball-ffm.de\/wp-content\/uploads\/2023\/06\/fauerbach.png\" alt=\"\" width=\"80\" height=\"74\" \/><\/p>\n<p>Auch im zweiten Spiel war der FC Tempo gegen den Aufsteiger FC Olympia Fauerbach erfolgreich und hat nach zwei Spieltagen schon 6 Punkte als Grundlage f\u00fcr eine ruhige Saison auf der Habenseite. Gegen Fauerbach gingen die Gastgeber in der 26.Minute durch Mateja Ristic mit 1:0 in F\u00fchrung. Dem zwischenzeitlichen Ausgleich durch Leopold Hergesell zum 1:1 f\u00fcr Fauerbach in der 35.Minute lie\u00df nur drei Minuten sp\u00e4ter (38.) Arsen Kryvobedryi die erneute F\u00fchrung zum 2:1 folgen, in der zweiten Halbzeit waren es dann zweimal Goran Dusic (3:1, 57.Minute; 5:1, 71.Minute) und Obiorah Emmanuel Odita (4:1, 60.Minute), die den Endstand von 5:1 herausschossen.<\/p>\n<p>Tempos Sportlicher Leiter Zoran Marcetic zum Spiel: \u201edas Ergebnis ist hoch, h\u00e4tte aber durchaus ein oder zwei Tore niedriger ausfallen k\u00f6nnen. Es war eine geschlossene Mannschaftsleistung von uns und es waren auch wichtige Punkte. Vielleicht waren es auch Big Points, wenn man gegen Mannschaften spielt, wo man von ausgeht, dass alle im Mittelfeld stehen werden. \u00a0Auf jeden Fall wichtige Punkte und ein Lob an die Mannschaft.\u201c<\/p>\n<p>Am n\u00e4chsten Spieltag muss der FC Tempo am Sonntagabend um 18:00 Uhr beim SKV Beienheim ran.<\/p>\n<h4>Schiedsrichter: Ayman Aamer (1.FSV Schierstein 08). Zuschauer: 150.<\/h4>\n<h4>Tore: 1:0 Mateja Ristic (26.), 1:1 Leopold Hergesell (35.), 2:1 Arsen Kryvobedryai (38.), 3:1 Goran Dusic (57.) 4:1 Obiorah Emmanuel Odita (60.) 5:1 Goran Dusic (71.)<\/h4>\n","protected":false},"excerpt":{"rendered":"<p>Der FC Tempo feiert einen gelungenen Saisonstart und steht nach dem 5:1-Sieg gegen den Aufsteiger FC Olympia Feuerbach auf dem zweiten Tabellenplatz, hat aber auf jeden Fall 6 Punkte sicher. FC Tempo &#8211; Fc Olympia Fauerbach 5:1 (2.1) Auch im zweiten Spiel war der FC Tempo gegen den Aufsteiger FC Olympia Fauerbach erfolgreich und hat [&hellip;]<\/p>\n","protected":false},"author":3,"featured_media":26465,"comment_status":"closed","ping_status":"open","sticky":true,"template":"","format":"standard","meta":{"footnotes":""},"categories":[13],"tags":[],"class_list":["post-27092","post","type-post","status-publish","format-standard","has-post-thumbnail","hentry","category-gruppenliga-frankfurt-west"],"_links":{"self":[{"href":"https:\/\/insideamateurfussball-ffm.de\/index.php?rest_route=\/wp\/v2\/posts\/27092","targetHints":{"allow":["GET"]}}],"collection":[{"href":"https:\/\/insideamateurfussball-ffm.de\/index.php?rest_route=\/wp\/v2\/posts"}],"about":[{"href":"https:\/\/insideamateurfussball-ffm.de\/index.php?rest_route=\/wp\/v2\/types\/post"}],"author":[{"embeddable":true,"href":"https:\/\/insideamateurfussball-ffm.de\/index.php?rest_route=\/wp\/v2\/users\/3"}],"replies":[{"embeddable":true,"href":"https:\/\/insideamateurfussball-ffm.de\/index.php?rest_route=%2Fwp%2Fv2%2Fcomments&post=27092"}],"version-history":[{"count":1,"href":"https:\/\/insideamateurfussball-ffm.de\/index.php?rest_route=\/wp\/v2\/posts\/27092\/revisions"}],"predecessor-version":[{"id":27093,"href":"https:\/\/insideamateurfussball-ffm.de\/index.php?rest_route=\/wp\/v2\/posts\/27092\/revisions\/27093"}],"wp:featuredmedia":[{"embeddable":true,"href":"https:\/\/insideamateurfussball-ffm.de\/index.php?rest_route=\/wp\/v2\/media\/26465"}],"wp:attachment":[{"href":"https:\/\/insideamateurfussball-ffm.de\/index.php?rest_route=%2Fwp%2Fv2%2Fmedia&parent=27092"}],"wp:term":[{"taxonomy":"category","embeddable":true,"href":"https:\/\/insideamateurfussball-ffm.de\/index.php?rest_route=%2Fwp%2Fv2%2Fcategories&post=27092"},{"taxonomy":"post_tag","embeddable":true,"href":"https:\/\/insideamateurfussball-ffm.de\/index.php?rest_route=%2Fwp%2Fv2%2Ftags&post=27092"}],"curies":[{"name":"wp","href":"https:\/\/api.w.org\/{rel}","templated":true}]}}