{"id":27085,"date":"2025-08-11T15:39:04","date_gmt":"2025-08-11T14:39:04","guid":{"rendered":"https:\/\/insideamateurfussball-ffm.de\/?p=27085"},"modified":"2025-08-11T15:39:04","modified_gmt":"2025-08-11T14:39:04","slug":"kosova-unterliegt-fechenheim-spaet-mit-47","status":"publish","type":"post","link":"https:\/\/insideamateurfussball-ffm.de\/?p=27085","title":{"rendered":"Kosova unterliegt Fechenheim sp\u00e4t mit 4:7"},"content":{"rendered":"<h4>In seinem ersten Gruppenligaspiel unterlag der FC Kosova der Spvgg.03 Fechenheim durch drei sp\u00e4te Tore mit 4:7, obwohl man den 1:4-Halbzeitstand zwischenzeitlich sogar ausgleichen konnte.<\/h4>\n<figure id=\"attachment_26924\" aria-describedby=\"caption-attachment-26924\" style=\"width: 2560px\" class=\"wp-caption alignnone\"><img loading=\"lazy\" decoding=\"async\" class=\"wp-image-26924 size-full\" src=\"http:\/\/insideamateurfussball-ffm.de\/wp-content\/uploads\/2025\/07\/Spvgg03Fechenheim-SGB_250727-225-scaled.jpg\" alt=\"\" width=\"2560\" height=\"1707\" srcset=\"https:\/\/insideamateurfussball-ffm.de\/wp-content\/uploads\/2025\/07\/Spvgg03Fechenheim-SGB_250727-225-scaled.jpg 2560w, https:\/\/insideamateurfussball-ffm.de\/wp-content\/uploads\/2025\/07\/Spvgg03Fechenheim-SGB_250727-225-300x200.jpg 300w, https:\/\/insideamateurfussball-ffm.de\/wp-content\/uploads\/2025\/07\/Spvgg03Fechenheim-SGB_250727-225-1024x683.jpg 1024w, https:\/\/insideamateurfussball-ffm.de\/wp-content\/uploads\/2025\/07\/Spvgg03Fechenheim-SGB_250727-225-768x512.jpg 768w, https:\/\/insideamateurfussball-ffm.de\/wp-content\/uploads\/2025\/07\/Spvgg03Fechenheim-SGB_250727-225-1536x1024.jpg 1536w, https:\/\/insideamateurfussball-ffm.de\/wp-content\/uploads\/2025\/07\/Spvgg03Fechenheim-SGB_250727-225-2048x1365.jpg 2048w\" sizes=\"auto, (max-width: 2560px) 100vw, 2560px\" \/><figcaption id=\"caption-attachment-26924\" class=\"wp-caption-text\">Die Fechenheimer Verantwortlichen konnten zwar nicht mit dem Spielverlauf, aber mit dem Ergebnis zufrieden sein. Foto Archiv Andre Sturmeit<\/figcaption><\/figure>\n<h4>FC Kosova &#8211; Spvgg. 03 Fechenheim 4:7 (1:4)<\/h4>\n<p><img loading=\"lazy\" decoding=\"async\" class=\"alignnone size-full wp-image-9\" src=\"http:\/\/insideamateurfussball-ffm.de\/wp-content\/uploads\/2021\/11\/Kosova.jpg\" alt=\"\" width=\"65\" height=\"80\" \/><img loading=\"lazy\" decoding=\"async\" class=\"alignnone size-full wp-image-603\" src=\"http:\/\/insideamateurfussball-ffm.de\/wp-content\/uploads\/2022\/06\/Fech03.jpg\" alt=\"\" width=\"52\" height=\"80\" \/><\/p>\n<p>Es war ein verr\u00fccktes Fu\u00dfballspiel, was die Zuschauer beim Spiel des FC Kosova gegen die Spvgg. 03 Fechenheim geboten bekamen. Vor dem Spiel gab es beim Aufsteiger schon Probleme, weil sich Asmir Hodzic weigerte, auf der Bank Platz zu nehmen. Dies wird nach Aussagen von Kosovas Trainer Jorge Huberman disziplinarische Konsequenzen nach sich ziehen.<\/p>\n<p>Das Spiel selbst begann gut f\u00fcr den Aufsteiger, bereits in der 2.Minute konnte Goalgetter Flakron Thaci die Gastgeber mit 1:0 in F\u00fchrung bringen, nach einem sch\u00f6nen Steckpass durch die Mitte konnte Fechenheim aber bereits in der 15.Minute durch Ihab Suleiman ausgleichen. Das 2:1 f\u00fcr die G\u00e4ste in der 27.Minute durch Yassin Benjilali fiel nach einem missgl\u00fcckten Pass von Torwart Blend Bajraktari, der in der Nacht aus Kosova heimkam und \u00fcbern\u00e4chtigt war, bei der Spieler\u00f6ffnung. Der Torsch\u00fctze konnte danach einen Foulelfmeter nicht zu einer Erh\u00f6hung des Resultats nutzen. In der 30.Minute verlor der FC Kosova seinen Abwehrchef Arjan Ujupi durch eine schwere Verletzung, er musste anschlie\u00dfend zur Untersuchung ins Krankenhaus gebracht werden.<\/p>\n<p>In der Nachspielzeit der ersten H\u00e4lfte konnte Neuzugang Ihab Suleiman noch zwei Tore f\u00fcr Fechenheim erzielen, da war der Aufsteiger nach einer gelb-roten Karte gegen den vorher eingewechselten Ofosu schon in Unterzahl. Bei beiden Toren halfen die Gastgeber kr\u00e4ftig mit, beim 3:1 (45.+4) erneut ein Fehler im Spielaufbau des Torwarts, beim 4:1(45.+6) eine zu kurze R\u00fcckgabe eines Verteidigers. So ging es mit 1:4 in die Halbzeit.<\/p>\n<p>In der zweiten Halbzeit b\u00e4umte sich der Aufsteiger dann auf und kam in Unterzahl spielend sogar noch zum Ausgleich, Argjend Mustafa in der 49.Minute, Flakron Thaci in der 76.Minute und Rejan Dervisholli egalisierten zum 4:4, Kosova hatte noch weitere Chancen, um in F\u00fchrung zu gehen. Doch Fechenheim schlug zur\u00fcck und konnte durch Yassin Chaouki in der 88.Minute erneut die F\u00fchrung erzielen. Kosova stand jetzt offen und erneut Chaouki erh\u00f6hte auf 6:4, ehe Kosovas Argjend nach einer \u201eangeblichen Schwalbe\u201c (Huberman) ebenfalls mit gelb-rot den Platz verlassen musste. Den Schlusspunkt zum 7:4 setzte dann Metehan Karakus in der f\u00fcnften Minute der Nachspielzeit.<\/p>\n<p>Trainer Huberman, der sich vom Schiedsrichter benachteiligt f\u00fchlte, meinte: \u201ewir sind in die Gruppenliga eingeladen worden und haben viele Geschenke verteilt. Es kam kn\u00fcppeldick f\u00fcr uns, eine schwere Verletzung, zwei Spieler f\u00fcr das n\u00e4chste Spiel gesperrt, einer hat sich verweigert, es war eine klassische Niederlage eine unerfahrenen Neulings in dieser Liga, bei den vier Gegentoren in der ersten Halbzeit waren wir im Ballbesitz und haben die selbst verschuldet.\u201c<\/p>\n<p>Fechenheims Trainer Necip Incesu zum Spiel: \u201ein der zweiten Halbzeit haben wir den Faden total verloren, wir hatten Probleme und Kosova hat das gut gemacht. Da bin ich nicht zufrieden mit zwei Mann mehr, zum Schluss war der Sieg aber verdient.\u201c<\/p>\n<p>F\u00fcr Aufsteiger Kosova geht es bereits am Mittwoch weiter, das verlegte Spiel vom 1.Spieltag beim weiteren Aufsteiger FSG Burg-Gr\u00e4fenrode wird nachgeholt. Die Spvgg. 03 Fechenheim empf\u00e4ngt am n\u00e4chsten Wochenende den SV Bosnien\/Herzegowina.<\/p>\n<h4>Schiedsrichter: YannicK Mondani (1.FC Kiedrich). Zuschauer: 120.<\/h4>\n<h4>Tore: 1:0 Flakron Thaci (2.), 1:1 Ihab Suleiman (15.), 1:2 Yassin Benjilali (27.), 1:3 Ihab Suleiman (45.+4), 1:4 Ihab Suleiman (45.+6), 2:4 Argjend Mustafa (49.), 3:4 Flakron Thaci (76.), 4:4 Rejan Dervisholli (81.), 4:5 Yassin Chaouki (88.), 4:6 Yassin Chaouki (90.), 4:7 Metehan Karakus (90.+5)<\/h4>\n","protected":false},"excerpt":{"rendered":"<p>In seinem ersten Gruppenligaspiel unterlag der FC Kosova der Spvgg.03 Fechenheim durch drei sp\u00e4te Tore mit 4:7, obwohl man den 1:4-Halbzeitstand zwischenzeitlich sogar ausgleichen konnte. FC Kosova &#8211; Spvgg. 03 Fechenheim 4:7 (1:4) Es war ein verr\u00fccktes Fu\u00dfballspiel, was die Zuschauer beim Spiel des FC Kosova gegen die Spvgg. 03 Fechenheim geboten bekamen. Vor dem [&hellip;]<\/p>\n","protected":false},"author":3,"featured_media":26924,"comment_status":"closed","ping_status":"open","sticky":true,"template":"","format":"standard","meta":{"footnotes":""},"categories":[13],"tags":[],"class_list":["post-27085","post","type-post","status-publish","format-standard","has-post-thumbnail","hentry","category-gruppenliga-frankfurt-west"],"_links":{"self":[{"href":"https:\/\/insideamateurfussball-ffm.de\/index.php?rest_route=\/wp\/v2\/posts\/27085","targetHints":{"allow":["GET"]}}],"collection":[{"href":"https:\/\/insideamateurfussball-ffm.de\/index.php?rest_route=\/wp\/v2\/posts"}],"about":[{"href":"https:\/\/insideamateurfussball-ffm.de\/index.php?rest_route=\/wp\/v2\/types\/post"}],"author":[{"embeddable":true,"href":"https:\/\/insideamateurfussball-ffm.de\/index.php?rest_route=\/wp\/v2\/users\/3"}],"replies":[{"embeddable":true,"href":"https:\/\/insideamateurfussball-ffm.de\/index.php?rest_route=%2Fwp%2Fv2%2Fcomments&post=27085"}],"version-history":[{"count":2,"href":"https:\/\/insideamateurfussball-ffm.de\/index.php?rest_route=\/wp\/v2\/posts\/27085\/revisions"}],"predecessor-version":[{"id":27087,"href":"https:\/\/insideamateurfussball-ffm.de\/index.php?rest_route=\/wp\/v2\/posts\/27085\/revisions\/27087"}],"wp:featuredmedia":[{"embeddable":true,"href":"https:\/\/insideamateurfussball-ffm.de\/index.php?rest_route=\/wp\/v2\/media\/26924"}],"wp:attachment":[{"href":"https:\/\/insideamateurfussball-ffm.de\/index.php?rest_route=%2Fwp%2Fv2%2Fmedia&parent=27085"}],"wp:term":[{"taxonomy":"category","embeddable":true,"href":"https:\/\/insideamateurfussball-ffm.de\/index.php?rest_route=%2Fwp%2Fv2%2Fcategories&post=27085"},{"taxonomy":"post_tag","embeddable":true,"href":"https:\/\/insideamateurfussball-ffm.de\/index.php?rest_route=%2Fwp%2Fv2%2Ftags&post=27085"}],"curies":[{"name":"wp","href":"https:\/\/api.w.org\/{rel}","templated":true}]}}