{"id":27070,"date":"2025-08-11T15:27:05","date_gmt":"2025-08-11T14:27:05","guid":{"rendered":"https:\/\/insideamateurfussball-ffm.de\/?p=27070"},"modified":"2025-08-11T15:27:05","modified_gmt":"2025-08-11T14:27:05","slug":"bosnien-besiegt-souveraen-zweiten-aufsteiger","status":"publish","type":"post","link":"https:\/\/insideamateurfussball-ffm.de\/?p=27070","title":{"rendered":"Bosnien besiegt souver\u00e4n zweiten Aufsteiger"},"content":{"rendered":"<h4>Auch nach dem zweiten Spieltag bleibt der SV Bosnien\/Herzegowina verlustpunktfrei. Gegen den Aufsteiger FSG Burg-Gr\u00e4fenrode gab es einen souver\u00e4nen 4:1-Sieg, verbunden mit dem Sprung auf Platz 2.<\/h4>\n<figure id=\"attachment_27079\" aria-describedby=\"caption-attachment-27079\" style=\"width: 886px\" class=\"wp-caption alignnone\"><img loading=\"lazy\" decoding=\"async\" class=\"wp-image-27079 size-full\" src=\"http:\/\/insideamateurfussball-ffm.de\/wp-content\/uploads\/2025\/08\/graefenrode9.jpg\" alt=\"\" width=\"886\" height=\"594\" srcset=\"https:\/\/insideamateurfussball-ffm.de\/wp-content\/uploads\/2025\/08\/graefenrode9.jpg 886w, https:\/\/insideamateurfussball-ffm.de\/wp-content\/uploads\/2025\/08\/graefenrode9-300x201.jpg 300w, https:\/\/insideamateurfussball-ffm.de\/wp-content\/uploads\/2025\/08\/graefenrode9-768x515.jpg 768w\" sizes=\"auto, (max-width: 886px) 100vw, 886px\" \/><figcaption id=\"caption-attachment-27079\" class=\"wp-caption-text\">Die Bosnier durften viermal \u00fcber eigene Torerfolge jubeln. Foto: Mithat G\u00fcrser<\/figcaption><\/figure>\n<h4>SV Bosnien\/Herzegowina &#8211; FSG Burg-Gr\u00e4fenrode 4:1 (3:1)<\/h4>\n<p><img loading=\"lazy\" decoding=\"async\" class=\"alignnone size-full wp-image-139\" src=\"http:\/\/insideamateurfussball-ffm.de\/wp-content\/uploads\/2022\/05\/Bosnien.jpg\" alt=\"\" width=\"79\" height=\"80\" \/><img loading=\"lazy\" decoding=\"async\" class=\"alignnone size-full wp-image-1337\" src=\"http:\/\/insideamateurfussball-ffm.de\/wp-content\/uploads\/2022\/07\/FSGB.png\" alt=\"\" width=\"80\" height=\"80\" \/><\/p>\n<p>In dieser Saison hat der SV Bosnien\/Herzegowina in den Urlaubswochen trotzdem eine starke Mannschaft auf dem Platz, das zweite Spiel gegen den zweiten Aufsteiger wurde erneut gewonnen. Gegner war diesmal die FSG Burg-Gr\u00e4fenrode, f\u00fcr die es das erste Saisonspiel war. Und die Bosnier begannen gut und gingen bereits in der 6.Minute durch ein Tor von Almir Derdemez 1:0 in F\u00fchrung. Die Gastgeber beherrschten das Spiel und lie\u00dfen sich auch durch den zwischenzeitlichen Ausgleich durch Patrick Eiwanger in der 18.Minute nach einem Standard nicht aus dem Konzept bringen, Boubacar Dialiba Diabang in der 31.Minute war es vorbehalten, die erneute F\u00fchrung zum 2:1 erzielen. Und zu einem g\u00fcnstigen Zeitpunkt erh\u00f6hte erneut Dialiba Diabang in der zweiten Minute der Nachspielzeit der ersten H\u00e4lfte auf 3:1.<\/p>\n<p>In der zweiten Halbzeit verlief das Spiel dann auch aufgrund der Hitze ruhiger, der eingewechselte Eldin Kurtanovic setzte in der 82.Minute mit dem 4:1 den Schlusspunkt. \u00a0Bosniens Pressesprecher Asmir Malohodzic war zufrieden: \u201e\u00fcberragend, was die Jungs geleistet haben. Es war ein sehr gutes Spiel und eine Leistungssteigerung gegen\u00fcber dem letztem Spiel. Wir haben dem Gegner kaum Chancen gelassen und die Tore auch zu wichtigen Zeitpunkten erzielt.\u201c<\/p>\n<p>Am n\u00e4chsten Sonntag steht das erste Stadtduell auf dem Spielplan, es geht zur Spvgg. 03 Fechenheim.<\/p>\n<h4>Schiedsrichter: Henrik Schwarzer (SV Wehen-Wiesbaden). Zuschauer: 75.<\/h4>\n<h4>Tore: 1:0 Almir Derdemez (6.), 1:1 Patrick Eiwanger (18.), 2:1 Boubacar Dialiba Diabang (31.), 3.1 Boubacar Dialiba Diabang (45.+2), 4:1 Eldin Kortanovic (82.)<\/h4>\n<blockquote>\n<h4>Die Fotos verdanken wir Mithat G\u00fcrser, der beim Spiel vorbeischaute.<\/h4>\n<\/blockquote>\n\n\n<figure class=\"wp-block-image size-full\"><img loading=\"lazy\" decoding=\"async\" width=\"927\" height=\"627\" src=\"http:\/\/insideamateurfussball-ffm.de\/wp-content\/uploads\/2025\/08\/graefenrode1.jpg\" alt=\"\" class=\"wp-image-27071\" srcset=\"https:\/\/insideamateurfussball-ffm.de\/wp-content\/uploads\/2025\/08\/graefenrode1.jpg 927w, https:\/\/insideamateurfussball-ffm.de\/wp-content\/uploads\/2025\/08\/graefenrode1-300x203.jpg 300w, https:\/\/insideamateurfussball-ffm.de\/wp-content\/uploads\/2025\/08\/graefenrode1-768x519.jpg 768w\" sizes=\"auto, (max-width: 927px) 100vw, 927px\" \/><\/figure>\n\n\n\n<figure class=\"wp-block-image size-full\"><img loading=\"lazy\" decoding=\"async\" width=\"887\" height=\"591\" src=\"http:\/\/insideamateurfussball-ffm.de\/wp-content\/uploads\/2025\/08\/graefenrode2.jpg\" alt=\"\" class=\"wp-image-27072\" srcset=\"https:\/\/insideamateurfussball-ffm.de\/wp-content\/uploads\/2025\/08\/graefenrode2.jpg 887w, https:\/\/insideamateurfussball-ffm.de\/wp-content\/uploads\/2025\/08\/graefenrode2-300x200.jpg 300w, https:\/\/insideamateurfussball-ffm.de\/wp-content\/uploads\/2025\/08\/graefenrode2-768x512.jpg 768w\" sizes=\"auto, (max-width: 887px) 100vw, 887px\" \/><\/figure>\n\n\n\n<figure class=\"wp-block-image size-full\"><img loading=\"lazy\" decoding=\"async\" width=\"886\" height=\"590\" src=\"http:\/\/insideamateurfussball-ffm.de\/wp-content\/uploads\/2025\/08\/graefenrode3.jpg\" alt=\"\" class=\"wp-image-27073\" srcset=\"https:\/\/insideamateurfussball-ffm.de\/wp-content\/uploads\/2025\/08\/graefenrode3.jpg 886w, https:\/\/insideamateurfussball-ffm.de\/wp-content\/uploads\/2025\/08\/graefenrode3-300x200.jpg 300w, https:\/\/insideamateurfussball-ffm.de\/wp-content\/uploads\/2025\/08\/graefenrode3-768x511.jpg 768w\" sizes=\"auto, (max-width: 886px) 100vw, 886px\" \/><\/figure>\n\n\n\n<figure class=\"wp-block-image size-full\"><img loading=\"lazy\" decoding=\"async\" width=\"886\" height=\"598\" src=\"http:\/\/insideamateurfussball-ffm.de\/wp-content\/uploads\/2025\/08\/graefenrode4.jpg\" alt=\"\" class=\"wp-image-27074\" srcset=\"https:\/\/insideamateurfussball-ffm.de\/wp-content\/uploads\/2025\/08\/graefenrode4.jpg 886w, https:\/\/insideamateurfussball-ffm.de\/wp-content\/uploads\/2025\/08\/graefenrode4-300x202.jpg 300w, https:\/\/insideamateurfussball-ffm.de\/wp-content\/uploads\/2025\/08\/graefenrode4-768x518.jpg 768w\" sizes=\"auto, (max-width: 886px) 100vw, 886px\" \/><\/figure>\n\n\n\n<figure class=\"wp-block-image size-full\"><img loading=\"lazy\" decoding=\"async\" width=\"886\" height=\"550\" src=\"http:\/\/insideamateurfussball-ffm.de\/wp-content\/uploads\/2025\/08\/graefenrode5.jpg\" alt=\"\" class=\"wp-image-27075\" srcset=\"https:\/\/insideamateurfussball-ffm.de\/wp-content\/uploads\/2025\/08\/graefenrode5.jpg 886w, https:\/\/insideamateurfussball-ffm.de\/wp-content\/uploads\/2025\/08\/graefenrode5-300x186.jpg 300w, https:\/\/insideamateurfussball-ffm.de\/wp-content\/uploads\/2025\/08\/graefenrode5-768x477.jpg 768w\" sizes=\"auto, (max-width: 886px) 100vw, 886px\" \/><\/figure>\n\n\n\n<figure class=\"wp-block-image size-full\"><img loading=\"lazy\" decoding=\"async\" width=\"886\" height=\"596\" src=\"http:\/\/insideamateurfussball-ffm.de\/wp-content\/uploads\/2025\/08\/graefenrode6.jpg\" alt=\"\" class=\"wp-image-27076\" srcset=\"https:\/\/insideamateurfussball-ffm.de\/wp-content\/uploads\/2025\/08\/graefenrode6.jpg 886w, https:\/\/insideamateurfussball-ffm.de\/wp-content\/uploads\/2025\/08\/graefenrode6-300x202.jpg 300w, https:\/\/insideamateurfussball-ffm.de\/wp-content\/uploads\/2025\/08\/graefenrode6-768x517.jpg 768w\" sizes=\"auto, (max-width: 886px) 100vw, 886px\" \/><\/figure>\n\n\n\n<figure class=\"wp-block-image size-full\"><img loading=\"lazy\" decoding=\"async\" width=\"886\" height=\"658\" src=\"http:\/\/insideamateurfussball-ffm.de\/wp-content\/uploads\/2025\/08\/graefenrode7.jpg\" alt=\"\" class=\"wp-image-27077\" srcset=\"https:\/\/insideamateurfussball-ffm.de\/wp-content\/uploads\/2025\/08\/graefenrode7.jpg 886w, https:\/\/insideamateurfussball-ffm.de\/wp-content\/uploads\/2025\/08\/graefenrode7-300x223.jpg 300w, https:\/\/insideamateurfussball-ffm.de\/wp-content\/uploads\/2025\/08\/graefenrode7-768x570.jpg 768w\" sizes=\"auto, (max-width: 886px) 100vw, 886px\" \/><\/figure>\n\n\n\n<figure class=\"wp-block-image size-full\"><img loading=\"lazy\" decoding=\"async\" width=\"886\" height=\"590\" src=\"http:\/\/insideamateurfussball-ffm.de\/wp-content\/uploads\/2025\/08\/graefenrode8.jpg\" alt=\"\" class=\"wp-image-27078\" srcset=\"https:\/\/insideamateurfussball-ffm.de\/wp-content\/uploads\/2025\/08\/graefenrode8.jpg 886w, https:\/\/insideamateurfussball-ffm.de\/wp-content\/uploads\/2025\/08\/graefenrode8-300x200.jpg 300w, https:\/\/insideamateurfussball-ffm.de\/wp-content\/uploads\/2025\/08\/graefenrode8-768x511.jpg 768w\" sizes=\"auto, (max-width: 886px) 100vw, 886px\" \/><\/figure>\n\n\n\n<figure class=\"wp-block-image size-full\"><img loading=\"lazy\" decoding=\"async\" width=\"886\" height=\"586\" src=\"http:\/\/insideamateurfussball-ffm.de\/wp-content\/uploads\/2025\/08\/graefenrode10.jpg\" alt=\"\" class=\"wp-image-27080\" srcset=\"https:\/\/insideamateurfussball-ffm.de\/wp-content\/uploads\/2025\/08\/graefenrode10.jpg 886w, https:\/\/insideamateurfussball-ffm.de\/wp-content\/uploads\/2025\/08\/graefenrode10-300x198.jpg 300w, https:\/\/insideamateurfussball-ffm.de\/wp-content\/uploads\/2025\/08\/graefenrode10-768x508.jpg 768w\" sizes=\"auto, (max-width: 886px) 100vw, 886px\" \/><\/figure>\n\n\n\n<figure class=\"wp-block-image size-full\"><img loading=\"lazy\" decoding=\"async\" width=\"886\" height=\"590\" src=\"http:\/\/insideamateurfussball-ffm.de\/wp-content\/uploads\/2025\/08\/graefenrode11.jpg\" alt=\"\" class=\"wp-image-27081\" srcset=\"https:\/\/insideamateurfussball-ffm.de\/wp-content\/uploads\/2025\/08\/graefenrode11.jpg 886w, https:\/\/insideamateurfussball-ffm.de\/wp-content\/uploads\/2025\/08\/graefenrode11-300x200.jpg 300w, https:\/\/insideamateurfussball-ffm.de\/wp-content\/uploads\/2025\/08\/graefenrode11-768x511.jpg 768w\" sizes=\"auto, (max-width: 886px) 100vw, 886px\" \/><\/figure>\n\n\n","protected":false},"excerpt":{"rendered":"<p>Auch nach dem zweiten Spieltag bleibt der SV Bosnien\/Herzegowina verlustpunktfrei. Gegen den Aufsteiger FSG Burg-Gr\u00e4fenrode gab es einen souver\u00e4nen 4:1-Sieg, verbunden mit dem Sprung auf Platz 2. SV Bosnien\/Herzegowina &#8211; FSG Burg-Gr\u00e4fenrode 4:1 (3:1) In dieser Saison hat der SV Bosnien\/Herzegowina in den Urlaubswochen trotzdem eine starke Mannschaft auf dem Platz, das zweite Spiel gegen [&hellip;]<\/p>\n","protected":false},"author":3,"featured_media":27079,"comment_status":"closed","ping_status":"open","sticky":true,"template":"","format":"standard","meta":{"footnotes":""},"categories":[13],"tags":[],"class_list":["post-27070","post","type-post","status-publish","format-standard","has-post-thumbnail","hentry","category-gruppenliga-frankfurt-west"],"_links":{"self":[{"href":"https:\/\/insideamateurfussball-ffm.de\/index.php?rest_route=\/wp\/v2\/posts\/27070","targetHints":{"allow":["GET"]}}],"collection":[{"href":"https:\/\/insideamateurfussball-ffm.de\/index.php?rest_route=\/wp\/v2\/posts"}],"about":[{"href":"https:\/\/insideamateurfussball-ffm.de\/index.php?rest_route=\/wp\/v2\/types\/post"}],"author":[{"embeddable":true,"href":"https:\/\/insideamateurfussball-ffm.de\/index.php?rest_route=\/wp\/v2\/users\/3"}],"replies":[{"embeddable":true,"href":"https:\/\/insideamateurfussball-ffm.de\/index.php?rest_route=%2Fwp%2Fv2%2Fcomments&post=27070"}],"version-history":[{"count":2,"href":"https:\/\/insideamateurfussball-ffm.de\/index.php?rest_route=\/wp\/v2\/posts\/27070\/revisions"}],"predecessor-version":[{"id":27084,"href":"https:\/\/insideamateurfussball-ffm.de\/index.php?rest_route=\/wp\/v2\/posts\/27070\/revisions\/27084"}],"wp:featuredmedia":[{"embeddable":true,"href":"https:\/\/insideamateurfussball-ffm.de\/index.php?rest_route=\/wp\/v2\/media\/27079"}],"wp:attachment":[{"href":"https:\/\/insideamateurfussball-ffm.de\/index.php?rest_route=%2Fwp%2Fv2%2Fmedia&parent=27070"}],"wp:term":[{"taxonomy":"category","embeddable":true,"href":"https:\/\/insideamateurfussball-ffm.de\/index.php?rest_route=%2Fwp%2Fv2%2Fcategories&post=27070"},{"taxonomy":"post_tag","embeddable":true,"href":"https:\/\/insideamateurfussball-ffm.de\/index.php?rest_route=%2Fwp%2Fv2%2Ftags&post=27070"}],"curies":[{"name":"wp","href":"https:\/\/api.w.org\/{rel}","templated":true}]}}