{"id":27019,"date":"2025-08-09T11:17:28","date_gmt":"2025-08-09T10:17:28","guid":{"rendered":"https:\/\/insideamateurfussball-ffm.de\/?p=27019"},"modified":"2025-08-09T11:17:28","modified_gmt":"2025-08-09T10:17:28","slug":"seckbach-nach-03-noch-33-in-beienheim","status":"publish","type":"post","link":"https:\/\/insideamateurfussball-ffm.de\/?p=27019","title":{"rendered":"Seckbach nach 0:3 noch 3:3 in Beienheim"},"content":{"rendered":"<h4>Mit einem Kraftakt konnte die FG Seckbach einen 0:3-R\u00fcckstand zur Pause noch zu einem 3:3 drehen gegen eine undisziplinierte und zum Schluss in doppelter Unterzahl spielende Mannschaft des SKV Beienheim.<\/h4>\n<figure id=\"attachment_27034\" aria-describedby=\"caption-attachment-27034\" style=\"width: 2016px\" class=\"wp-caption alignnone\"><img loading=\"lazy\" decoding=\"async\" class=\"wp-image-27034 size-full\" src=\"http:\/\/insideamateurfussball-ffm.de\/wp-content\/uploads\/2025\/08\/beienheimseckbach14.jpg\" alt=\"\" width=\"2016\" height=\"1512\" srcset=\"https:\/\/insideamateurfussball-ffm.de\/wp-content\/uploads\/2025\/08\/beienheimseckbach14.jpg 2016w, https:\/\/insideamateurfussball-ffm.de\/wp-content\/uploads\/2025\/08\/beienheimseckbach14-300x225.jpg 300w, https:\/\/insideamateurfussball-ffm.de\/wp-content\/uploads\/2025\/08\/beienheimseckbach14-1024x768.jpg 1024w, https:\/\/insideamateurfussball-ffm.de\/wp-content\/uploads\/2025\/08\/beienheimseckbach14-768x576.jpg 768w, https:\/\/insideamateurfussball-ffm.de\/wp-content\/uploads\/2025\/08\/beienheimseckbach14-1536x1152.jpg 1536w\" sizes=\"auto, (max-width: 2016px) 100vw, 2016px\" \/><figcaption id=\"caption-attachment-27034\" class=\"wp-caption-text\">Die FG Seckbach holte in Beienheim einen Punkt der Moral. Foto: MZ<\/figcaption><\/figure>\n<h4>SKV Beienheim &#8211; FG Seckbach 3:3 (3:0)<\/h4>\n<p><img loading=\"lazy\" decoding=\"async\" class=\"alignnone size-full wp-image-545\" src=\"http:\/\/insideamateurfussball-ffm.de\/wp-content\/uploads\/2022\/06\/SKV-Beienh.jpg\" alt=\"\" width=\"79\" height=\"80\" \/><img loading=\"lazy\" decoding=\"async\" class=\"alignnone size-full wp-image-544\" src=\"http:\/\/insideamateurfussball-ffm.de\/wp-content\/uploads\/2022\/06\/Seckbach.jpg\" alt=\"\" width=\"80\" height=\"80\" \/><\/p>\n<p>Die FG Seckbach hat in dieser Saison ihren ersten Punkt geholt, und das auf dramatische Art und Weise. Zur Halbzeit lagen die Seckbacher nach einer schwachen Leistung bereits mit 0:3 bei der SKV Beienheim zur\u00fcck und keiner h\u00e4tte mehr mit einem Umschwung gerechnet, zu gro\u00df war die \u00dcberlegenheit des Verbandsliga-Absteigers, der in der zweiten Halbzeit allerdings alles daf\u00fcr tat, dass die G\u00e4ste noch zum Ausgleich kamen.<\/p>\n<p>Bereits in der 4.Minute gingen die Gastgeber durch S\u00f6ren Reich in F\u00fchrung, der einen langen Ball \u00fcber den herauseilenden Torwart Jonas Hess zum 1:0 heben konnte. Nach einer Glanztat von Hess und zwei Abseitstoren der Beienheimer erh\u00f6hten sie in der 37.Minute auf 2:0, nach einem Doppelpass mit Steffen M\u00fcnk war es erneut Reich, der das Tor erzielen konnte. Und noch vor der Halbzeit, in der 41.Minute, fiel das 3:0, einen hohen Ball konnte Keeper Hess gerade noch retten, den nach vorne springenden Ball setzte M\u00fcnk mit einem Flugkopfball in die Maschen des Seckbacher Tores. Die G\u00e4ste aus Frankfurt konnten offensiv kaum Akzente setzen und waren in der Defensive anf\u00e4llig, alle drei Tore schienen vermeidbar.<\/p>\n<p>Die zweite Halbzeit begann fr\u00fch mit einem f\u00fcr den Ausgang des Spiels mitentscheidenden Moment, nach einem Foul an Seckbachs Kapit\u00e4n Milad Wardak meckerte M\u00fcnk lautstark gegen die Entscheidung, woraufhin er vom Schiedsrichter mit gelb verwarnt wurde. Im Zur\u00fcckgehen meckerte M\u00fcnk weiter und erhielt folgerichtig sofort die zweite gelbe Karte und musste in der 49.Minute mit gelb-rot den Platz verlassen, ein Kapit\u00e4n darf zwar mit dem Schiedsrichter kommunizieren, ein lautstarkes Meckern ist damit aber nicht gemeint.<\/p>\n<p>Ab diesem Zeitpunkt lief das Spiel fast nur noch in eine Richtung, die Beienheimer brachten kaum noch etwas zustande. Trainer Manuel May wechselte in \u00dcberzahl offensiv ein und der nur 5 Minuten auf dem Platz stehende Benedict Linzenmeier erzielte in der 57.Minute das 1:3, was bei den G\u00e4sten die Hoffnung verst\u00e4rkte. In der 60. und 68.Minute kamen die Gastgeber noch zu zwei Chancen, doch einmal rette der Pfosten, ein weiteres Mal Torwart Hess. Die in der zweiten H\u00e4lfte anrennenden Seckbacher erhielten dann in einer Phase, in der Beienheim nach einer Verletzung nur 9 Spieler auf dem Feld hatte, einen Handelfmeter, den Florian Schuberth in der 75.Minute sicher zum 2:3 verwandelte.<\/p>\n<p>Und in der 90.Minute fiel dann auch noch der Ausgleich, bei dem die Gastgeber nur noch 9 Spieler auf dem Feld hatten, denn Torwart Tim Kuhl, der in der 52.Minute bereits gelb wegen Meckerns gesehen hatte, meckerte in der 86.Minute erneut lautstark gegen eine Entscheidung des Schiedsrichter-Gespanns, auch er musste mit gelb-rot den Platz verlassen. Die Beienheimer schw\u00e4chten sich durch ihr undiszipliniertes Auftreten selbst, denn sp\u00e4testens nach der gelb-roten Karte gegen Kapit\u00e4n M\u00fcnk war klar, welche Linie der Schiedsrichter durchsetzte, und zwar konsequent. F\u00fcr den Ausgleich der Seckbacher zeichnete der eingewechselte Jonas Scheitza verantwortlich, der den eingewechselten Beienheimer Torwart Maximilian Hinterkopf mit einem Kopfball bezwingen konnte.<\/p>\n<p>Ein letztlich wichtiger Punkt der Moral f\u00fcr die FG Seckbach, nach dem es zur Halbzeit nicht mehr ausgesehen hatte. Trainer Manuel May zum Spiel: \u201eerste Halbzeit war nicht gut von uns gewesen, wir haben zu viele Fehler gemacht, die dann auch gleich bestraft worden sind. Wir hatten auch ein zwei M\u00f6glichkeiten gehabt, aber haben verdient zur\u00fcckgelegen in der Pause. Das haben wir angesprochen, aber es ist immer auch schwierig, was zu sagen in der Halbzeit, wenn man 3:0 zur\u00fcckliegt, ohne die Mannschaft so komplett anzugreifen. Wir haben Moral gezeigt in der zweiten Halbzeit, das muss man einfach sagen, ob da die rote Karte mitgespielt hat, dazu will ich mich gar nicht \u00e4u\u00dfern, weil ich es auch gar nicht mitbekommen habe, was da los war. Wir sind nach 0:3 zur\u00fcckgekommen, und wir haben hier einen Punkt geholt, und das freut mich, aber wir haben noch viel Arbeit.\u201c<\/p>\n<p>Am n\u00e4chsten Spieltag geht es wieder am Freitagabend zum FC Kaichen, der von seinen ersten sieben Spielen sechs zu Hause austragen kann.<\/p>\n<h4>Schiedsrichter: Nils Bittner (TSV Heiligenrode). Zuschauer: 150.<\/h4>\n<h4>Tore: 1:0 S\u00f6ren Reich (4.), 2:0 S\u00f6ren Reich (37.), 3:0 Steffen M\u00fcnk (41.), 3:1 Benedict Linzenmeier (57.), 3.2 Florian Schuberth (75., Elfmeter), 3:3 Jonas Scheitza (90.)<\/h4>\n\n\n<figure class=\"wp-block-image size-large\"><img loading=\"lazy\" decoding=\"async\" width=\"1024\" height=\"768\" src=\"http:\/\/insideamateurfussball-ffm.de\/wp-content\/uploads\/2025\/08\/beienheimseckbach02-1024x768.jpg\" alt=\"\" class=\"wp-image-27022\" srcset=\"https:\/\/insideamateurfussball-ffm.de\/wp-content\/uploads\/2025\/08\/beienheimseckbach02-1024x768.jpg 1024w, https:\/\/insideamateurfussball-ffm.de\/wp-content\/uploads\/2025\/08\/beienheimseckbach02-300x225.jpg 300w, https:\/\/insideamateurfussball-ffm.de\/wp-content\/uploads\/2025\/08\/beienheimseckbach02-768x576.jpg 768w, https:\/\/insideamateurfussball-ffm.de\/wp-content\/uploads\/2025\/08\/beienheimseckbach02-1536x1152.jpg 1536w, https:\/\/insideamateurfussball-ffm.de\/wp-content\/uploads\/2025\/08\/beienheimseckbach02.jpg 2016w\" sizes=\"auto, (max-width: 1024px) 100vw, 1024px\" \/><\/figure>\n\n\n\n<figure class=\"wp-block-image size-large\"><img loading=\"lazy\" decoding=\"async\" width=\"1024\" height=\"768\" src=\"http:\/\/insideamateurfussball-ffm.de\/wp-content\/uploads\/2025\/08\/beienheimseckbach00-1024x768.jpg\" alt=\"\" class=\"wp-image-27020\" srcset=\"https:\/\/insideamateurfussball-ffm.de\/wp-content\/uploads\/2025\/08\/beienheimseckbach00-1024x768.jpg 1024w, https:\/\/insideamateurfussball-ffm.de\/wp-content\/uploads\/2025\/08\/beienheimseckbach00-300x225.jpg 300w, https:\/\/insideamateurfussball-ffm.de\/wp-content\/uploads\/2025\/08\/beienheimseckbach00-768x576.jpg 768w, https:\/\/insideamateurfussball-ffm.de\/wp-content\/uploads\/2025\/08\/beienheimseckbach00-1536x1152.jpg 1536w, https:\/\/insideamateurfussball-ffm.de\/wp-content\/uploads\/2025\/08\/beienheimseckbach00.jpg 2016w\" sizes=\"auto, (max-width: 1024px) 100vw, 1024px\" \/><\/figure>\n\n\n\n<figure class=\"wp-block-image size-large\"><img loading=\"lazy\" decoding=\"async\" width=\"1024\" height=\"768\" src=\"http:\/\/insideamateurfussball-ffm.de\/wp-content\/uploads\/2025\/08\/beienheimseckbach01-1024x768.jpg\" alt=\"\" class=\"wp-image-27021\" srcset=\"https:\/\/insideamateurfussball-ffm.de\/wp-content\/uploads\/2025\/08\/beienheimseckbach01-1024x768.jpg 1024w, https:\/\/insideamateurfussball-ffm.de\/wp-content\/uploads\/2025\/08\/beienheimseckbach01-300x225.jpg 300w, https:\/\/insideamateurfussball-ffm.de\/wp-content\/uploads\/2025\/08\/beienheimseckbach01-768x576.jpg 768w, https:\/\/insideamateurfussball-ffm.de\/wp-content\/uploads\/2025\/08\/beienheimseckbach01-1536x1152.jpg 1536w, https:\/\/insideamateurfussball-ffm.de\/wp-content\/uploads\/2025\/08\/beienheimseckbach01.jpg 2016w\" sizes=\"auto, (max-width: 1024px) 100vw, 1024px\" \/><\/figure>\n\n\n\n<figure class=\"wp-block-image size-large\"><img loading=\"lazy\" decoding=\"async\" width=\"1024\" height=\"768\" src=\"http:\/\/insideamateurfussball-ffm.de\/wp-content\/uploads\/2025\/08\/beienheimseckbach04-1024x768.jpg\" alt=\"\" class=\"wp-image-27024\" srcset=\"https:\/\/insideamateurfussball-ffm.de\/wp-content\/uploads\/2025\/08\/beienheimseckbach04-1024x768.jpg 1024w, https:\/\/insideamateurfussball-ffm.de\/wp-content\/uploads\/2025\/08\/beienheimseckbach04-300x225.jpg 300w, https:\/\/insideamateurfussball-ffm.de\/wp-content\/uploads\/2025\/08\/beienheimseckbach04-768x576.jpg 768w, https:\/\/insideamateurfussball-ffm.de\/wp-content\/uploads\/2025\/08\/beienheimseckbach04-1536x1152.jpg 1536w, https:\/\/insideamateurfussball-ffm.de\/wp-content\/uploads\/2025\/08\/beienheimseckbach04.jpg 2016w\" sizes=\"auto, (max-width: 1024px) 100vw, 1024px\" \/><\/figure>\n\n\n\n<figure class=\"wp-block-image size-large\"><img loading=\"lazy\" decoding=\"async\" width=\"1024\" height=\"768\" src=\"http:\/\/insideamateurfussball-ffm.de\/wp-content\/uploads\/2025\/08\/beienheimseckbach05-1024x768.jpg\" alt=\"\" class=\"wp-image-27025\" srcset=\"https:\/\/insideamateurfussball-ffm.de\/wp-content\/uploads\/2025\/08\/beienheimseckbach05-1024x768.jpg 1024w, https:\/\/insideamateurfussball-ffm.de\/wp-content\/uploads\/2025\/08\/beienheimseckbach05-300x225.jpg 300w, https:\/\/insideamateurfussball-ffm.de\/wp-content\/uploads\/2025\/08\/beienheimseckbach05-768x576.jpg 768w, https:\/\/insideamateurfussball-ffm.de\/wp-content\/uploads\/2025\/08\/beienheimseckbach05-1536x1152.jpg 1536w, https:\/\/insideamateurfussball-ffm.de\/wp-content\/uploads\/2025\/08\/beienheimseckbach05.jpg 2016w\" sizes=\"auto, (max-width: 1024px) 100vw, 1024px\" \/><\/figure>\n\n\n\n<figure class=\"wp-block-image size-large\"><img loading=\"lazy\" decoding=\"async\" width=\"1024\" height=\"768\" src=\"http:\/\/insideamateurfussball-ffm.de\/wp-content\/uploads\/2025\/08\/beienheimseckbach07-1024x768.jpg\" alt=\"\" class=\"wp-image-27027\" srcset=\"https:\/\/insideamateurfussball-ffm.de\/wp-content\/uploads\/2025\/08\/beienheimseckbach07-1024x768.jpg 1024w, https:\/\/insideamateurfussball-ffm.de\/wp-content\/uploads\/2025\/08\/beienheimseckbach07-300x225.jpg 300w, https:\/\/insideamateurfussball-ffm.de\/wp-content\/uploads\/2025\/08\/beienheimseckbach07-768x576.jpg 768w, https:\/\/insideamateurfussball-ffm.de\/wp-content\/uploads\/2025\/08\/beienheimseckbach07-1536x1152.jpg 1536w, https:\/\/insideamateurfussball-ffm.de\/wp-content\/uploads\/2025\/08\/beienheimseckbach07.jpg 2016w\" sizes=\"auto, (max-width: 1024px) 100vw, 1024px\" \/><\/figure>\n\n\n\n<figure class=\"wp-block-image size-large\"><img loading=\"lazy\" decoding=\"async\" width=\"1024\" height=\"768\" src=\"http:\/\/insideamateurfussball-ffm.de\/wp-content\/uploads\/2025\/08\/beienheimseckbach08-1024x768.jpg\" alt=\"\" class=\"wp-image-27028\" srcset=\"https:\/\/insideamateurfussball-ffm.de\/wp-content\/uploads\/2025\/08\/beienheimseckbach08-1024x768.jpg 1024w, https:\/\/insideamateurfussball-ffm.de\/wp-content\/uploads\/2025\/08\/beienheimseckbach08-300x225.jpg 300w, https:\/\/insideamateurfussball-ffm.de\/wp-content\/uploads\/2025\/08\/beienheimseckbach08-768x576.jpg 768w, https:\/\/insideamateurfussball-ffm.de\/wp-content\/uploads\/2025\/08\/beienheimseckbach08-1536x1152.jpg 1536w, https:\/\/insideamateurfussball-ffm.de\/wp-content\/uploads\/2025\/08\/beienheimseckbach08.jpg 2016w\" sizes=\"auto, (max-width: 1024px) 100vw, 1024px\" \/><\/figure>\n\n\n\n<figure class=\"wp-block-image size-large\"><img loading=\"lazy\" decoding=\"async\" width=\"1024\" height=\"768\" src=\"http:\/\/insideamateurfussball-ffm.de\/wp-content\/uploads\/2025\/08\/beienheimseckbach09-1024x768.jpg\" alt=\"\" class=\"wp-image-27029\" srcset=\"https:\/\/insideamateurfussball-ffm.de\/wp-content\/uploads\/2025\/08\/beienheimseckbach09-1024x768.jpg 1024w, https:\/\/insideamateurfussball-ffm.de\/wp-content\/uploads\/2025\/08\/beienheimseckbach09-300x225.jpg 300w, https:\/\/insideamateurfussball-ffm.de\/wp-content\/uploads\/2025\/08\/beienheimseckbach09-768x576.jpg 768w, https:\/\/insideamateurfussball-ffm.de\/wp-content\/uploads\/2025\/08\/beienheimseckbach09-1536x1152.jpg 1536w, https:\/\/insideamateurfussball-ffm.de\/wp-content\/uploads\/2025\/08\/beienheimseckbach09.jpg 2016w\" sizes=\"auto, (max-width: 1024px) 100vw, 1024px\" \/><\/figure>\n\n\n\n<figure class=\"wp-block-image size-large\"><img loading=\"lazy\" decoding=\"async\" width=\"1024\" height=\"768\" src=\"http:\/\/insideamateurfussball-ffm.de\/wp-content\/uploads\/2025\/08\/beienheimseckbach10-1024x768.jpg\" alt=\"\" class=\"wp-image-27030\" srcset=\"https:\/\/insideamateurfussball-ffm.de\/wp-content\/uploads\/2025\/08\/beienheimseckbach10-1024x768.jpg 1024w, https:\/\/insideamateurfussball-ffm.de\/wp-content\/uploads\/2025\/08\/beienheimseckbach10-300x225.jpg 300w, https:\/\/insideamateurfussball-ffm.de\/wp-content\/uploads\/2025\/08\/beienheimseckbach10-768x576.jpg 768w, https:\/\/insideamateurfussball-ffm.de\/wp-content\/uploads\/2025\/08\/beienheimseckbach10-1536x1152.jpg 1536w, https:\/\/insideamateurfussball-ffm.de\/wp-content\/uploads\/2025\/08\/beienheimseckbach10.jpg 2016w\" sizes=\"auto, (max-width: 1024px) 100vw, 1024px\" \/><\/figure>\n\n\n\n<figure class=\"wp-block-image size-large\"><img loading=\"lazy\" decoding=\"async\" width=\"1024\" height=\"768\" src=\"http:\/\/insideamateurfussball-ffm.de\/wp-content\/uploads\/2025\/08\/beienheimseckbach11-1024x768.jpg\" alt=\"\" class=\"wp-image-27031\" srcset=\"https:\/\/insideamateurfussball-ffm.de\/wp-content\/uploads\/2025\/08\/beienheimseckbach11-1024x768.jpg 1024w, https:\/\/insideamateurfussball-ffm.de\/wp-content\/uploads\/2025\/08\/beienheimseckbach11-300x225.jpg 300w, https:\/\/insideamateurfussball-ffm.de\/wp-content\/uploads\/2025\/08\/beienheimseckbach11-768x576.jpg 768w, https:\/\/insideamateurfussball-ffm.de\/wp-content\/uploads\/2025\/08\/beienheimseckbach11-1536x1152.jpg 1536w, https:\/\/insideamateurfussball-ffm.de\/wp-content\/uploads\/2025\/08\/beienheimseckbach11.jpg 2016w\" sizes=\"auto, (max-width: 1024px) 100vw, 1024px\" \/><\/figure>\n\n\n\n<figure class=\"wp-block-image size-large\"><img loading=\"lazy\" decoding=\"async\" width=\"1024\" height=\"768\" src=\"http:\/\/insideamateurfussball-ffm.de\/wp-content\/uploads\/2025\/08\/beienheimseckbach16-1024x768.jpg\" alt=\"\" class=\"wp-image-27036\" srcset=\"https:\/\/insideamateurfussball-ffm.de\/wp-content\/uploads\/2025\/08\/beienheimseckbach16-1024x768.jpg 1024w, https:\/\/insideamateurfussball-ffm.de\/wp-content\/uploads\/2025\/08\/beienheimseckbach16-300x225.jpg 300w, https:\/\/insideamateurfussball-ffm.de\/wp-content\/uploads\/2025\/08\/beienheimseckbach16-768x576.jpg 768w, https:\/\/insideamateurfussball-ffm.de\/wp-content\/uploads\/2025\/08\/beienheimseckbach16-1536x1152.jpg 1536w, https:\/\/insideamateurfussball-ffm.de\/wp-content\/uploads\/2025\/08\/beienheimseckbach16.jpg 2016w\" sizes=\"auto, (max-width: 1024px) 100vw, 1024px\" \/><\/figure>\n\n\n\n<figure class=\"wp-block-image size-large\"><img loading=\"lazy\" decoding=\"async\" width=\"1024\" height=\"768\" src=\"http:\/\/insideamateurfussball-ffm.de\/wp-content\/uploads\/2025\/08\/beienheimseckbach13-1024x768.jpg\" alt=\"\" class=\"wp-image-27033\" srcset=\"https:\/\/insideamateurfussball-ffm.de\/wp-content\/uploads\/2025\/08\/beienheimseckbach13-1024x768.jpg 1024w, https:\/\/insideamateurfussball-ffm.de\/wp-content\/uploads\/2025\/08\/beienheimseckbach13-300x225.jpg 300w, https:\/\/insideamateurfussball-ffm.de\/wp-content\/uploads\/2025\/08\/beienheimseckbach13-768x576.jpg 768w, https:\/\/insideamateurfussball-ffm.de\/wp-content\/uploads\/2025\/08\/beienheimseckbach13-1536x1152.jpg 1536w, https:\/\/insideamateurfussball-ffm.de\/wp-content\/uploads\/2025\/08\/beienheimseckbach13.jpg 2016w\" sizes=\"auto, (max-width: 1024px) 100vw, 1024px\" \/><\/figure>\n\n\n\n<figure class=\"wp-block-image size-large\"><img loading=\"lazy\" decoding=\"async\" width=\"1024\" height=\"768\" src=\"http:\/\/insideamateurfussball-ffm.de\/wp-content\/uploads\/2025\/08\/beienheimseckbach15-1024x768.jpg\" alt=\"\" class=\"wp-image-27035\" srcset=\"https:\/\/insideamateurfussball-ffm.de\/wp-content\/uploads\/2025\/08\/beienheimseckbach15-1024x768.jpg 1024w, https:\/\/insideamateurfussball-ffm.de\/wp-content\/uploads\/2025\/08\/beienheimseckbach15-300x225.jpg 300w, https:\/\/insideamateurfussball-ffm.de\/wp-content\/uploads\/2025\/08\/beienheimseckbach15-768x576.jpg 768w, https:\/\/insideamateurfussball-ffm.de\/wp-content\/uploads\/2025\/08\/beienheimseckbach15-1536x1152.jpg 1536w, https:\/\/insideamateurfussball-ffm.de\/wp-content\/uploads\/2025\/08\/beienheimseckbach15.jpg 2016w\" sizes=\"auto, (max-width: 1024px) 100vw, 1024px\" \/><\/figure>\n","protected":false},"excerpt":{"rendered":"<p>Mit einem Kraftakt konnte die FG Seckbach einen 0:3-R\u00fcckstand zur Pause noch zu einem 3:3 drehen gegen eine undisziplinierte und zum Schluss in doppelter Unterzahl spielende Mannschaft des SKV Beienheim. SKV Beienheim &#8211; FG Seckbach 3:3 (3:0) Die FG Seckbach hat in dieser Saison ihren ersten Punkt geholt, und das auf dramatische Art und Weise. [&hellip;]<\/p>\n","protected":false},"author":3,"featured_media":27034,"comment_status":"closed","ping_status":"open","sticky":true,"template":"","format":"standard","meta":{"footnotes":""},"categories":[13],"tags":[],"class_list":["post-27019","post","type-post","status-publish","format-standard","has-post-thumbnail","hentry","category-gruppenliga-frankfurt-west"],"_links":{"self":[{"href":"https:\/\/insideamateurfussball-ffm.de\/index.php?rest_route=\/wp\/v2\/posts\/27019","targetHints":{"allow":["GET"]}}],"collection":[{"href":"https:\/\/insideamateurfussball-ffm.de\/index.php?rest_route=\/wp\/v2\/posts"}],"about":[{"href":"https:\/\/insideamateurfussball-ffm.de\/index.php?rest_route=\/wp\/v2\/types\/post"}],"author":[{"embeddable":true,"href":"https:\/\/insideamateurfussball-ffm.de\/index.php?rest_route=\/wp\/v2\/users\/3"}],"replies":[{"embeddable":true,"href":"https:\/\/insideamateurfussball-ffm.de\/index.php?rest_route=%2Fwp%2Fv2%2Fcomments&post=27019"}],"version-history":[{"count":2,"href":"https:\/\/insideamateurfussball-ffm.de\/index.php?rest_route=\/wp\/v2\/posts\/27019\/revisions"}],"predecessor-version":[{"id":27038,"href":"https:\/\/insideamateurfussball-ffm.de\/index.php?rest_route=\/wp\/v2\/posts\/27019\/revisions\/27038"}],"wp:featuredmedia":[{"embeddable":true,"href":"https:\/\/insideamateurfussball-ffm.de\/index.php?rest_route=\/wp\/v2\/media\/27034"}],"wp:attachment":[{"href":"https:\/\/insideamateurfussball-ffm.de\/index.php?rest_route=%2Fwp%2Fv2%2Fmedia&parent=27019"}],"wp:term":[{"taxonomy":"category","embeddable":true,"href":"https:\/\/insideamateurfussball-ffm.de\/index.php?rest_route=%2Fwp%2Fv2%2Fcategories&post=27019"},{"taxonomy":"post_tag","embeddable":true,"href":"https:\/\/insideamateurfussball-ffm.de\/index.php?rest_route=%2Fwp%2Fv2%2Ftags&post=27019"}],"curies":[{"name":"wp","href":"https:\/\/api.w.org\/{rel}","templated":true}]}}