{"id":27013,"date":"2025-08-04T16:30:27","date_gmt":"2025-08-04T15:30:27","guid":{"rendered":"https:\/\/insideamateurfussball-ffm.de\/?p=27013"},"modified":"2025-08-04T16:30:27","modified_gmt":"2025-08-04T15:30:27","slug":"1-spieltag-kreisoberliga-frankfurt-2","status":"publish","type":"post","link":"https:\/\/insideamateurfussball-ffm.de\/?p=27013","title":{"rendered":"1.Spieltag Kreisoberliga Frankfurt"},"content":{"rendered":"<h4>W\u00e4hrend der urlaubsbedingten Abwesenheit von Pedro l\u00e4uft die Berichterstattung \u00fcber die Kreisoberliga aufgrund redaktioneller Engp\u00e4sse in komprimierter Form. Nach seiner R\u00fcckkehr wird Pedro in gewohnter Manier \u00fcber alle KOL-Spiele Einzelberichte anfertigen.<\/h4>\n<figure id=\"attachment_20104\" aria-describedby=\"caption-attachment-20104\" style=\"width: 1280px\" class=\"wp-caption alignnone\"><img loading=\"lazy\" decoding=\"async\" class=\"wp-image-20104 size-full\" src=\"http:\/\/insideamateurfussball-ffm.de\/wp-content\/uploads\/2024\/07\/KOL-Spieltag-1.jpg\" alt=\"\" width=\"1280\" height=\"720\" srcset=\"https:\/\/insideamateurfussball-ffm.de\/wp-content\/uploads\/2024\/07\/KOL-Spieltag-1.jpg 1280w, https:\/\/insideamateurfussball-ffm.de\/wp-content\/uploads\/2024\/07\/KOL-Spieltag-1-300x169.jpg 300w, https:\/\/insideamateurfussball-ffm.de\/wp-content\/uploads\/2024\/07\/KOL-Spieltag-1-1024x576.jpg 1024w, https:\/\/insideamateurfussball-ffm.de\/wp-content\/uploads\/2024\/07\/KOL-Spieltag-1-768x432.jpg 768w\" sizes=\"auto, (max-width: 1280px) 100vw, 1280px\" \/><figcaption id=\"caption-attachment-20104\" class=\"wp-caption-text\">Zusammenfassung des 1.Spieltages der Kreisoberliga Frankfurt. Grafik: MZ<\/figcaption><\/figure>\n<p><u>FC Croatia \u2013 Makkabi Frankfurt 1:8 (0:3)<\/u><\/p>\n<p><img loading=\"lazy\" decoding=\"async\" class=\"alignnone size-full wp-image-29\" src=\"http:\/\/insideamateurfussball-ffm.de\/wp-content\/uploads\/2021\/11\/croatia.jpg\" alt=\"\" width=\"63\" height=\"80\" \/><img loading=\"lazy\" decoding=\"async\" class=\"alignnone size-full wp-image-90\" src=\"http:\/\/insideamateurfussball-ffm.de\/wp-content\/uploads\/2022\/05\/makkabi-neu.jpg\" alt=\"\" width=\"80\" height=\"80\" \/><\/p>\n<p>Makkabi Frankfurt ist nach dem hohen Sieg erster Tabellenf\u00fchrer der Kreisoberliga, Croatias Pressesprecher Stanislav Konta meinte trotzdem: \u201eunsere Mannschaft hat kein schlechtes Spiel gemacht.\u201c<\/p>\n<p>Schiedsrichter: Cedric Djeuta Nana (Darmstadt). Zuschauer: 35.<\/p>\n<p>Tore: 0:1 Adrian Benitez Dominguez (5.), 0:2 Branislav Glamocanin (40.), 0:3 Oleksandr Kolesnikov (45.+2), 1:3 Ante Strljic (50.), 1:4 Oleksandr Kolesnikov (52.), 1:5 Branislav Glamocanin (59.), 1:6 Adrian Benitez Dominguez (66.), 1:7 Oleksandr Kolesnikov (72.), 1:8 Oleksandr Kolesnikov (80.)<\/p>\n<p><u>BSC SW 1919 \u2013 Spvgg. 02 Griesheim 2:1 (2:0)<\/u><\/p>\n<p><img loading=\"lazy\" decoding=\"async\" class=\"alignnone size-full wp-image-285\" src=\"http:\/\/insideamateurfussball-ffm.de\/wp-content\/uploads\/2022\/05\/BSC-19.jpg\" alt=\"\" width=\"80\" height=\"61\" \/><img loading=\"lazy\" decoding=\"async\" class=\"alignnone  wp-image-287\" src=\"http:\/\/insideamateurfussball-ffm.de\/wp-content\/uploads\/2022\/05\/SpVgg._02_Griesheim_02.jpg\" alt=\"\" width=\"52\" height=\"52\" \/><\/p>\n<p>Trotz einer roten Karte in der 20.Minute gegen Ufuk Arduc gewann der BSC in unterzahl gegen Griesheim, der Anschlusstreffer f\u00fcr die G\u00e4ste kam zu sp\u00e4t. F\u00fcr Griesheims Trainer Dominic Machado eine \u201everdiente Niederlage\u201c.<\/p>\n<p>Schiedsrichter: Y\u00fccel Yilmaz (VfB Unterliederbach).<\/p>\n<p>Tore: 1:0 Elias Jennaoui (33.), 2:0 Pap Monar Moustapha Diouf (42.), 2:1 Ante Peko (90.+5)<\/p>\n<p><u>FC Union Niederrad \u2013 Concordia Eschersheim 0:2 (0:1)<\/u><\/p>\n<p><img loading=\"lazy\" decoding=\"async\" class=\"alignnone size-full wp-image-38\" src=\"http:\/\/insideamateurfussball-ffm.de\/wp-content\/uploads\/2021\/11\/Union-Niederrad.jpg\" alt=\"\" width=\"80\" height=\"80\" \/><img loading=\"lazy\" decoding=\"async\" class=\"alignnone size-full wp-image-19903\" src=\"http:\/\/insideamateurfussball-ffm.de\/wp-content\/uploads\/2024\/07\/Concordia.jpeg\" alt=\"\" width=\"80\" height=\"80\" \/><\/p>\n<p>Neuzugang Robin K\u00f6berle bescherte Eschersheim drei Punkte in Niederrad.<\/p>\n<p>Schiedsrichter: Kadir Bagdatli (Wiedsbaden).<\/p>\n<p>Tore: 0:1 Robin K\u00f6berle (45.), 0:2 Robin K\u00f6berle (60.)<\/p>\n<p><u>SV Viktoria Preu\u00dfen \u2013 SV 07 Heddernheim 1:2 (1:2)<\/u><\/p>\n<p><img loading=\"lazy\" decoding=\"async\" class=\"alignnone size-full wp-image-12\" src=\"http:\/\/insideamateurfussball-ffm.de\/wp-content\/uploads\/2021\/11\/preussen.jpg\" alt=\"\" width=\"72\" height=\"80\" \/><img loading=\"lazy\" decoding=\"async\" class=\"alignnone size-full wp-image-302\" src=\"http:\/\/insideamateurfussball-ffm.de\/wp-content\/uploads\/2022\/05\/1sv07_news2_4511-1.jpg\" alt=\"\" width=\"80\" height=\"80\" \/><\/p>\n<p>Im Derby konnte der vielfach als Mitfavorit genannte SV 07 Heddernheim bei den Preu\u00dfen mit 2:1 gewinnen, auch die knapp 10-min\u00fctige Unterzahl nach einer gelb-roten karte gegen Deniz Yatzi \u00fcberstanden die G\u00e4ste schadlos.<\/p>\n<p>Schiedsrichter: Zengin Karpuz (TG Friedberg).<\/p>\n<p>Tore: 0:1 Cherano Willef\u00fchr (6.), 0:2 Ayman Gasoos (20.), 1:2 Oskar Copik (24., Elfmeter)<\/p>\n<p><u>FC Germania 08 Ginnheim \u2013 SG Harheim 1946 3:1 (2:1)<\/u><\/p>\n<p><img loading=\"lazy\" decoding=\"async\" class=\"alignnone size-full wp-image-3205\" src=\"http:\/\/insideamateurfussball-ffm.de\/wp-content\/uploads\/2022\/10\/Ginnheim.jpg\" alt=\"\" width=\"80\" height=\"80\" \/><img loading=\"lazy\" decoding=\"async\" class=\"alignnone size-full wp-image-284\" src=\"http:\/\/insideamateurfussball-ffm.de\/wp-content\/uploads\/2022\/05\/Harheim.jpg\" alt=\"\" width=\"78\" height=\"80\" \/><\/p>\n<p>Aufsteiger FC Germania 08 Ginnheim erreichte mit dem 3:1-Sieg gegen die SG Harheim 1946 den ersten Sieg in der Kreisoberliga in ihrer Vereinsgeschichte.<\/p>\n<p>Schiedsrichter: G\u00fcnther H\u00e4berle (Rosbach).<\/p>\n<p>Tore: 0:1 Jonathan Wolf (8.), 1:1 Fabian Raue (11.), 2:1 Mohamed Ait Ali (27.), 3:1 Bastian Ullrich (54.)<\/p>\n<p><u>FC Germania Enkheim \u2013 FC Posavina 6:2 (3:0)<\/u><\/p>\n<p><img loading=\"lazy\" decoding=\"async\" class=\"alignnone size-full wp-image-1748\" src=\"http:\/\/insideamateurfussball-ffm.de\/wp-content\/uploads\/2022\/07\/Enkheim-1.jpg\" alt=\"\" width=\"63\" height=\"80\" \/><img loading=\"lazy\" decoding=\"async\" class=\"alignnone size-full wp-image-22\" src=\"http:\/\/insideamateurfussball-ffm.de\/wp-content\/uploads\/2021\/11\/posavina.jpg\" alt=\"\" width=\"63\" height=\"80\" \/><\/p>\n<p>Der FC Germania Enkheim legte durch zwei fr\u00fche Tore den Grundstein f\u00fcr den klaren Erfolg gegen den FC Posavina.<\/p>\n<p>Schiedsrichter: Savas Satilmis (Gelnhausen).<\/p>\n<p>Tore: 1:0 Lars Trams (2.), 2:0 Jonas Acker (6.), 3:0 Lars Trams (40.), 3.1 Okan Tastan (55., Elfmeter), 4:1 Mihajlo Atanakovic (60.), 4:2 Filip Tomic (78.), 5:2 Kaleab Eyasssu (85.), 6:2 Finn Kraiker (88.)<\/p>\n<p><u>SG Westend \u2013 1.R\u00f6delheimer FC 02 1:1 (0:0)<\/u><\/p>\n<p><img loading=\"lazy\" decoding=\"async\" class=\"alignnone size-full wp-image-611\" src=\"http:\/\/insideamateurfussball-ffm.de\/wp-content\/uploads\/2022\/06\/Westend.png\" alt=\"\" width=\"69\" height=\"80\" \/><img loading=\"lazy\" decoding=\"async\" class=\"alignnone size-full wp-image-932\" src=\"http:\/\/insideamateurfussball-ffm.de\/wp-content\/uploads\/2022\/06\/Roedelheim.jpg\" alt=\"\" width=\"80\" height=\"73\" \/><\/p>\n<p>Der Aufsteiger der SG Westend musste sich nach einem sp\u00e4ten Gegentor mit einem 1:1 gegen den 1.R\u00f6delheimer FC 02 zufriedengeben.<\/p>\n<p>Schiedsrichter: Erdem Tasdemir (SV Wehen Wiesbaden).<\/p>\n<p>Tore: 1:0 Justin Pierre (60.), 1:1 Adam Zazoua (89.)<\/p>\n<p><u>FFV Sportfreunde 04 \u2013 FC Gudesding 1:5 (1:2)<\/u><\/p>\n<p><img loading=\"lazy\" decoding=\"async\" class=\"alignnone size-full wp-image-141\" src=\"http:\/\/insideamateurfussball-ffm.de\/wp-content\/uploads\/2022\/05\/Speuzer.jpg\" alt=\"\" width=\"80\" height=\"80\" \/><img loading=\"lazy\" decoding=\"async\" class=\"alignnone size-full wp-image-10\" src=\"http:\/\/insideamateurfussball-ffm.de\/wp-content\/uploads\/2021\/11\/Gudesding.jpg\" alt=\"\" width=\"64\" height=\"80\" \/><\/p>\n<p>Gruppenliga-Absteiger FFV Sportfreunde 04 verliert weiterhin, nach drei sp\u00e4ten Toren f\u00e4llt das 1:5 gegen den FC Gudesding mit ihrem neuen Trainer Maik Rudolf deutlich aus.<\/p>\n<p>Schiedsrichter: Markus Volk (SG Modau).<\/p>\n<p>Tore: 1:0 Menderes Dinc (4.), 1:1 Modibo Kone (18,), 1:2 Ferdinand Hasselbeck (18.), 1:3 Arne Kuhrs (82.), 1:4 Arne Kuhrs (84.), 1:5 Daniel Peter (90.)<\/p>\n<p><u>Spielfrei: GSU Hellas<\/u><\/p>\n<p><img loading=\"lazy\" decoding=\"async\" class=\"alignnone size-full wp-image-17152\" src=\"http:\/\/insideamateurfussball-ffm.de\/wp-content\/uploads\/2024\/03\/GSU-Hellas.png\" alt=\"\" width=\"80\" height=\"80\" \/><\/p>\n","protected":false},"excerpt":{"rendered":"<p>W\u00e4hrend der urlaubsbedingten Abwesenheit von Pedro l\u00e4uft die Berichterstattung \u00fcber die Kreisoberliga aufgrund redaktioneller Engp\u00e4sse in komprimierter Form. Nach seiner R\u00fcckkehr wird Pedro in gewohnter Manier \u00fcber alle KOL-Spiele Einzelberichte anfertigen. FC Croatia \u2013 Makkabi Frankfurt 1:8 (0:3) Makkabi Frankfurt ist nach dem hohen Sieg erster Tabellenf\u00fchrer der Kreisoberliga, Croatias Pressesprecher Stanislav Konta meinte trotzdem: [&hellip;]<\/p>\n","protected":false},"author":3,"featured_media":20104,"comment_status":"closed","ping_status":"open","sticky":true,"template":"","format":"standard","meta":{"footnotes":""},"categories":[2],"tags":[],"class_list":["post-27013","post","type-post","status-publish","format-standard","has-post-thumbnail","hentry","category-kreisoberliga-frankfurt"],"_links":{"self":[{"href":"https:\/\/insideamateurfussball-ffm.de\/index.php?rest_route=\/wp\/v2\/posts\/27013","targetHints":{"allow":["GET"]}}],"collection":[{"href":"https:\/\/insideamateurfussball-ffm.de\/index.php?rest_route=\/wp\/v2\/posts"}],"about":[{"href":"https:\/\/insideamateurfussball-ffm.de\/index.php?rest_route=\/wp\/v2\/types\/post"}],"author":[{"embeddable":true,"href":"https:\/\/insideamateurfussball-ffm.de\/index.php?rest_route=\/wp\/v2\/users\/3"}],"replies":[{"embeddable":true,"href":"https:\/\/insideamateurfussball-ffm.de\/index.php?rest_route=%2Fwp%2Fv2%2Fcomments&post=27013"}],"version-history":[{"count":2,"href":"https:\/\/insideamateurfussball-ffm.de\/index.php?rest_route=\/wp\/v2\/posts\/27013\/revisions"}],"predecessor-version":[{"id":27015,"href":"https:\/\/insideamateurfussball-ffm.de\/index.php?rest_route=\/wp\/v2\/posts\/27013\/revisions\/27015"}],"wp:featuredmedia":[{"embeddable":true,"href":"https:\/\/insideamateurfussball-ffm.de\/index.php?rest_route=\/wp\/v2\/media\/20104"}],"wp:attachment":[{"href":"https:\/\/insideamateurfussball-ffm.de\/index.php?rest_route=%2Fwp%2Fv2%2Fmedia&parent=27013"}],"wp:term":[{"taxonomy":"category","embeddable":true,"href":"https:\/\/insideamateurfussball-ffm.de\/index.php?rest_route=%2Fwp%2Fv2%2Fcategories&post=27013"},{"taxonomy":"post_tag","embeddable":true,"href":"https:\/\/insideamateurfussball-ffm.de\/index.php?rest_route=%2Fwp%2Fv2%2Ftags&post=27013"}],"curies":[{"name":"wp","href":"https:\/\/api.w.org\/{rel}","templated":true}]}}