{"id":27006,"date":"2025-08-04T15:35:25","date_gmt":"2025-08-04T14:35:25","guid":{"rendered":"https:\/\/insideamateurfussball-ffm.de\/?p=27006"},"modified":"2025-08-04T15:35:25","modified_gmt":"2025-08-04T14:35:25","slug":"oberrad-deklassiert-fechenheim-mit-73","status":"publish","type":"post","link":"https:\/\/insideamateurfussball-ffm.de\/?p=27006","title":{"rendered":"Oberrad deklassiert Fechenheim mit 7:3"},"content":{"rendered":"<h4>Die von vielen als Mitfavorit angesehene Spvgg. 03 Fechenheim musste im ersten Saisonspiel eine derbe Schlappe hinnehmen, im Stadtduell unterlag man der Spvgg. 05 Oberrad \u00fcberraschend deutlich mit 3:7.<\/h4>\n<figure id=\"attachment_25910\" aria-describedby=\"caption-attachment-25910\" style=\"width: 886px\" class=\"wp-caption alignnone\"><img loading=\"lazy\" decoding=\"async\" class=\"wp-image-25910 size-full\" src=\"http:\/\/insideamateurfussball-ffm.de\/wp-content\/uploads\/2025\/05\/oberr-tug5.jpg\" alt=\"\" width=\"886\" height=\"634\" srcset=\"https:\/\/insideamateurfussball-ffm.de\/wp-content\/uploads\/2025\/05\/oberr-tug5.jpg 886w, https:\/\/insideamateurfussball-ffm.de\/wp-content\/uploads\/2025\/05\/oberr-tug5-300x215.jpg 300w, https:\/\/insideamateurfussball-ffm.de\/wp-content\/uploads\/2025\/05\/oberr-tug5-768x550.jpg 768w\" sizes=\"auto, (max-width: 886px) 100vw, 886px\" \/><figcaption id=\"caption-attachment-25910\" class=\"wp-caption-text\">Oberrad durfte in Fechenheim siebenmal jubeln. Foto: Archiv Mithat G\u00fcrser<\/figcaption><\/figure>\n<h4>Spvgg. 03 Fechenheim &#8211; Spvgg. 05 Oberrad 3:7 (1:5)<\/h4>\n<p><img loading=\"lazy\" decoding=\"async\" class=\"alignnone size-full wp-image-603\" src=\"http:\/\/insideamateurfussball-ffm.de\/wp-content\/uploads\/2022\/06\/Fech03.jpg\" alt=\"\" width=\"52\" height=\"80\" \/><img loading=\"lazy\" decoding=\"async\" class=\"alignnone size-full wp-image-137\" src=\"http:\/\/insideamateurfussball-ffm.de\/wp-content\/uploads\/2022\/05\/Oberrad05.jpg\" alt=\"\" width=\"79\" height=\"80\" \/><\/p>\n<p>F\u00fcr Oberrads Trainer Maximilian Schmidt war es ein emotionales Spiel bei seinem alten Verein: \u201ees war ein spezielles Spiel f\u00fcr mich, die Anspannung war da.\u201c Doch am Ende des Spiels konnten sowohl er als auch Mit-Trainer Hasan G\u00f6ren, ebenfalls lange in Fechenheim t\u00e4tig, einen souver\u00e4nen und hohen Sieg feiern.<\/p>\n<p>Bereits nach 15 Minuten schien das Spiel entschieden, Muris Pehratovic mit einem Distanzschuss in der 9.Minute und Ersan Rovcanin mit zwei verwandelten Elfmetern in der 12. und 15.Minute brachten die G\u00e4ste aus Oberrad fr\u00fch mit 3:0 in F\u00fchrung. Kurz vor der Halbzeit ging es dann noch einmal rund, dem 0:4 durch Pehratovic in der 42.Minute lie\u00df Kimon Kozaris in der 44.Minute das 1:4 folgen, ehe Armin Gama in der Nachspielzeit der ersten H\u00e4lfte mit dem 5:1 wieder den 4-Tore-Abstand herstellte.<\/p>\n<p>Bereits nach einer Minute in der zweiten H\u00e4lfte stand es 1:6, Marc Christian K\u00fcnneke war der Torsch\u00fctze. Die Fechenheimer konnte dann Ergebniskosmetik betreiben, denn Yassin Chaouki in der 79.Minute und Giovanbattista Pedace in der 81.Minute verk\u00fcrzten auf 3:6, ehe Benoni Mebrathu in der 89.Minute mit dem 7:3 den Schlusspunkt unter die torreiche Partie setzte. Fechenheims neuer Trainer Necip Incesu war nach dem Spiel entt\u00e4uscht: \u201ewir haben verdient verloren, denn der Gegner war bissiger uns spritziger. Wir haben zu keinem Zeitpunkt zu unserem Spiel gefunden und auch zu viele Fehler gemacht.\u201c<\/p>\n<p>F\u00fcr Oberrads Trainer Schmidt kam der Sieg nicht \u00fcberraschend: &#8222;wir haben 7 Wochen hart und gut gearbeitet und waren am Ende die fittere und dominantere Mannschaft. Aber es gibt noch einige Punkte, \u00fcber die wir reden m\u00fcssen, z.B. die zwei Gegentore in der zweiten Halbzeit, mit insgesamt drei Gegentoren kann man nicht zufrieden sein. Aber es war ein guter Start, und wir wollen trotzdem nicht abheben und am Boden bleiben.\u201c<\/p>\n<p>Die Spvgg. 05 Oberrad empf\u00e4ngt am n\u00e4chsten Sonntag Aufsteiger VfL Germania 94, w\u00e4hrend die Spvgg. 03 Fechenheim bei einem weiteren Aufsteiger, dem FC Kosova, antreten muss.<\/p>\n<h4>Schiedsrichter: Tim Dalef (TSV Heringen). Zuschauer: 150.<\/h4>\n<h4>Tore: 0:1 Muris Pehratovic (9.), 0:2 Ersan Rovcanin (12., Elfmeter), 0:3 Ersan Rovcanin (15.), 0:4 Muris Pehratovic (42.), 1:4 Kimon Kozaris (44.), 1:5 Armin Gama (45.+2), 1:6 Marc Christian K\u00fcnneke (46.), 2:6 Yassin Chaouki (79.), 3:6 Giovanbattista Pedace (81.), 3:7 Benoni Mebrathu (89.)<\/h4>\n","protected":false},"excerpt":{"rendered":"<p>Die von vielen als Mitfavorit angesehene Spvgg. 03 Fechenheim musste im ersten Saisonspiel eine derbe Schlappe hinnehmen, im Stadtduell unterlag man der Spvgg. 05 Oberrad \u00fcberraschend deutlich mit 3:7. Spvgg. 03 Fechenheim &#8211; Spvgg. 05 Oberrad 3:7 (1:5) F\u00fcr Oberrads Trainer Maximilian Schmidt war es ein emotionales Spiel bei seinem alten Verein: \u201ees war ein [&hellip;]<\/p>\n","protected":false},"author":3,"featured_media":25910,"comment_status":"closed","ping_status":"open","sticky":true,"template":"","format":"standard","meta":{"footnotes":""},"categories":[13],"tags":[],"class_list":["post-27006","post","type-post","status-publish","format-standard","has-post-thumbnail","hentry","category-gruppenliga-frankfurt-west"],"_links":{"self":[{"href":"https:\/\/insideamateurfussball-ffm.de\/index.php?rest_route=\/wp\/v2\/posts\/27006","targetHints":{"allow":["GET"]}}],"collection":[{"href":"https:\/\/insideamateurfussball-ffm.de\/index.php?rest_route=\/wp\/v2\/posts"}],"about":[{"href":"https:\/\/insideamateurfussball-ffm.de\/index.php?rest_route=\/wp\/v2\/types\/post"}],"author":[{"embeddable":true,"href":"https:\/\/insideamateurfussball-ffm.de\/index.php?rest_route=\/wp\/v2\/users\/3"}],"replies":[{"embeddable":true,"href":"https:\/\/insideamateurfussball-ffm.de\/index.php?rest_route=%2Fwp%2Fv2%2Fcomments&post=27006"}],"version-history":[{"count":2,"href":"https:\/\/insideamateurfussball-ffm.de\/index.php?rest_route=\/wp\/v2\/posts\/27006\/revisions"}],"predecessor-version":[{"id":27008,"href":"https:\/\/insideamateurfussball-ffm.de\/index.php?rest_route=\/wp\/v2\/posts\/27006\/revisions\/27008"}],"wp:featuredmedia":[{"embeddable":true,"href":"https:\/\/insideamateurfussball-ffm.de\/index.php?rest_route=\/wp\/v2\/media\/25910"}],"wp:attachment":[{"href":"https:\/\/insideamateurfussball-ffm.de\/index.php?rest_route=%2Fwp%2Fv2%2Fmedia&parent=27006"}],"wp:term":[{"taxonomy":"category","embeddable":true,"href":"https:\/\/insideamateurfussball-ffm.de\/index.php?rest_route=%2Fwp%2Fv2%2Fcategories&post=27006"},{"taxonomy":"post_tag","embeddable":true,"href":"https:\/\/insideamateurfussball-ffm.de\/index.php?rest_route=%2Fwp%2Fv2%2Ftags&post=27006"}],"curies":[{"name":"wp","href":"https:\/\/api.w.org\/{rel}","templated":true}]}}