{"id":27003,"date":"2025-08-04T15:05:24","date_gmt":"2025-08-04T14:05:24","guid":{"rendered":"https:\/\/insideamateurfussball-ffm.de\/?p=27003"},"modified":"2025-08-04T15:05:24","modified_gmt":"2025-08-04T14:05:24","slug":"tuerkguecue-ueberrascht-in-seckbach","status":"publish","type":"post","link":"https:\/\/insideamateurfussball-ffm.de\/?p=27003","title":{"rendered":"T\u00fcrkg\u00fcc\u00fc \u00fcberrascht in Seckbach"},"content":{"rendered":"<h4>Die FG Seckbach konnte ihre Leistung aus dem Sieg im Hessenpokal gegen die Sportfreunde Seligenstadt nicht best\u00e4tigen, am Ende konnte die G\u00e4ste von T\u00fcrkg\u00fcc\u00fc Frankfurt mit einem 4:2-Sieg die Punkte aus Seckbach mitnehmen.<\/h4>\n<figure id=\"attachment_26564\" aria-describedby=\"caption-attachment-26564\" style=\"width: 886px\" class=\"wp-caption alignnone\"><img loading=\"lazy\" decoding=\"async\" class=\"wp-image-26564 size-full\" src=\"http:\/\/insideamateurfussball-ffm.de\/wp-content\/uploads\/2025\/07\/west5-9.jpg\" alt=\"\" width=\"886\" height=\"612\" srcset=\"https:\/\/insideamateurfussball-ffm.de\/wp-content\/uploads\/2025\/07\/west5-9.jpg 886w, https:\/\/insideamateurfussball-ffm.de\/wp-content\/uploads\/2025\/07\/west5-9-300x207.jpg 300w, https:\/\/insideamateurfussball-ffm.de\/wp-content\/uploads\/2025\/07\/west5-9-768x530.jpg 768w\" sizes=\"auto, (max-width: 886px) 100vw, 886px\" \/><figcaption id=\"caption-attachment-26564\" class=\"wp-caption-text\">Kapit\u00e4n Emre Kadimli schoss f\u00fcr T\u00fcrkg\u00fcc\u00fc Frankfurt das wichtige Tor zum 1:2-Anschluss. Foto: Archiv Mithat G\u00fcrser<\/figcaption><\/figure>\n<h4>FG Seckbach &#8211; T\u00fcrkg\u00fcc\u00fc Frankfurt 2:4 (2:2)<\/h4>\n<p><img loading=\"lazy\" decoding=\"async\" class=\"alignnone size-full wp-image-544\" src=\"http:\/\/insideamateurfussball-ffm.de\/wp-content\/uploads\/2022\/06\/Seckbach.jpg\" alt=\"\" width=\"80\" height=\"80\" \/><img loading=\"lazy\" decoding=\"async\" class=\"alignnone size-full wp-image-17\" src=\"http:\/\/insideamateurfussball-ffm.de\/wp-content\/uploads\/2021\/11\/Tuerkguecue.jpg\" alt=\"\" width=\"72\" height=\"80\" \/><\/p>\n<p>Am vergangenen Wochenende erreichte die FG Seckbach mit einem Sieg im Elfmeterschie\u00dfen gegen die Sportfreunde Seligenstadt die zweite Runde im Hessenpokal, in der es im September gegen den Verbandsligisten Germania Ober-Roden geht. Den Einstig in die Saison in der Gruppenliga h\u00e4tten sich die Gastgeber allerdings anders vorgestellt, am Ende unterlag man T\u00fcrkg\u00fcc\u00fc Frankfurt mit 2:4.<\/p>\n<p>Die FG Seckbach kn\u00fcpfte nahtlos an ihren Pokalcoup an und ging bereits in der 5.Minute durch Nick B\u00f6ff nach einer Kombination mit Florian Schuberth 1:0 in F\u00fchrung, Schuberth lie\u00df in der 9.Minute nach Pass von Adrian Speck das 2:0 folgen. \u00a0Seckbachs Spielausschuss-Vorsitzender Jo Nareike meinte. \u201enach dem 2:0 haben wir es vers\u00e4umt, das dritte und vierte Tor zu machen, dann w\u00e4re das Spiel anders gelaufen, aber T\u00fcrkg\u00fcc\u00fc hat es gut gemacht.\u201c<\/p>\n<p>Emre Kadimli brachte T\u00fcrkg\u00fcc\u00fc mit einem Freisto\u00dftor aus 17 Metern auf 1:2 heran, und noch in der ersten H\u00e4lfte erzielte Cem Bagdu in der 45.Minute den 2:2-Ausgleich, mit dem es auch in die Pause ging. T\u00fcrkg\u00fcc\u00fcs neuer Trainer Murtaza Taher: \u201ebis auf die ersten 10 Minuten war es ein gutes Spiel von uns, nach dem 0:2 ging ein Ruck durch die Mannschaft, wir hatten mehr Spielanteile und haben das 2:2 kurz vor der Halbzeit geschossen, was wichtig f\u00fcr die Moral war.\u201c<\/p>\n<p>In der zweiten H\u00e4lfte waren die G\u00e4ste dann die bessere Mannschaft, erneut Cem Bagdu brachte T\u00fcrkg\u00fcc\u00fc in der 54.Minute erstmals in F\u00fchrung, Ventsislav Rusev erzielte in der 67.Minute den 4:2-Endstand. Trainer Taher war stolz auf seine Mannschaft: \u201eobwohl 12 Spieler gefehlt haben, war es eine gute Mannschaftsleistung und der Sieg geht auch in Ordnung.\u201c Das sah auch Seckbachs Nareike so: \u201eT\u00fcrkg\u00fcc\u00fc hat ein super Spiel gemacht und im Endeffekt verdient gewonnen, wir hatten in der zweiten Halbzeit kaum noch Torchancen.\u201c<\/p>\n<p>Am n\u00e4chsten Sonntag empf\u00e4ngt T\u00fcrkg\u00fcc\u00fc Frankfurt den Fc Kaichen, w\u00e4hrend die FG Seckbach bereits am Freitagabend beim Verbandsliga-Absteiger SKV Beienheim antreten muss.<\/p>\n<h4>Schiedsrichter: Nikolas Czypull (TSV 05 Reichenbach). Zuschauer: 180.<\/h4>\n<h4>Tore: 1:0 Nick B\u00f6ff (5.), 2:0 Florian Schuberth (9.), 2:1 Emre Kadimli (26.), 2:2 Cem Bagdu (45.), 2:3 Cem Bagdu (54.), 2:4 Ventsislav Rusev (67.)<\/h4>\n","protected":false},"excerpt":{"rendered":"<p>Die FG Seckbach konnte ihre Leistung aus dem Sieg im Hessenpokal gegen die Sportfreunde Seligenstadt nicht best\u00e4tigen, am Ende konnte die G\u00e4ste von T\u00fcrkg\u00fcc\u00fc Frankfurt mit einem 4:2-Sieg die Punkte aus Seckbach mitnehmen. FG Seckbach &#8211; T\u00fcrkg\u00fcc\u00fc Frankfurt 2:4 (2:2) Am vergangenen Wochenende erreichte die FG Seckbach mit einem Sieg im Elfmeterschie\u00dfen gegen die Sportfreunde [&hellip;]<\/p>\n","protected":false},"author":3,"featured_media":26564,"comment_status":"closed","ping_status":"open","sticky":true,"template":"","format":"standard","meta":{"footnotes":""},"categories":[13],"tags":[],"class_list":["post-27003","post","type-post","status-publish","format-standard","has-post-thumbnail","hentry","category-gruppenliga-frankfurt-west"],"_links":{"self":[{"href":"https:\/\/insideamateurfussball-ffm.de\/index.php?rest_route=\/wp\/v2\/posts\/27003","targetHints":{"allow":["GET"]}}],"collection":[{"href":"https:\/\/insideamateurfussball-ffm.de\/index.php?rest_route=\/wp\/v2\/posts"}],"about":[{"href":"https:\/\/insideamateurfussball-ffm.de\/index.php?rest_route=\/wp\/v2\/types\/post"}],"author":[{"embeddable":true,"href":"https:\/\/insideamateurfussball-ffm.de\/index.php?rest_route=\/wp\/v2\/users\/3"}],"replies":[{"embeddable":true,"href":"https:\/\/insideamateurfussball-ffm.de\/index.php?rest_route=%2Fwp%2Fv2%2Fcomments&post=27003"}],"version-history":[{"count":2,"href":"https:\/\/insideamateurfussball-ffm.de\/index.php?rest_route=\/wp\/v2\/posts\/27003\/revisions"}],"predecessor-version":[{"id":27005,"href":"https:\/\/insideamateurfussball-ffm.de\/index.php?rest_route=\/wp\/v2\/posts\/27003\/revisions\/27005"}],"wp:featuredmedia":[{"embeddable":true,"href":"https:\/\/insideamateurfussball-ffm.de\/index.php?rest_route=\/wp\/v2\/media\/26564"}],"wp:attachment":[{"href":"https:\/\/insideamateurfussball-ffm.de\/index.php?rest_route=%2Fwp%2Fv2%2Fmedia&parent=27003"}],"wp:term":[{"taxonomy":"category","embeddable":true,"href":"https:\/\/insideamateurfussball-ffm.de\/index.php?rest_route=%2Fwp%2Fv2%2Fcategories&post=27003"},{"taxonomy":"post_tag","embeddable":true,"href":"https:\/\/insideamateurfussball-ffm.de\/index.php?rest_route=%2Fwp%2Fv2%2Ftags&post=27003"}],"curies":[{"name":"wp","href":"https:\/\/api.w.org\/{rel}","templated":true}]}}