{"id":26999,"date":"2025-08-04T14:34:08","date_gmt":"2025-08-04T13:34:08","guid":{"rendered":"https:\/\/insideamateurfussball-ffm.de\/?p=26999"},"modified":"2025-08-04T14:34:08","modified_gmt":"2025-08-04T13:34:08","slug":"bosnier-mit-gelungenem-saisonstart","status":"publish","type":"post","link":"https:\/\/insideamateurfussball-ffm.de\/?p=26999","title":{"rendered":"Bosnier mit gelungenem Saisonstart"},"content":{"rendered":"<h4>Der SV Bosnien\/Herzegowina ist gut in die neue Saison gestartet, beim Aufsteiger SG Wehrheim\/Pfaffenwiesbach gewannen die Frankfurter souver\u00e4n mit 3:0, zweifacher Torsch\u00fctze dabei Boubacar Dialiba Diabang.<\/h4>\n<figure id=\"attachment_26426\" aria-describedby=\"caption-attachment-26426\" style=\"width: 886px\" class=\"wp-caption alignnone\"><img loading=\"lazy\" decoding=\"async\" class=\"wp-image-26426 size-full\" src=\"http:\/\/insideamateurfussball-ffm.de\/wp-content\/uploads\/2025\/07\/bos7.jpg\" alt=\"\" width=\"886\" height=\"608\" srcset=\"https:\/\/insideamateurfussball-ffm.de\/wp-content\/uploads\/2025\/07\/bos7.jpg 886w, https:\/\/insideamateurfussball-ffm.de\/wp-content\/uploads\/2025\/07\/bos7-300x206.jpg 300w, https:\/\/insideamateurfussball-ffm.de\/wp-content\/uploads\/2025\/07\/bos7-768x527.jpg 768w\" sizes=\"auto, (max-width: 886px) 100vw, 886px\" \/><figcaption id=\"caption-attachment-26426\" class=\"wp-caption-text\">Bosniens Trainer Amir Mustafic konnte mit dem Auftritt seiner Mannschaft zufrieden sein. Foto: Archiv Mithat G\u00fcrser<\/figcaption><\/figure>\n<h4>SG Wehrheim\/Pfaffenwiesbach &#8211; SV Bosnien\/Herzegowina 0:3 (0:0)<\/h4>\n<p><img loading=\"lazy\" decoding=\"async\" class=\"alignnone size-full wp-image-27000\" src=\"http:\/\/insideamateurfussball-ffm.de\/wp-content\/uploads\/2025\/08\/logowehrheim.jpeg\" alt=\"\" width=\"80\" height=\"80\" \/><img loading=\"lazy\" decoding=\"async\" class=\"alignnone size-full wp-image-139\" src=\"http:\/\/insideamateurfussball-ffm.de\/wp-content\/uploads\/2022\/05\/Bosnien.jpg\" alt=\"\" width=\"79\" height=\"80\" \/><\/p>\n<p>Die Bosnier wollen in dieser Saison gut starten und hoffen, dass die Urlaubszeit dieses Mal nicht so einschneidende Auswirkungen hat wie die letzten Jahre. Zum Ligastart beim Aufsteiger SG Wehrheim\/Pfaffenwiesbach brachte Trainer Amir Mustafic jedenfalls eine starke Startelf auf den Platz. Und nach den Worten von Pressesprecher Admir Malohodzic entwickelte sich ein Spiel auf ein Tor, Malohodzic. \u201ewir mussten Geduld haben, der Torwart der Gastgeber hat eine starke Partie gespielt, das erste Tor war nur eine Frage der Zeit, danach war das Spiel eigentlich gelaufen.\u201c<\/p>\n<p>Es dauerte bis in die 2.Halbzeit zur 53.Minute, ehe die Bosnier das erste Mal aus ihrer Spiel\u00fcberlegenheit Kapital schlugen, Amir Derdemez erl\u00f6ste die G\u00e4ste mit dem 1:0. Danach war es zweimal Boubacar Dialiba Diabang, der mit seinen Toren in der 59. und der 79.Minute das Ergebnis hochschraubte und den Bosniern den erhofften ersten Saisonsieg einbrachte. Malohodzic: \u201ees war ein souver\u00e4ner und ungef\u00e4hrdeter Ausw\u00e4rtssieg.\u201c<\/p>\n<p>Am n\u00e4chsten Wochenende erwarten die Bosnier dann mit der FSG Burg-Gr\u00e4fenrode einen weiteren Aufsteiger.<\/p>\n<h4>Schiedsrichter: Alexander P\u00e4chthold (SG Treis\/Allendorf). Zuschauer: 200.<\/h4>\n<h4>Tore: 0:1 Amir Derdemez (53.), 0:2 Boubacar Dialiba Diabang (59.), 0:3 Boubacar Dialiba Diabang (79.)<\/h4>\n","protected":false},"excerpt":{"rendered":"<p>Der SV Bosnien\/Herzegowina ist gut in die neue Saison gestartet, beim Aufsteiger SG Wehrheim\/Pfaffenwiesbach gewannen die Frankfurter souver\u00e4n mit 3:0, zweifacher Torsch\u00fctze dabei Boubacar Dialiba Diabang. SG Wehrheim\/Pfaffenwiesbach &#8211; SV Bosnien\/Herzegowina 0:3 (0:0) Die Bosnier wollen in dieser Saison gut starten und hoffen, dass die Urlaubszeit dieses Mal nicht so einschneidende Auswirkungen hat wie die [&hellip;]<\/p>\n","protected":false},"author":3,"featured_media":26426,"comment_status":"closed","ping_status":"open","sticky":true,"template":"","format":"standard","meta":{"footnotes":""},"categories":[13],"tags":[],"class_list":["post-26999","post","type-post","status-publish","format-standard","has-post-thumbnail","hentry","category-gruppenliga-frankfurt-west"],"_links":{"self":[{"href":"https:\/\/insideamateurfussball-ffm.de\/index.php?rest_route=\/wp\/v2\/posts\/26999","targetHints":{"allow":["GET"]}}],"collection":[{"href":"https:\/\/insideamateurfussball-ffm.de\/index.php?rest_route=\/wp\/v2\/posts"}],"about":[{"href":"https:\/\/insideamateurfussball-ffm.de\/index.php?rest_route=\/wp\/v2\/types\/post"}],"author":[{"embeddable":true,"href":"https:\/\/insideamateurfussball-ffm.de\/index.php?rest_route=\/wp\/v2\/users\/3"}],"replies":[{"embeddable":true,"href":"https:\/\/insideamateurfussball-ffm.de\/index.php?rest_route=%2Fwp%2Fv2%2Fcomments&post=26999"}],"version-history":[{"count":2,"href":"https:\/\/insideamateurfussball-ffm.de\/index.php?rest_route=\/wp\/v2\/posts\/26999\/revisions"}],"predecessor-version":[{"id":27002,"href":"https:\/\/insideamateurfussball-ffm.de\/index.php?rest_route=\/wp\/v2\/posts\/26999\/revisions\/27002"}],"wp:featuredmedia":[{"embeddable":true,"href":"https:\/\/insideamateurfussball-ffm.de\/index.php?rest_route=\/wp\/v2\/media\/26426"}],"wp:attachment":[{"href":"https:\/\/insideamateurfussball-ffm.de\/index.php?rest_route=%2Fwp%2Fv2%2Fmedia&parent=26999"}],"wp:term":[{"taxonomy":"category","embeddable":true,"href":"https:\/\/insideamateurfussball-ffm.de\/index.php?rest_route=%2Fwp%2Fv2%2Fcategories&post=26999"},{"taxonomy":"post_tag","embeddable":true,"href":"https:\/\/insideamateurfussball-ffm.de\/index.php?rest_route=%2Fwp%2Fv2%2Ftags&post=26999"}],"curies":[{"name":"wp","href":"https:\/\/api.w.org\/{rel}","templated":true}]}}