{"id":26969,"date":"2025-08-04T13:57:27","date_gmt":"2025-08-04T12:57:27","guid":{"rendered":"https:\/\/insideamateurfussball-ffm.de\/?p=26969"},"modified":"2025-08-04T13:57:27","modified_gmt":"2025-08-04T12:57:27","slug":"rot-weiss-siegt-im-stadtduell-bei-kalbach","status":"publish","type":"post","link":"https:\/\/insideamateurfussball-ffm.de\/?p=26969","title":{"rendered":"Rot-Weiss siegt im Stadtduell bei Kalbach"},"content":{"rendered":"<h4>Im ersten Saisonspiel nach dem Aufstieg in die Verbandsliga unterlag der FC Kalbach auf heimischen Gel\u00e4nde dem Nachbarn RW Frankfurt mit 1:2 und hatte Pech, dass kurz vor Abpfiff ein Schuss auf der Linie gerettet wurde.<\/h4>\n<figure id=\"attachment_26979\" aria-describedby=\"caption-attachment-26979\" style=\"width: 2016px\" class=\"wp-caption alignnone\"><img loading=\"lazy\" decoding=\"async\" class=\"wp-image-26979 size-full\" src=\"http:\/\/insideamateurfussball-ffm.de\/wp-content\/uploads\/2025\/08\/kalbachrw09.jpg\" alt=\"\" width=\"2016\" height=\"1512\" srcset=\"https:\/\/insideamateurfussball-ffm.de\/wp-content\/uploads\/2025\/08\/kalbachrw09.jpg 2016w, https:\/\/insideamateurfussball-ffm.de\/wp-content\/uploads\/2025\/08\/kalbachrw09-300x225.jpg 300w, https:\/\/insideamateurfussball-ffm.de\/wp-content\/uploads\/2025\/08\/kalbachrw09-1024x768.jpg 1024w, https:\/\/insideamateurfussball-ffm.de\/wp-content\/uploads\/2025\/08\/kalbachrw09-768x576.jpg 768w, https:\/\/insideamateurfussball-ffm.de\/wp-content\/uploads\/2025\/08\/kalbachrw09-1536x1152.jpg 1536w\" sizes=\"auto, (max-width: 2016px) 100vw, 2016px\" \/><figcaption id=\"caption-attachment-26979\" class=\"wp-caption-text\">Die siegreiche Mannschaft von RW Frankfurt im Kreis nach dem Spiel. Foto: MZ<\/figcaption><\/figure>\n<h4>FC Kalbach &#8211; RW Frankfurt 1:2 (0:2)<\/h4>\n<p><img loading=\"lazy\" decoding=\"async\" class=\"alignnone size-full wp-image-16\" src=\"http:\/\/insideamateurfussball-ffm.de\/wp-content\/uploads\/2021\/11\/kalbach-wappen.jpg\" alt=\"\" width=\"80\" height=\"80\" \/><img loading=\"lazy\" decoding=\"async\" class=\"alignnone  wp-image-4032\" src=\"http:\/\/insideamateurfussball-ffm.de\/wp-content\/uploads\/2022\/11\/rot-weiss.png\" alt=\"\" width=\"97\" height=\"85\" \/><\/p>\n<p>Der FC Kalbach freute sich auf sein erstes Spiel in der Verbandsliga S\u00fcd nach dem Aufstieg in der letzten Saison, und es stand auch gleich ein Stadtduell gegen den Nachbarn Rot-Weiss Frankfurt auf dem Spielplan, am Ende musste sich der Aufsteiger knapp mit 1:2 geschlagen geben, weil in der Abwehr Fehler sofort vom Gegner bestraft wurden.<\/p>\n<p>Wie zu erwarten war, begann das Spiel auf beiden Seiten sehr vorsichtig, im ersten Spiel der Saison wollte man keine Fehler machen. Die erste richtige Chance hatten die Gastgeber aus Kalbach in der 12.Minute, einen Fernschuss von Kapit\u00e4n Oliver Pauls konnte RW-Torwart Daniel Zeaiter gerade noch mit beiden F\u00e4usten parieren, der nach vorne springende Ball wurde dann von Shuto Ishino mit dem Kopf an die Latte bef\u00f6rdert.<\/p>\n<p>Dass Fehler in der Verbandsliga sofort bestraf werden, zeigte sich in der 19.Minute, nach einem langen Ball der G\u00e4ste missachtete ein Kalbacher Verteidiger den Ruf seines Torh\u00fcters Simon Niklas M\u00fcller, sodass beide Spieler zusammenprallten. Den freiwerdenden Ball schoss dann Towa Itamoto zum 1:0 f\u00fcr Rot-Weiss in die Maschen des verwaisten Tores. Ab diesem Zeitpunkt dominierten die G\u00e4ste das Spiel, die Kalbacher kamen kaum zu nennenswerten Offensivszenen, Torj\u00e4ger Achraf Gara Ali konnte nur selten in Szene gesetzt werden.<\/p>\n<p>Auch beim 2:0 f\u00fcr die G\u00e4ste in der 33.Minute machten die Kalbacher eine ungl\u00fcckliche Figur, eine Hereingabe von au\u00dfen wehrten die Gastgeber in die Mitte ab, wo Sinan Sallih den Ball aus 16 Metern ungehindert flach in die linke Ecke des Kalbacher Tores versenken konnte. Die Rot-Weissen bestimmten weiterhin das Spiel, in der 41.Minute hatten die Kalbacher Pech, dass ein Kopfball von Alexander Ian Azimpour nach einer Ecke knapp am Tor vorbeiging. Mit dem 0:2 ging es dann auch in die Halbzeitpause.<\/p>\n<p>Nach dem Wechsel kamen die Gastgeber schnell zum Anschlusstreffer, Shuto Ishino setzte sich in der 47.Minute auf der rechten Au\u00dfenbahn durch und wurde im Strafraum gelegt, den f\u00e4lligen Strafsto\u00df verwandelte Achraf Gara Ali souver\u00e4n zum 1:2. In der Folge entwickelte sich ein Spiel auf Augenh\u00f6he, die gro\u00dfen Torchancen blieben allerdings aus bis in die Nachspielzeit, als Imad Eljazouli den Ball am Torwart vorbeispitzeln konnte, der aber von einem RW-Verteidiger noch von der Linie gekratzt wurde.<\/p>\n<p>Kalbachs Vorstandsmitglied Manni Meyer nach dem Spiel: \u201eIch habe mich gefreut heute auf das erste Verbandsligaspiel nach Jahren und wir haben gezeigt, dass wir gut mitspielen k\u00f6nnen. Wir haben verloren, weil wir in der ersten Halbzeit zwei dumme Fehler gemacht haben, die gleich bestraft wurden, und ich bin der Meinung, dass wir in der zweiten Halbzeit viel Gegenwehr gezeigt haben und sogar noch mit einem Qu\u00e4ntchen Gl\u00fcck das 2:2 h\u00e4tten erzielen k\u00f6nnen, dass meiner Meinung nach dann auch gerecht gewesen w\u00e4re. So hat die clevere Mannschaft Rot-Weiss gewonnen und die ersten Punkte sind leider nicht am Hopfenbrunnen, sondern am Brentanobad.\u201c<\/p>\n<p>RW-Trainer Ibo Cigdem freute sich \u00fcber die drei Punkte: \u201eAuftaktspiel ist immer schwierig bei einem Aufsteiger, der seit einigen Jahren immer gewonnen hat. Wir sind nicht so gut ins Spiel reingekommen, dann hatten wir das Spiel eigentlich komplett im Griff, ich hatte auch das Gef\u00fchl, dass Kalbach uns aus dem Spiel nicht richtig gef\u00e4hrlich werden konnte. Dann haben wir auch 2:0 gef\u00fchrt, kommen dann aus der Halbzeit, anstatt das 3:0 entschlossen zu erzwingen, verlieren wir leichtsinnig den Ball und kassieren im Gegenzug den Elfmeter, und dann steht es 2:1. Dann rollen die K\u00f6pfe erst einmal, eine lange Vorbereitung, aber die Jungens haben das gut gemacht und haben alles wegverteidigt, ich glaube, bis auf die letzte Situation, wo wir auf der Linie kl\u00e4ren, haben wir nichts Gef\u00e4hrliches zugelassen. Meine Jungens haben jetzt verstanden, was auf uns zukommt, wir m\u00fcssen jedes Spiel 100 % geben, das haben wir heute getan, und jetzt bereiten wir uns entspannt auf Dortelweil vor.\u201c<\/p>\n<p>W\u00e4hrend RW Frankfurt am n\u00e4chsten Sonntag auf den SC Dortelweil trifft, muss der FC Kalbach beim SV Pars Neu-Isenburg antreten.<\/p>\n<h4>Schiedsrichter: Felix Krauser (FC Eddersheim). Zuschauer: 140.<\/h4>\n<h4>Tore: 0:1 Towa Itamoto (18.), 0:2 Sinan Salli (33.), 1:2 Achraf Gara Ali (47., Elfmeter)<\/h4>\n\n\n<figure class=\"wp-block-image size-large\"><img loading=\"lazy\" decoding=\"async\" width=\"1024\" height=\"768\" src=\"http:\/\/insideamateurfussball-ffm.de\/wp-content\/uploads\/2025\/08\/kalbachrw00-1024x768.jpg\" alt=\"\" class=\"wp-image-26970\" srcset=\"https:\/\/insideamateurfussball-ffm.de\/wp-content\/uploads\/2025\/08\/kalbachrw00-1024x768.jpg 1024w, https:\/\/insideamateurfussball-ffm.de\/wp-content\/uploads\/2025\/08\/kalbachrw00-300x225.jpg 300w, https:\/\/insideamateurfussball-ffm.de\/wp-content\/uploads\/2025\/08\/kalbachrw00-768x576.jpg 768w, https:\/\/insideamateurfussball-ffm.de\/wp-content\/uploads\/2025\/08\/kalbachrw00-1536x1152.jpg 1536w, https:\/\/insideamateurfussball-ffm.de\/wp-content\/uploads\/2025\/08\/kalbachrw00.jpg 2016w\" sizes=\"auto, (max-width: 1024px) 100vw, 1024px\" \/><\/figure>\n\n\n\n<figure class=\"wp-block-image size-large\"><img loading=\"lazy\" decoding=\"async\" width=\"1024\" height=\"768\" src=\"http:\/\/insideamateurfussball-ffm.de\/wp-content\/uploads\/2025\/08\/kalbachrw01-1024x768.jpg\" alt=\"\" class=\"wp-image-26971\" srcset=\"https:\/\/insideamateurfussball-ffm.de\/wp-content\/uploads\/2025\/08\/kalbachrw01-1024x768.jpg 1024w, https:\/\/insideamateurfussball-ffm.de\/wp-content\/uploads\/2025\/08\/kalbachrw01-300x225.jpg 300w, https:\/\/insideamateurfussball-ffm.de\/wp-content\/uploads\/2025\/08\/kalbachrw01-768x576.jpg 768w, https:\/\/insideamateurfussball-ffm.de\/wp-content\/uploads\/2025\/08\/kalbachrw01-1536x1152.jpg 1536w, https:\/\/insideamateurfussball-ffm.de\/wp-content\/uploads\/2025\/08\/kalbachrw01.jpg 2016w\" sizes=\"auto, (max-width: 1024px) 100vw, 1024px\" \/><\/figure>\n\n\n\n<figure class=\"wp-block-image size-large\"><img loading=\"lazy\" decoding=\"async\" width=\"1024\" height=\"768\" src=\"http:\/\/insideamateurfussball-ffm.de\/wp-content\/uploads\/2025\/08\/kalbachrw04-1024x768.jpg\" alt=\"\" class=\"wp-image-26974\" srcset=\"https:\/\/insideamateurfussball-ffm.de\/wp-content\/uploads\/2025\/08\/kalbachrw04-1024x768.jpg 1024w, https:\/\/insideamateurfussball-ffm.de\/wp-content\/uploads\/2025\/08\/kalbachrw04-300x225.jpg 300w, https:\/\/insideamateurfussball-ffm.de\/wp-content\/uploads\/2025\/08\/kalbachrw04-768x576.jpg 768w, https:\/\/insideamateurfussball-ffm.de\/wp-content\/uploads\/2025\/08\/kalbachrw04-1536x1152.jpg 1536w, https:\/\/insideamateurfussball-ffm.de\/wp-content\/uploads\/2025\/08\/kalbachrw04.jpg 2016w\" sizes=\"auto, (max-width: 1024px) 100vw, 1024px\" \/><\/figure>\n\n\n\n<figure class=\"wp-block-image size-large\"><img loading=\"lazy\" decoding=\"async\" width=\"1024\" height=\"768\" src=\"http:\/\/insideamateurfussball-ffm.de\/wp-content\/uploads\/2025\/08\/kalbachrw06-1024x768.jpg\" alt=\"\" class=\"wp-image-26976\" srcset=\"https:\/\/insideamateurfussball-ffm.de\/wp-content\/uploads\/2025\/08\/kalbachrw06-1024x768.jpg 1024w, https:\/\/insideamateurfussball-ffm.de\/wp-content\/uploads\/2025\/08\/kalbachrw06-300x225.jpg 300w, https:\/\/insideamateurfussball-ffm.de\/wp-content\/uploads\/2025\/08\/kalbachrw06-768x576.jpg 768w, https:\/\/insideamateurfussball-ffm.de\/wp-content\/uploads\/2025\/08\/kalbachrw06-1536x1152.jpg 1536w, https:\/\/insideamateurfussball-ffm.de\/wp-content\/uploads\/2025\/08\/kalbachrw06.jpg 2016w\" sizes=\"auto, (max-width: 1024px) 100vw, 1024px\" \/><\/figure>\n\n\n\n<figure class=\"wp-block-image size-large\"><img loading=\"lazy\" decoding=\"async\" width=\"1024\" height=\"768\" src=\"http:\/\/insideamateurfussball-ffm.de\/wp-content\/uploads\/2025\/08\/kalbachrw07-1024x768.jpg\" alt=\"\" class=\"wp-image-26977\" srcset=\"https:\/\/insideamateurfussball-ffm.de\/wp-content\/uploads\/2025\/08\/kalbachrw07-1024x768.jpg 1024w, https:\/\/insideamateurfussball-ffm.de\/wp-content\/uploads\/2025\/08\/kalbachrw07-300x225.jpg 300w, https:\/\/insideamateurfussball-ffm.de\/wp-content\/uploads\/2025\/08\/kalbachrw07-768x576.jpg 768w, https:\/\/insideamateurfussball-ffm.de\/wp-content\/uploads\/2025\/08\/kalbachrw07-1536x1152.jpg 1536w, https:\/\/insideamateurfussball-ffm.de\/wp-content\/uploads\/2025\/08\/kalbachrw07.jpg 2016w\" sizes=\"auto, (max-width: 1024px) 100vw, 1024px\" \/><\/figure>\n\n\n\n<figure class=\"wp-block-image size-large\"><img loading=\"lazy\" decoding=\"async\" width=\"1024\" height=\"768\" src=\"http:\/\/insideamateurfussball-ffm.de\/wp-content\/uploads\/2025\/08\/kalbachrw08-1024x768.jpg\" alt=\"\" class=\"wp-image-26978\" srcset=\"https:\/\/insideamateurfussball-ffm.de\/wp-content\/uploads\/2025\/08\/kalbachrw08-1024x768.jpg 1024w, https:\/\/insideamateurfussball-ffm.de\/wp-content\/uploads\/2025\/08\/kalbachrw08-300x225.jpg 300w, https:\/\/insideamateurfussball-ffm.de\/wp-content\/uploads\/2025\/08\/kalbachrw08-768x576.jpg 768w, https:\/\/insideamateurfussball-ffm.de\/wp-content\/uploads\/2025\/08\/kalbachrw08-1536x1152.jpg 1536w, https:\/\/insideamateurfussball-ffm.de\/wp-content\/uploads\/2025\/08\/kalbachrw08.jpg 2016w\" sizes=\"auto, (max-width: 1024px) 100vw, 1024px\" \/><\/figure>\n","protected":false},"excerpt":{"rendered":"<p>Im ersten Saisonspiel nach dem Aufstieg in die Verbandsliga unterlag der FC Kalbach auf heimischen Gel\u00e4nde dem Nachbarn RW Frankfurt mit 1:2 und hatte Pech, dass kurz vor Abpfiff ein Schuss auf der Linie gerettet wurde. FC Kalbach &#8211; RW Frankfurt 1:2 (0:2) Der FC Kalbach freute sich auf sein erstes Spiel in der Verbandsliga [&hellip;]<\/p>\n","protected":false},"author":3,"featured_media":26979,"comment_status":"closed","ping_status":"open","sticky":true,"template":"","format":"standard","meta":{"footnotes":""},"categories":[10],"tags":[],"class_list":["post-26969","post","type-post","status-publish","format-standard","has-post-thumbnail","hentry","category-verbandsliga-sued"],"_links":{"self":[{"href":"https:\/\/insideamateurfussball-ffm.de\/index.php?rest_route=\/wp\/v2\/posts\/26969","targetHints":{"allow":["GET"]}}],"collection":[{"href":"https:\/\/insideamateurfussball-ffm.de\/index.php?rest_route=\/wp\/v2\/posts"}],"about":[{"href":"https:\/\/insideamateurfussball-ffm.de\/index.php?rest_route=\/wp\/v2\/types\/post"}],"author":[{"embeddable":true,"href":"https:\/\/insideamateurfussball-ffm.de\/index.php?rest_route=\/wp\/v2\/users\/3"}],"replies":[{"embeddable":true,"href":"https:\/\/insideamateurfussball-ffm.de\/index.php?rest_route=%2Fwp%2Fv2%2Fcomments&post=26969"}],"version-history":[{"count":2,"href":"https:\/\/insideamateurfussball-ffm.de\/index.php?rest_route=\/wp\/v2\/posts\/26969\/revisions"}],"predecessor-version":[{"id":26981,"href":"https:\/\/insideamateurfussball-ffm.de\/index.php?rest_route=\/wp\/v2\/posts\/26969\/revisions\/26981"}],"wp:featuredmedia":[{"embeddable":true,"href":"https:\/\/insideamateurfussball-ffm.de\/index.php?rest_route=\/wp\/v2\/media\/26979"}],"wp:attachment":[{"href":"https:\/\/insideamateurfussball-ffm.de\/index.php?rest_route=%2Fwp%2Fv2%2Fmedia&parent=26969"}],"wp:term":[{"taxonomy":"category","embeddable":true,"href":"https:\/\/insideamateurfussball-ffm.de\/index.php?rest_route=%2Fwp%2Fv2%2Fcategories&post=26969"},{"taxonomy":"post_tag","embeddable":true,"href":"https:\/\/insideamateurfussball-ffm.de\/index.php?rest_route=%2Fwp%2Fv2%2Ftags&post=26969"}],"curies":[{"name":"wp","href":"https:\/\/api.w.org\/{rel}","templated":true}]}}