{"id":26966,"date":"2025-08-02T08:30:11","date_gmt":"2025-08-02T07:30:11","guid":{"rendered":"https:\/\/insideamateurfussball-ffm.de\/?p=26966"},"modified":"2025-08-02T08:30:11","modified_gmt":"2025-08-02T07:30:11","slug":"speuzer-wieder-im-kompletten-umbruch","status":"publish","type":"post","link":"https:\/\/insideamateurfussball-ffm.de\/?p=26966","title":{"rendered":"Speuzer wieder im kompletten Umbruch"},"content":{"rendered":"<h4>Nach zwei Abstiegen in Folge stehen die FFV Sportfreunde 04 wieder vor einem kompletten Neuanfang, den 25 Abg\u00e4ngen stehen insgesamt 24 Neuzug\u00e4nge gegen\u00fcber. Daher startet der Verein erst einmal mit dem Ziel, jedes Spiel gewinnen zu wollen. Die Fragen beantwortete uns Sportchef Wolfgang Kr\u00f6nung.<\/h4>\n<figure id=\"attachment_26518\" aria-describedby=\"caption-attachment-26518\" style=\"width: 886px\" class=\"wp-caption alignnone\"><img loading=\"lazy\" decoding=\"async\" class=\"wp-image-26518 size-full\" src=\"http:\/\/insideamateurfussball-ffm.de\/wp-content\/uploads\/2025\/07\/speu2.jpg\" alt=\"\" width=\"886\" height=\"642\" srcset=\"https:\/\/insideamateurfussball-ffm.de\/wp-content\/uploads\/2025\/07\/speu2.jpg 886w, https:\/\/insideamateurfussball-ffm.de\/wp-content\/uploads\/2025\/07\/speu2-300x217.jpg 300w, https:\/\/insideamateurfussball-ffm.de\/wp-content\/uploads\/2025\/07\/speu2-768x556.jpg 768w\" sizes=\"auto, (max-width: 886px) 100vw, 886px\" \/><figcaption id=\"caption-attachment-26518\" class=\"wp-caption-text\">Die neue Mannschaft der Speuzer vor einem Testspiel. Foto: Archiv Mithat G\u00fcrser<\/figcaption><\/figure>\n<p><img loading=\"lazy\" decoding=\"async\" class=\"alignnone size-full wp-image-141\" src=\"http:\/\/insideamateurfussball-ffm.de\/wp-content\/uploads\/2022\/05\/Speuzer.jpg\" alt=\"\" width=\"80\" height=\"80\" \/><\/p>\n<p><strong><u>Was erwartet ihr von der neuen Saison, wie lautet euer Saisonziel?<\/u><\/strong><\/p>\n<p>Saisonziel ist, so viele Spiele wie m\u00f6glich zu gewinnen. Wir werden dann sehen, was dabei herauskommt.<\/p>\n<p><strong><u>Welche Zu- und Abg\u00e4nge habt ihr Stand jetzt zu verzeichnen?<\/u><\/strong><\/p>\n<p>Zug\u00e4nge:<\/p>\n<ul>\n<li>Douglas Agyemang (SV 07 Heddernheim)<\/li>\n<li>Frank Asam (RW Walldorf)<\/li>\n<li>Justin Bittner (SC Eschborn)<\/li>\n<li>Daniel Bogdanovic (eigene A-Jugend)<\/li>\n<li>Lamin Ceesay (SGK Bad Homburg)<\/li>\n<li>Menderes Dinc (eigene A-Jugend)<\/li>\n<li>Moussa Diop (FV Neuenhain)<\/li>\n<li>Mohamed Douzi (Griesheim Tarik)<\/li>\n<li>Ayman Elmarss (TSG 51 Frankfurt)<\/li>\n<li>Adu Ernest (eigene A-Jugend)<\/li>\n<li>Karim Fartout (FSV Steinbach)<\/li>\n<li>Sayed Hashimi (T\u00fcrkischer SC Offenbach)<\/li>\n<li>Sasa Jovanovic (SGK Bad Homburg)<\/li>\n<li>Barkin Kacur (Spvgg. Griesheim 02)<\/li>\n<li>Amun Lorey (FC Mammolshain)<\/li>\n<li>Osei Majesty (Spvgg. Griesheim 02)<\/li>\n<li>Sven Oker (Spvgg. Griesheim 02)<\/li>\n<li>Richmond Osei (Spvgg. Griesheim 02)<\/li>\n<li>Pyeonghwa Park (TuRa Niederh\u00f6chstadt)<\/li>\n<li>Julien Proisy (SGK Bad Homburg)<\/li>\n<li>Nasier Sherzad (eigene A-Jugend)<\/li>\n<li>Hergy Fongue (SGK Bad Homburg)<\/li>\n<li>Emre Toumpan (eigene A-Jugend)<\/li>\n<\/ul>\n<p>Abg\u00e4nge:<\/p>\n<ul>\n<li>Mohamed Ait Ali (Germania 08 Ginnheim)<\/li>\n<li>Xavio Colina (FC Karben)<\/li>\n<li>Elias Tecle (SF 74 Schwanheim)<\/li>\n<li>Edom Yalew (Spvgg 03 Fechenheim)<\/li>\n<li>Naveed Zafae (Spvgg. 03 Fechenheim)<\/li>\n<li>Badeldrin Miss (Spvgg. Neu-Isenburg)<\/li>\n<li>Shamseldin Miss (Spvgg. Neu-Isenburg)<\/li>\n<li>Justin Yodmadee (Spvgg. Neu-Isenburg)<\/li>\n<li>Rachid D\u00f6ring (SV 1930 Steinfurth)<\/li>\n<li>Uylosa Osazuwa Edegbe (SV Dietesheim)<\/li>\n<li>Jose Ricardo Rubio (SV Dietesheim)<\/li>\n<li>Marcel Encomienda (SV Sandhof Niederrad)<\/li>\n<li>Luis Maiberger (TuRa Niederh\u00f6chstadt)<\/li>\n<li>Jonadab Gebremariam (TuRa Niederh\u00f6chstadt)<\/li>\n<li>Millon Mehari (TuRa Niederh\u00f6chstadt)<\/li>\n<li>Baran Atik (TuRa Niederh\u00f6chstadt)<\/li>\n<li>Adnan Mehicic (VfB Unterliederbach)<\/li>\n<li>Oguzhan Okan Cankurt (VfB Unterliederbach)<\/li>\n<li>Kenan Reimer (VfB Unterliederbach)<\/li>\n<li>David Magai (unbekannt)<\/li>\n<li>Philip Nestler (unbekannt)<\/li>\n<li>Yassir Boulajraf (unbekannt)<\/li>\n<li>Redouan Safi (unbekannt)<\/li>\n<li>Oualid Yachou (unbekannt)<\/li>\n<li>Yilmaz Baris Dagli (unbekannt)<\/li>\n<\/ul>\n<p><strong><u>Wer sind f\u00fcr euch die Favoriten in der Liga?<\/u><\/strong><\/p>\n<p>Keine Angaben<\/p>\n<p><strong><u>Wie ist Eure Meinung zur neuen Auswechselregelung in Hessens Amateurfu\u00dfball (5 Wechsel maximal inkl. R\u00fcckwechsel)?<\/u><\/strong><\/p>\n<p>Ich fand die alte Regelung auch gut, man muss sehen, ob das was bringt f\u00fcr die Mannschaften, dass man hin- und herwechseln kann.<\/p>\n<p><strong><u>Testspiele (nach fussball.de)<\/u><\/strong><\/p>\n<p>06.07.2025: DJK SW Griesheim \u2013 FFV Sportfreunde 04 4:0<\/p>\n<p>13.07.2025: VfB Offenbach \u2013 FFV Sportfreunde 04 7:1<\/p>\n<p>20.07.2025: DJK Spfr. Bad Homburg II \u2013 FFV Sportfreunde 04 4:2<\/p>\n<p>27.07.2025: SC Riedberg \u2013 FFV Sportfreunde 04 3:0<\/p>\n<p>03.08.2025, 15:30 Uhr: FFV Sportfreunde 04 \u2013 FC Gudesding (1.Spieltag)<\/p>\n","protected":false},"excerpt":{"rendered":"<p>Nach zwei Abstiegen in Folge stehen die FFV Sportfreunde 04 wieder vor einem kompletten Neuanfang, den 25 Abg\u00e4ngen stehen insgesamt 24 Neuzug\u00e4nge gegen\u00fcber. Daher startet der Verein erst einmal mit dem Ziel, jedes Spiel gewinnen zu wollen. Die Fragen beantwortete uns Sportchef Wolfgang Kr\u00f6nung. Was erwartet ihr von der neuen Saison, wie lautet euer Saisonziel? [&hellip;]<\/p>\n","protected":false},"author":3,"featured_media":26518,"comment_status":"closed","ping_status":"open","sticky":true,"template":"","format":"standard","meta":{"footnotes":""},"categories":[2],"tags":[],"class_list":["post-26966","post","type-post","status-publish","format-standard","has-post-thumbnail","hentry","category-kreisoberliga-frankfurt"],"_links":{"self":[{"href":"https:\/\/insideamateurfussball-ffm.de\/index.php?rest_route=\/wp\/v2\/posts\/26966","targetHints":{"allow":["GET"]}}],"collection":[{"href":"https:\/\/insideamateurfussball-ffm.de\/index.php?rest_route=\/wp\/v2\/posts"}],"about":[{"href":"https:\/\/insideamateurfussball-ffm.de\/index.php?rest_route=\/wp\/v2\/types\/post"}],"author":[{"embeddable":true,"href":"https:\/\/insideamateurfussball-ffm.de\/index.php?rest_route=\/wp\/v2\/users\/3"}],"replies":[{"embeddable":true,"href":"https:\/\/insideamateurfussball-ffm.de\/index.php?rest_route=%2Fwp%2Fv2%2Fcomments&post=26966"}],"version-history":[{"count":2,"href":"https:\/\/insideamateurfussball-ffm.de\/index.php?rest_route=\/wp\/v2\/posts\/26966\/revisions"}],"predecessor-version":[{"id":26968,"href":"https:\/\/insideamateurfussball-ffm.de\/index.php?rest_route=\/wp\/v2\/posts\/26966\/revisions\/26968"}],"wp:featuredmedia":[{"embeddable":true,"href":"https:\/\/insideamateurfussball-ffm.de\/index.php?rest_route=\/wp\/v2\/media\/26518"}],"wp:attachment":[{"href":"https:\/\/insideamateurfussball-ffm.de\/index.php?rest_route=%2Fwp%2Fv2%2Fmedia&parent=26966"}],"wp:term":[{"taxonomy":"category","embeddable":true,"href":"https:\/\/insideamateurfussball-ffm.de\/index.php?rest_route=%2Fwp%2Fv2%2Fcategories&post=26966"},{"taxonomy":"post_tag","embeddable":true,"href":"https:\/\/insideamateurfussball-ffm.de\/index.php?rest_route=%2Fwp%2Fv2%2Ftags&post=26966"}],"curies":[{"name":"wp","href":"https:\/\/api.w.org\/{rel}","templated":true}]}}