{"id":26961,"date":"2025-08-01T17:51:32","date_gmt":"2025-08-01T16:51:32","guid":{"rendered":"https:\/\/insideamateurfussball-ffm.de\/?p=26961"},"modified":"2025-08-01T17:51:32","modified_gmt":"2025-08-01T16:51:32","slug":"seckbach-im-hessenpokal-gegen-germania-ober-roden","status":"publish","type":"post","link":"https:\/\/insideamateurfussball-ffm.de\/?p=26961","title":{"rendered":"Seckbach im Hessenpokal gegen Germania Ober-Roden"},"content":{"rendered":"<h4>Der Frankfurter Kreispokalsieger FG Seckbach zog bei der Auslosung f\u00fcr den Hessenpokal aus seiner regionalen Gruppe als Gegner f\u00fcr die 2.Runde den Verbandsligisten Germania Ober-Roden, Spieltag soll der 03.09.2025 sein.<\/h4>\n<figure id=\"attachment_26962\" aria-describedby=\"caption-attachment-26962\" style=\"width: 600px\" class=\"wp-caption alignnone\"><img loading=\"lazy\" decoding=\"async\" class=\"wp-image-26962 size-full\" src=\"http:\/\/insideamateurfussball-ffm.de\/wp-content\/uploads\/2025\/08\/Auslosung-Runde-2.jpg\" alt=\"\" width=\"600\" height=\"338\" srcset=\"https:\/\/insideamateurfussball-ffm.de\/wp-content\/uploads\/2025\/08\/Auslosung-Runde-2.jpg 600w, https:\/\/insideamateurfussball-ffm.de\/wp-content\/uploads\/2025\/08\/Auslosung-Runde-2-300x169.jpg 300w\" sizes=\"auto, (max-width: 600px) 100vw, 600px\" \/><figcaption id=\"caption-attachment-26962\" class=\"wp-caption-text\">Einteilung der regionalen Gruppen f\u00fcr die 2.Runde im Hessenpokal 2025\/26. Foto: HFV<\/figcaption><\/figure>\n<p>Heute fand in Gr\u00fcnberg die Auslosung zur 2.Runde im Hessenpokal der Runde 2025\/26 statt. Die siegreichen Mannschaften der 1.Runde, unter anderem auch der Frankfurter Pokalvertreter FG Seckbach, wurden erneut in regionale Gruppen mit je 4 Teams eingeteilt, die jeweils einen Achtelfinalisten ausspielen, wo sie dann auf die gesetzten Vereine treffen. Bereits f\u00fcr das Achtelfinale gesetzt ist u.a. der Frankfurter Vertreter FSV Frankfurt.<\/p>\n<p>Die FG Seckbach, in der 1.Runde Sieger gegen den Verbandsligisten Sportfreunde Seligenstadt, wurde in einer Gruppe mit dem FC Bayern Alzenau (Regionalliga), Germania Ober-Roden (Verbandsliga S\u00fcd) und dem 1.FCA Darmstadt (Verbandsliga S\u00fcd) eingeteilt. Gespielt werden soll am 3.September 2025.<\/p>\n<p>Die Auslosung ergab folgende Spiele:<\/p>\n<p><strong><u>Gruppe 4<\/u><\/strong><\/p>\n<p>FG Seckbach &#8211; Germania Ober-Roden<\/p>\n<p>1.FCA Darmstadt &#8211; FC Bayern Alzenau<\/p>\n<p>Da am 03.September sowohl in der Gruppenliga als auch in der Verbandsliga ein Spieltag angesetzt ist, muss ein neuer Termin gesucht werden, Ende September soll die 2.Runde ausgespielt sein.<\/p>\n<p><strong><u>Gruppe 1<\/u><\/strong><\/p>\n<p>KSV Baunatal &#8211; Eintracht Stadtallendorf<\/p>\n<p>FC Ederbergland &#8211; FSV D\u00f6rnberg<\/p>\n<p><strong><u>Gruppe 2<\/u><\/strong><\/p>\n<p>Spvgg. Leusel &#8211; SV Steinbach<\/p>\n<p>SC Waldgirmes &#8211; FC Turabdin-Babylon Pohlheim<\/p>\n<p><strong><u>Gruppe 3<\/u><\/strong><\/p>\n<p>FC Eddersheim &#8211; T\u00fcrk G\u00fcc\u00fc Friedberg<\/p>\n<p>VfR Gro\u00df-Gerau &#8211; DJK Spfr. Bad Homburg<\/p>\n","protected":false},"excerpt":{"rendered":"<p>Der Frankfurter Kreispokalsieger FG Seckbach zog bei der Auslosung f\u00fcr den Hessenpokal aus seiner regionalen Gruppe als Gegner f\u00fcr die 2.Runde den Verbandsligisten Germania Ober-Roden, Spieltag soll der 03.09.2025 sein. Heute fand in Gr\u00fcnberg die Auslosung zur 2.Runde im Hessenpokal der Runde 2025\/26 statt. Die siegreichen Mannschaften der 1.Runde, unter anderem auch der Frankfurter Pokalvertreter [&hellip;]<\/p>\n","protected":false},"author":3,"featured_media":26962,"comment_status":"closed","ping_status":"open","sticky":true,"template":"","format":"standard","meta":{"footnotes":""},"categories":[30],"tags":[],"class_list":["post-26961","post","type-post","status-publish","format-standard","has-post-thumbnail","hentry","category-hessenpokal"],"_links":{"self":[{"href":"https:\/\/insideamateurfussball-ffm.de\/index.php?rest_route=\/wp\/v2\/posts\/26961","targetHints":{"allow":["GET"]}}],"collection":[{"href":"https:\/\/insideamateurfussball-ffm.de\/index.php?rest_route=\/wp\/v2\/posts"}],"about":[{"href":"https:\/\/insideamateurfussball-ffm.de\/index.php?rest_route=\/wp\/v2\/types\/post"}],"author":[{"embeddable":true,"href":"https:\/\/insideamateurfussball-ffm.de\/index.php?rest_route=\/wp\/v2\/users\/3"}],"replies":[{"embeddable":true,"href":"https:\/\/insideamateurfussball-ffm.de\/index.php?rest_route=%2Fwp%2Fv2%2Fcomments&post=26961"}],"version-history":[{"count":1,"href":"https:\/\/insideamateurfussball-ffm.de\/index.php?rest_route=\/wp\/v2\/posts\/26961\/revisions"}],"predecessor-version":[{"id":26963,"href":"https:\/\/insideamateurfussball-ffm.de\/index.php?rest_route=\/wp\/v2\/posts\/26961\/revisions\/26963"}],"wp:featuredmedia":[{"embeddable":true,"href":"https:\/\/insideamateurfussball-ffm.de\/index.php?rest_route=\/wp\/v2\/media\/26962"}],"wp:attachment":[{"href":"https:\/\/insideamateurfussball-ffm.de\/index.php?rest_route=%2Fwp%2Fv2%2Fmedia&parent=26961"}],"wp:term":[{"taxonomy":"category","embeddable":true,"href":"https:\/\/insideamateurfussball-ffm.de\/index.php?rest_route=%2Fwp%2Fv2%2Fcategories&post=26961"},{"taxonomy":"post_tag","embeddable":true,"href":"https:\/\/insideamateurfussball-ffm.de\/index.php?rest_route=%2Fwp%2Fv2%2Ftags&post=26961"}],"curies":[{"name":"wp","href":"https:\/\/api.w.org\/{rel}","templated":true}]}}