{"id":26958,"date":"2025-08-01T13:30:04","date_gmt":"2025-08-01T12:30:04","guid":{"rendered":"https:\/\/insideamateurfussball-ffm.de\/?p=26958"},"modified":"2025-08-01T18:19:17","modified_gmt":"2025-08-01T17:19:17","slug":"aufsteiger-gsu-hellas-strebt-platzierung-im-mittelfeld-an","status":"publish","type":"post","link":"https:\/\/insideamateurfussball-ffm.de\/?p=26958","title":{"rendered":"Aufsteiger GSU Hellas strebt Platzierung im Mittelfeld an"},"content":{"rendered":"<h4>Der souver\u00e4ne Aufsteiger aus der Kreisliga A, GSU Hellas, hat keinen gro\u00dfen Umbruch vollzogen und m\u00f6chte in der Kreisoberliga einen stabilen Platz im unteren Mittelfeld erreichen. Die Fragen beantwortete uns der Sportliche Leiter Theodoros Vassiliou.<\/h4>\n<figure id=\"attachment_26959\" aria-describedby=\"caption-attachment-26959\" style=\"width: 1080px\" class=\"wp-caption alignnone\"><img loading=\"lazy\" decoding=\"async\" class=\"wp-image-26959 size-full\" src=\"http:\/\/insideamateurfussball-ffm.de\/wp-content\/uploads\/2025\/08\/Hellas.jpg\" alt=\"\" width=\"1080\" height=\"722\" srcset=\"https:\/\/insideamateurfussball-ffm.de\/wp-content\/uploads\/2025\/08\/Hellas.jpg 1080w, https:\/\/insideamateurfussball-ffm.de\/wp-content\/uploads\/2025\/08\/Hellas-300x201.jpg 300w, https:\/\/insideamateurfussball-ffm.de\/wp-content\/uploads\/2025\/08\/Hellas-1024x685.jpg 1024w, https:\/\/insideamateurfussball-ffm.de\/wp-content\/uploads\/2025\/08\/Hellas-768x513.jpg 768w\" sizes=\"auto, (max-width: 1080px) 100vw, 1080px\" \/><figcaption id=\"caption-attachment-26959\" class=\"wp-caption-text\">Die Meistermannschaft der Kreisliga A der vergangenen Saison. Foto: Einsendung Verein<\/figcaption><\/figure>\n<p><img loading=\"lazy\" decoding=\"async\" class=\"alignnone size-full wp-image-17152\" src=\"http:\/\/insideamateurfussball-ffm.de\/wp-content\/uploads\/2024\/03\/GSU-Hellas.png\" alt=\"\" width=\"80\" height=\"80\" \/><\/p>\n<p><strong><u>Was erwartet ihr von der neuen Saison, wie lautet euer Saisonziel?<\/u><\/strong><\/p>\n<p>Wir erwarten eine faire und sportlich anspruchsvolle Saison. Unser Ziel ist es, mit dem Abstieg nichts zu tun zu haben und\u00a0uns stabil im unteren Mittelfeld zu etablieren.<\/p>\n<p><strong><u>Welche Zu- und Abg\u00e4nge habt ihr Stand jetzt zu verzeichnen?<\/u><\/strong><\/p>\n<p>Zug\u00e4nge:<\/p>\n<ul>\n<li>Chounta Or Huda, Ilir (Wildsachsen)<\/li>\n<li>Naimi, Said (Germania Schwanheim)<\/li>\n<li>Dei, Denzel (Jugend Darmstadt 98)<\/li>\n<li>Chantzaras, Anastasios (aus Griechenland)<\/li>\n<li>Pinheiro Afonso, Andre (SKV M\u00f6rfelden)<\/li>\n<\/ul>\n<p>Abg\u00e4nge:<\/p>\n<ul>\n<li>Christos Papadopoulos (SV 07 Heddernheim)<\/li>\n<li>Oleksandr Chylik (SG Nassau Diedenbergen)<\/li>\n<li>Nikola Juric (unbekannt)<\/li>\n<\/ul>\n<p><strong><u>Wer sind f\u00fcr euch die Favoriten in der Liga?<\/u><\/strong><\/p>\n<p>Aus unserer Sicht z\u00e4hlt Makkabi Frankfurt zu den st\u00e4rksten Teams und damit\u00a0zu den Favoriten der Liga.<\/p>\n<p><strong><u>Wie ist Eure Meinung zur neuen Auswechselregelung in Hessens Amateurfu\u00dfball (5 Wechsel maximal inkl. R\u00fcckwechsel)?<\/u><\/strong><\/p>\n<p>Ich pers\u00f6nlich finde die neue Regelung teilweise sinnvoll. Dennoch sehe ich sie mit einer gewissen Skepsis und bin gespannt, wie sich das in der Praxis auswirkt.<\/p>\n<p><strong><u>Testspiele (nach fussball.de)<\/u><\/strong><\/p>\n<p>06.07.2025: Germania Eberstadt \u2013 GSU Hellas 5:0<\/p>\n<p>11.07.2025: SG Nassau Diedenbergen \u2013 GSU Hellas 1:3<\/p>\n<p>12.07.2025: FC Wei\u00dfkirchen \u2013 GSU Hellas 4:1<\/p>\n<p>17.07.2025: SC Opel 06 R\u00fcsselsheim \u2013 GSU Hellas 6:1<\/p>\n<p>03.08.2025, 12:15 Uhr: TuRa Niederh\u00f6chstadt II \u2013 GSU Hellas (1.Spieltag KOL spielfrei)<\/p>\n","protected":false},"excerpt":{"rendered":"<p>Der souver\u00e4ne Aufsteiger aus der Kreisliga A, GSU Hellas, hat keinen gro\u00dfen Umbruch vollzogen und m\u00f6chte in der Kreisoberliga einen stabilen Platz im unteren Mittelfeld erreichen. Die Fragen beantwortete uns der Sportliche Leiter Theodoros Vassiliou. Was erwartet ihr von der neuen Saison, wie lautet euer Saisonziel? Wir erwarten eine faire und sportlich anspruchsvolle Saison. Unser [&hellip;]<\/p>\n","protected":false},"author":3,"featured_media":26959,"comment_status":"closed","ping_status":"open","sticky":true,"template":"","format":"standard","meta":{"footnotes":""},"categories":[2],"tags":[],"class_list":["post-26958","post","type-post","status-publish","format-standard","has-post-thumbnail","hentry","category-kreisoberliga-frankfurt"],"_links":{"self":[{"href":"https:\/\/insideamateurfussball-ffm.de\/index.php?rest_route=\/wp\/v2\/posts\/26958","targetHints":{"allow":["GET"]}}],"collection":[{"href":"https:\/\/insideamateurfussball-ffm.de\/index.php?rest_route=\/wp\/v2\/posts"}],"about":[{"href":"https:\/\/insideamateurfussball-ffm.de\/index.php?rest_route=\/wp\/v2\/types\/post"}],"author":[{"embeddable":true,"href":"https:\/\/insideamateurfussball-ffm.de\/index.php?rest_route=\/wp\/v2\/users\/3"}],"replies":[{"embeddable":true,"href":"https:\/\/insideamateurfussball-ffm.de\/index.php?rest_route=%2Fwp%2Fv2%2Fcomments&post=26958"}],"version-history":[{"count":3,"href":"https:\/\/insideamateurfussball-ffm.de\/index.php?rest_route=\/wp\/v2\/posts\/26958\/revisions"}],"predecessor-version":[{"id":26965,"href":"https:\/\/insideamateurfussball-ffm.de\/index.php?rest_route=\/wp\/v2\/posts\/26958\/revisions\/26965"}],"wp:featuredmedia":[{"embeddable":true,"href":"https:\/\/insideamateurfussball-ffm.de\/index.php?rest_route=\/wp\/v2\/media\/26959"}],"wp:attachment":[{"href":"https:\/\/insideamateurfussball-ffm.de\/index.php?rest_route=%2Fwp%2Fv2%2Fmedia&parent=26958"}],"wp:term":[{"taxonomy":"category","embeddable":true,"href":"https:\/\/insideamateurfussball-ffm.de\/index.php?rest_route=%2Fwp%2Fv2%2Fcategories&post=26958"},{"taxonomy":"post_tag","embeddable":true,"href":"https:\/\/insideamateurfussball-ffm.de\/index.php?rest_route=%2Fwp%2Fv2%2Ftags&post=26958"}],"curies":[{"name":"wp","href":"https:\/\/api.w.org\/{rel}","templated":true}]}}