{"id":26952,"date":"2025-07-30T15:00:15","date_gmt":"2025-07-30T14:00:15","guid":{"rendered":"https:\/\/insideamateurfussball-ffm.de\/?p=26952"},"modified":"2025-07-30T15:00:15","modified_gmt":"2025-07-30T14:00:15","slug":"ue60-von-rot-weiss-gewinnt-sueddeutsche-meisterschaft","status":"publish","type":"post","link":"https:\/\/insideamateurfussball-ffm.de\/?p=26952","title":{"rendered":"\u00dc60 von Rot-Weiss gewinnt S\u00fcddeutsche Meisterschaft"},"content":{"rendered":"<h4>Nach der Hessenmeisterschaft vor gut 2 Wochen gewann die \u00dc60 von Rot-Weiss Frankfurt in Ulm auch die S\u00fcddeutsche Meisterschaft vor Vereinen wie Bayern M\u00fcnchen und dem Karlsruher SC.<\/h4>\n<figure id=\"attachment_26953\" aria-describedby=\"caption-attachment-26953\" style=\"width: 1600px\" class=\"wp-caption alignnone\"><img loading=\"lazy\" decoding=\"async\" class=\"wp-image-26953 size-full\" src=\"http:\/\/insideamateurfussball-ffm.de\/wp-content\/uploads\/2025\/07\/rotweiss01.jpg\" alt=\"\" width=\"1600\" height=\"900\" srcset=\"https:\/\/insideamateurfussball-ffm.de\/wp-content\/uploads\/2025\/07\/rotweiss01.jpg 1600w, https:\/\/insideamateurfussball-ffm.de\/wp-content\/uploads\/2025\/07\/rotweiss01-300x169.jpg 300w, https:\/\/insideamateurfussball-ffm.de\/wp-content\/uploads\/2025\/07\/rotweiss01-1024x576.jpg 1024w, https:\/\/insideamateurfussball-ffm.de\/wp-content\/uploads\/2025\/07\/rotweiss01-768x432.jpg 768w, https:\/\/insideamateurfussball-ffm.de\/wp-content\/uploads\/2025\/07\/rotweiss01-1536x864.jpg 1536w\" sizes=\"auto, (max-width: 1600px) 100vw, 1600px\" \/><figcaption id=\"caption-attachment-26953\" class=\"wp-caption-text\">Die siegreiche Mannschaft von RW Frankfurt bei der S\u00fcddeutschen Meisterschaft der \u00dc60-Senioren. Foto: Einsendung G\u00fcnther Fromm<\/figcaption><\/figure>\n<p><img loading=\"lazy\" decoding=\"async\" class=\"alignnone size-full wp-image-4032\" src=\"http:\/\/insideamateurfussball-ffm.de\/wp-content\/uploads\/2022\/11\/rot-weiss.png\" alt=\"\" width=\"80\" height=\"70\" \/><\/p>\n<p>Herzlichen Gl\u00fcckwunsch zur S\u00fcddeutschen Meisterschaft f\u00fcr die \u00dc60-Mannschaft von Rot-Weiss Frankfurt. G\u00fcnther Fromm, Spieler und zusammen mit Spieler G\u00fcnther Blodig auch Coach der Mannschaft, schickte uns den Bericht von der S\u00fcddeutschen Meisterschaft in Ulm.<\/p>\n<p>\u201eWir haben mit unserer \u00dc60-Mannschaft nach dem viermaligen Gewinn der Hessenmeisterschaft am 27.7.in Neu-Ulm auch erstmals die S\u00fcddeutsche Meisterschaft gewinnen k\u00f6nnen. Und das gegen namhafte Konkurrenz wie dem FC Bayern M\u00fcnchen und Karlsruher SC.<\/p>\n<p>Das letzte Turnierspiel gegen den zweimaligen Champion FC Bayern war ein echtes Endspiel. Uns gen\u00fcgte ein Unentschieden, Bayern musste gewinnen, um den Titel zu verteidigen.<\/p>\n<p>Das leistungsgerechte 1:1 gen\u00fcgte uns, um erstmals den Titel nach Hessen zu holen.<\/p>\n<p>Der Sieg wurde nat\u00fcrlich ausgiebig gefeiert.<\/p>\n<p>Schade, dass f\u00fcr die \u00dc60-Oldies keine Deutsche Meisterschaft ausgespielt wird.\u201c<\/p>\n<p>Nach einem 1:0-Sieg gegen den FC \u00dcberliegen lie\u00dfen die Rot-Weissen ein klares 3:0 gegen die AH Karlsruher SC folgen, einem 1:1 gegen den SV Leingarten folgte dann das abschlie\u00dfende Spiel gegen den FC Bayern M\u00fcnchen. Nach dem 1:1 im letzten Spiel gewannen die Frankfurter das Turnier mit 8 Punkten vor den AH Karlsruher SC mit 7 Punkten und dem FC Bayern M\u00fcnchen mit 6 Punkten.<\/p>\n<p>\u00a0<\/p>\n\n\n<figure class=\"wp-block-image size-large\"><img loading=\"lazy\" decoding=\"async\" width=\"1024\" height=\"1024\" src=\"http:\/\/insideamateurfussball-ffm.de\/wp-content\/uploads\/2025\/07\/rotweiss02-1024x1024.jpg\" alt=\"\" class=\"wp-image-26954\" srcset=\"https:\/\/insideamateurfussball-ffm.de\/wp-content\/uploads\/2025\/07\/rotweiss02-1024x1024.jpg 1024w, https:\/\/insideamateurfussball-ffm.de\/wp-content\/uploads\/2025\/07\/rotweiss02-300x300.jpg 300w, https:\/\/insideamateurfussball-ffm.de\/wp-content\/uploads\/2025\/07\/rotweiss02-150x150.jpg 150w, https:\/\/insideamateurfussball-ffm.de\/wp-content\/uploads\/2025\/07\/rotweiss02-768x768.jpg 768w, https:\/\/insideamateurfussball-ffm.de\/wp-content\/uploads\/2025\/07\/rotweiss02.jpg 1496w\" sizes=\"auto, (max-width: 1024px) 100vw, 1024px\" \/><\/figure>\n","protected":false},"excerpt":{"rendered":"<p>Nach der Hessenmeisterschaft vor gut 2 Wochen gewann die \u00dc60 von Rot-Weiss Frankfurt in Ulm auch die S\u00fcddeutsche Meisterschaft vor Vereinen wie Bayern M\u00fcnchen und dem Karlsruher SC. Herzlichen Gl\u00fcckwunsch zur S\u00fcddeutschen Meisterschaft f\u00fcr die \u00dc60-Mannschaft von Rot-Weiss Frankfurt. G\u00fcnther Fromm, Spieler und zusammen mit Spieler G\u00fcnther Blodig auch Coach der Mannschaft, schickte uns den [&hellip;]<\/p>\n","protected":false},"author":3,"featured_media":26953,"comment_status":"closed","ping_status":"open","sticky":true,"template":"","format":"standard","meta":{"footnotes":""},"categories":[20],"tags":[],"class_list":["post-26952","post","type-post","status-publish","format-standard","has-post-thumbnail","hentry","category-soma-ah"],"_links":{"self":[{"href":"https:\/\/insideamateurfussball-ffm.de\/index.php?rest_route=\/wp\/v2\/posts\/26952","targetHints":{"allow":["GET"]}}],"collection":[{"href":"https:\/\/insideamateurfussball-ffm.de\/index.php?rest_route=\/wp\/v2\/posts"}],"about":[{"href":"https:\/\/insideamateurfussball-ffm.de\/index.php?rest_route=\/wp\/v2\/types\/post"}],"author":[{"embeddable":true,"href":"https:\/\/insideamateurfussball-ffm.de\/index.php?rest_route=\/wp\/v2\/users\/3"}],"replies":[{"embeddable":true,"href":"https:\/\/insideamateurfussball-ffm.de\/index.php?rest_route=%2Fwp%2Fv2%2Fcomments&post=26952"}],"version-history":[{"count":1,"href":"https:\/\/insideamateurfussball-ffm.de\/index.php?rest_route=\/wp\/v2\/posts\/26952\/revisions"}],"predecessor-version":[{"id":26955,"href":"https:\/\/insideamateurfussball-ffm.de\/index.php?rest_route=\/wp\/v2\/posts\/26952\/revisions\/26955"}],"wp:featuredmedia":[{"embeddable":true,"href":"https:\/\/insideamateurfussball-ffm.de\/index.php?rest_route=\/wp\/v2\/media\/26953"}],"wp:attachment":[{"href":"https:\/\/insideamateurfussball-ffm.de\/index.php?rest_route=%2Fwp%2Fv2%2Fmedia&parent=26952"}],"wp:term":[{"taxonomy":"category","embeddable":true,"href":"https:\/\/insideamateurfussball-ffm.de\/index.php?rest_route=%2Fwp%2Fv2%2Fcategories&post=26952"},{"taxonomy":"post_tag","embeddable":true,"href":"https:\/\/insideamateurfussball-ffm.de\/index.php?rest_route=%2Fwp%2Fv2%2Ftags&post=26952"}],"curies":[{"name":"wp","href":"https:\/\/api.w.org\/{rel}","templated":true}]}}