{"id":26950,"date":"2025-07-30T14:41:36","date_gmt":"2025-07-30T13:41:36","guid":{"rendered":"https:\/\/insideamateurfussball-ffm.de\/?p=26950"},"modified":"2025-07-30T14:41:36","modified_gmt":"2025-07-30T13:41:36","slug":"germania-enkheim-strebt-oberes-tabellendrittel-an","status":"publish","type":"post","link":"https:\/\/insideamateurfussball-ffm.de\/?p=26950","title":{"rendered":"Germania Enkheim strebt oberes Tabellendrittel an"},"content":{"rendered":"<h4>Letztes Jahr landete der FC Germania 1911 Enkheim in der Kreisoberliga Frankfurt auf dem 8.Tabellenplatz, auch dieses Jahr m\u00f6chte man sich im oberen Tabellendrittel etablieren. Die Fragen beantwortete uns aus der Sportlichen Leitung Ali \u00d6zer.<\/h4>\n<figure id=\"attachment_25538\" aria-describedby=\"caption-attachment-25538\" style=\"width: 1079px\" class=\"wp-caption alignnone\"><img loading=\"lazy\" decoding=\"async\" class=\"wp-image-25538 size-full\" src=\"http:\/\/insideamateurfussball-ffm.de\/wp-content\/uploads\/2025\/05\/Enk-Roe.jpg\" alt=\"\" width=\"1079\" height=\"789\" srcset=\"https:\/\/insideamateurfussball-ffm.de\/wp-content\/uploads\/2025\/05\/Enk-Roe.jpg 1079w, https:\/\/insideamateurfussball-ffm.de\/wp-content\/uploads\/2025\/05\/Enk-Roe-300x219.jpg 300w, https:\/\/insideamateurfussball-ffm.de\/wp-content\/uploads\/2025\/05\/Enk-Roe-1024x749.jpg 1024w, https:\/\/insideamateurfussball-ffm.de\/wp-content\/uploads\/2025\/05\/Enk-Roe-768x562.jpg 768w\" sizes=\"auto, (max-width: 1079px) 100vw, 1079px\" \/><figcaption id=\"caption-attachment-25538\" class=\"wp-caption-text\">Bei Germania Enkheim soll es das obere Tabellendrittel werden. Foto: Archiv RFC<\/figcaption><\/figure>\n<p><img loading=\"lazy\" decoding=\"async\" class=\"alignnone size-full wp-image-1748\" src=\"http:\/\/insideamateurfussball-ffm.de\/wp-content\/uploads\/2022\/07\/Enkheim-1.jpg\" alt=\"\" width=\"63\" height=\"80\" \/><\/p>\n<p><strong><u>Was erwartet ihr von der neuen Saison, wie lautet euer Saisonziel?<\/u><\/strong><\/p>\n<p>Mit einer klaren Spielidee und hoher Intensit\u00e4t wollen wir uns im oberen Tabellendrittel etablieren.<\/p>\n<p><strong><u>Welche Zu- und Abg\u00e4nge habt ihr Stand jetzt zu verzeichnen?<\/u><\/strong><\/p>\n<p>Zug\u00e4nge:<\/p>\n<ul>\n<li>\u2060Baja, Amir (SV 07 Heddernheim)<\/li>\n<li>Parlak, Berzan (1. FC 1911 Hochstadt)<\/li>\n<li>Eyassu, Kaleab (Spvgg. 1903 Fechenheim)<\/li>\n<li>Camara, Ibrahim (Spvgg. 1903 Fechenheim)<\/li>\n<li>Ben Neticha, Mohamed, (A-Jugend Juz Fechenheim)<\/li>\n<li>Rosenberger, Andre (FC Germ. 09 Gro\u00dfkrotzenburg)<\/li>\n<li>Amsiouji, Abderrahim (Spvgg. 05\/99 Bomber Bad Homburg)<\/li>\n<li>aus unserer eigenen A-Jugend: Assefa Nathan, Chemi Malik, Erxleben Justin, Giani Marco, Kaidi Barae, Laube Joona, Willbrand Lenn, Zariouhi Jozef, Klein Elias<\/li>\n<\/ul>\n<p>Abg\u00e4nge:<\/p>\n<ul>\n<li>keine<\/li>\n<\/ul>\n<p><strong><u>Wer sind f\u00fcr euch die Favoriten in der Liga?<\/u><\/strong><\/p>\n<p>Keine Angaben<\/p>\n<p><strong><u>Wie ist Eure Meinung zur neuen Auswechselregelung in Hessens Amateurfu\u00dfball (5 Wechsel maximal inkl. R\u00fcckwechsel)?<\/u><\/strong><\/p>\n<p>Keine Antwort<\/p>\n<p><strong><u>Testspiele (nach fussball.de)<\/u><\/strong><\/p>\n<p>06.07.2025: FC Germania Enkheim \u2013 FC Karben II 2:2<\/p>\n<p>10.07.2025: FC Germania Enkheim \u2013 SC Eschborn 4:2<\/p>\n<p>13.07.2025: FC Germania Enkheim \u2013 TuRa Niederh\u00f6chstadt II 3:0<\/p>\n<p>20.07.2025: FC Germania Enkheim &#8211; TSV \u00a01860 Hanau 9:2<\/p>\n<p>24.07.2025: FC Germania Enkheim \u2013 SC Riedberg 2:3<\/p>\n<p>03.08.2025, 15:00 Uhr: FC Germania Enkheim \u2013 FC Posavina (1.Spieltag)<\/p>\n","protected":false},"excerpt":{"rendered":"<p>Letztes Jahr landete der FC Germania 1911 Enkheim in der Kreisoberliga Frankfurt auf dem 8.Tabellenplatz, auch dieses Jahr m\u00f6chte man sich im oberen Tabellendrittel etablieren. Die Fragen beantwortete uns aus der Sportlichen Leitung Ali \u00d6zer. Was erwartet ihr von der neuen Saison, wie lautet euer Saisonziel? Mit einer klaren Spielidee und hoher Intensit\u00e4t wollen wir [&hellip;]<\/p>\n","protected":false},"author":3,"featured_media":25538,"comment_status":"closed","ping_status":"open","sticky":true,"template":"","format":"standard","meta":{"footnotes":""},"categories":[2],"tags":[],"class_list":["post-26950","post","type-post","status-publish","format-standard","has-post-thumbnail","hentry","category-kreisoberliga-frankfurt"],"_links":{"self":[{"href":"https:\/\/insideamateurfussball-ffm.de\/index.php?rest_route=\/wp\/v2\/posts\/26950","targetHints":{"allow":["GET"]}}],"collection":[{"href":"https:\/\/insideamateurfussball-ffm.de\/index.php?rest_route=\/wp\/v2\/posts"}],"about":[{"href":"https:\/\/insideamateurfussball-ffm.de\/index.php?rest_route=\/wp\/v2\/types\/post"}],"author":[{"embeddable":true,"href":"https:\/\/insideamateurfussball-ffm.de\/index.php?rest_route=\/wp\/v2\/users\/3"}],"replies":[{"embeddable":true,"href":"https:\/\/insideamateurfussball-ffm.de\/index.php?rest_route=%2Fwp%2Fv2%2Fcomments&post=26950"}],"version-history":[{"count":1,"href":"https:\/\/insideamateurfussball-ffm.de\/index.php?rest_route=\/wp\/v2\/posts\/26950\/revisions"}],"predecessor-version":[{"id":26951,"href":"https:\/\/insideamateurfussball-ffm.de\/index.php?rest_route=\/wp\/v2\/posts\/26950\/revisions\/26951"}],"wp:featuredmedia":[{"embeddable":true,"href":"https:\/\/insideamateurfussball-ffm.de\/index.php?rest_route=\/wp\/v2\/media\/25538"}],"wp:attachment":[{"href":"https:\/\/insideamateurfussball-ffm.de\/index.php?rest_route=%2Fwp%2Fv2%2Fmedia&parent=26950"}],"wp:term":[{"taxonomy":"category","embeddable":true,"href":"https:\/\/insideamateurfussball-ffm.de\/index.php?rest_route=%2Fwp%2Fv2%2Fcategories&post=26950"},{"taxonomy":"post_tag","embeddable":true,"href":"https:\/\/insideamateurfussball-ffm.de\/index.php?rest_route=%2Fwp%2Fv2%2Ftags&post=26950"}],"curies":[{"name":"wp","href":"https:\/\/api.w.org\/{rel}","templated":true}]}}