{"id":26948,"date":"2025-07-30T14:31:42","date_gmt":"2025-07-30T13:31:42","guid":{"rendered":"https:\/\/insideamateurfussball-ffm.de\/?p=26948"},"modified":"2025-07-30T15:17:01","modified_gmt":"2025-07-30T14:17:01","slug":"griesheim-will-sich-nach-umbruch-schnell-finden","status":"publish","type":"post","link":"https:\/\/insideamateurfussball-ffm.de\/?p=26948","title":{"rendered":"Griesheim will sich nach Umbruch schnell finden"},"content":{"rendered":"<h4>Letztes Jahr landete die Spvgg. 02 Griesheim in der Kreisoberliga Frankfurt auf dem 5.Tabellenplatz, dieses Jahr will man sich in allen Bereichen verbessern. Die Fragen beantwortete uns Trainer Dominic Machado.<\/h4>\n<figure id=\"attachment_25872\" aria-describedby=\"caption-attachment-25872\" style=\"width: 871px\" class=\"wp-caption alignnone\"><img loading=\"lazy\" decoding=\"async\" class=\"wp-image-25872 size-full\" src=\"http:\/\/insideamateurfussball-ffm.de\/wp-content\/uploads\/2025\/05\/griesh-posavina2.jpg\" alt=\"\" width=\"871\" height=\"591\" srcset=\"https:\/\/insideamateurfussball-ffm.de\/wp-content\/uploads\/2025\/05\/griesh-posavina2.jpg 871w, https:\/\/insideamateurfussball-ffm.de\/wp-content\/uploads\/2025\/05\/griesh-posavina2-300x204.jpg 300w, https:\/\/insideamateurfussball-ffm.de\/wp-content\/uploads\/2025\/05\/griesh-posavina2-768x521.jpg 768w\" sizes=\"auto, (max-width: 871px) 100vw, 871px\" \/><figcaption id=\"caption-attachment-25872\" class=\"wp-caption-text\">Die Mannschaft der Spvgg. 02 Griesheim muss einen kr\u00e4ftigen Umbruch vollziehen. Foto: Archiv Mithat G\u00fcrser<\/figcaption><\/figure>\n<p><img loading=\"lazy\" decoding=\"async\" class=\"alignnone size-full wp-image-287\" src=\"http:\/\/insideamateurfussball-ffm.de\/wp-content\/uploads\/2022\/05\/SpVgg._02_Griesheim_02.jpg\" alt=\"\" width=\"100\" height=\"100\" \/><\/p>\n<p><strong><u>Was erwartet ihr von der neuen Saison, wie lautet euer Saisonziel?<\/u><\/strong><\/p>\n<p>Es wird eine sehr interessante Saison 2025\/2026. Es haben sich viele Mannschaften gezielt verst\u00e4rkt &amp; dementsprechend ist die Erwartungshaltung sehr hoch.<\/p>\n<p>Wir wollen uns in allen Bereichen gegen\u00fcber letzter Saison verbessern und uns trotz des doch personellen Umbruchs als Mannschaft schnell finden.<\/p>\n<p><strong><u>Welche Zu- und Abg\u00e4nge habt ihr Stand jetzt zu verzeichnen?<\/u><\/strong><\/p>\n<p>Zug\u00e4nge:<\/p>\n<ul>\n<li>Marco Ippolito (BSC Kelsterbach)<\/li>\n<li>Michele Capricano (BSC Kelsterbach)<\/li>\n<li>Lars Christiansen (BSC Kelsterbach)<\/li>\n<li>Luis Saldanha (BSC Kelsterbach)<\/li>\n<li>Nick Fiege (T\u00fcrkg\u00fcc\u00fc Frankfurt)<\/li>\n<li>Arman Ghorbani (BSC SW 1919 Frankfurt)<\/li>\n<li>Marcus Kreckel (SV Heddernheim)<\/li>\n<li>Takuto Ishizu (FC Fortuna Mombach)<\/li>\n<li>John Aziz ( SV Landshut-M\u00fcnchnerau)<\/li>\n<li>Anas El Baouti (VFB Unterliederbach U19)<\/li>\n<li>Aldin Tahorovic (VFB Unterliederbach U19)<\/li>\n<li>Ebenezer Opong (VFB Unterliederbach U19)<\/li>\n<\/ul>\n<p>Abg\u00e4nge:<\/p>\n<ul>\n<li>Leart Hoxha (FC Kosova)<\/li>\n<li>Isaac Ameyaw (FC Kosova)<\/li>\n<li>Jeffry Nimako (FC Kosova<\/li>\n<li>Michael Ofosu (FC Kosova)<\/li>\n<li>Denis Memedi (FC Kosova)<\/li>\n<li>Michael Ochere (FV Bad Vilbel)<\/li>\n<li>Amar Koljenovic (FV Bad Vilbel)<\/li>\n<li>Husein Goruzdic (FV Bad Vilbel)<\/li>\n<li>Barkin Kacur (FFV Sportfreunde)<\/li>\n<li>Raul Sanchez Mendez (SG Hoechst)<\/li>\n<li>Ali Matmati (SV Viktoria Preu\u00dfen)<\/li>\n<li>Rafed Matmati (Ziel unbekannt)<\/li>\n<\/ul>\n<p>Im Namen des Trainerteams &amp; Vereins danken wir auch hier nochmal allen Spielern f\u00fcr die Zusammenarbeit und w\u00fcnschen allen viel Erfolg f\u00fcr die kommende Saison.<\/p>\n<p><strong><u>Wer sind f\u00fcr euch die Favoriten in der Liga?<\/u><\/strong><\/p>\n<p>TuS Makkabi &amp; FC Union Niederrad<\/p>\n<p><strong><u>Wie ist Eure Meinung zur neuen Auswechselregelung in Hessens Amateurfu\u00dfball (5 Wechsel maximal inkl. R\u00fcckwechsel)?<\/u><\/strong><\/p>\n<p>Wir begr\u00fc\u00dfen &amp; finden diese Auswechselregelung gut.<\/p>\n<p>Ein Gewinn aller Vereine f\u00fcr die Belastungssteuerung aber nat\u00fcrlich auch f\u00fcr mehr Einsatzzeiten\u00a0der\u00a0Spieler.<\/p>\n<p><strong><u>\u00a0Testspiele (nach fussball.de)<\/u><\/strong><\/p>\n<p>29.06.2025: VfB Unterliederbach \u2013 Spvgg. 02 Griesheim 7:0<\/p>\n<p>03.07.2025: Spvgg. 02 Griesheim \u2013 FC Germ. Okriftel 1:3<\/p>\n<p>06.07.2025: TuRa Niederh\u00f6chstadt \u2013 Spvgg. 02 Griesheim 5:0<\/p>\n<p>10.07.2025: SG Praunheim 1908 \u2013 Spvgg. 02 Griesheim 5:4<\/p>\n<p>16.07.2025: SC Eschborn \u2013 Spvgg. 02 Griesheim 1:6<\/p>\n<p>20.07.2025: Spvgg. 02 Griesheim \u2013 FC T\u00fcrk Kelsterbach 3:3<\/p>\n<p>27.07.2025: Spvgg. 02 Griesheim \u2013 SG Oberliederbach 1:3<\/p>\n<p>03.08.2025, 15:00 Uhr: BSC SW 1919 \u2013 Spvgg. 02 Griesheim (1.Spieltag)<\/p>\n\n\n<p><\/p>\n","protected":false},"excerpt":{"rendered":"<p>Letztes Jahr landete die Spvgg. 02 Griesheim in der Kreisoberliga Frankfurt auf dem 5.Tabellenplatz, dieses Jahr will man sich in allen Bereichen verbessern. Die Fragen beantwortete uns Trainer Dominic Machado. Was erwartet ihr von der neuen Saison, wie lautet euer Saisonziel? Es wird eine sehr interessante Saison 2025\/2026. Es haben sich viele Mannschaften gezielt verst\u00e4rkt [&hellip;]<\/p>\n","protected":false},"author":3,"featured_media":25872,"comment_status":"closed","ping_status":"open","sticky":true,"template":"","format":"standard","meta":{"footnotes":""},"categories":[2],"tags":[],"class_list":["post-26948","post","type-post","status-publish","format-standard","has-post-thumbnail","hentry","category-kreisoberliga-frankfurt"],"_links":{"self":[{"href":"https:\/\/insideamateurfussball-ffm.de\/index.php?rest_route=\/wp\/v2\/posts\/26948","targetHints":{"allow":["GET"]}}],"collection":[{"href":"https:\/\/insideamateurfussball-ffm.de\/index.php?rest_route=\/wp\/v2\/posts"}],"about":[{"href":"https:\/\/insideamateurfussball-ffm.de\/index.php?rest_route=\/wp\/v2\/types\/post"}],"author":[{"embeddable":true,"href":"https:\/\/insideamateurfussball-ffm.de\/index.php?rest_route=\/wp\/v2\/users\/3"}],"replies":[{"embeddable":true,"href":"https:\/\/insideamateurfussball-ffm.de\/index.php?rest_route=%2Fwp%2Fv2%2Fcomments&post=26948"}],"version-history":[{"count":3,"href":"https:\/\/insideamateurfussball-ffm.de\/index.php?rest_route=\/wp\/v2\/posts\/26948\/revisions"}],"predecessor-version":[{"id":26957,"href":"https:\/\/insideamateurfussball-ffm.de\/index.php?rest_route=\/wp\/v2\/posts\/26948\/revisions\/26957"}],"wp:featuredmedia":[{"embeddable":true,"href":"https:\/\/insideamateurfussball-ffm.de\/index.php?rest_route=\/wp\/v2\/media\/25872"}],"wp:attachment":[{"href":"https:\/\/insideamateurfussball-ffm.de\/index.php?rest_route=%2Fwp%2Fv2%2Fmedia&parent=26948"}],"wp:term":[{"taxonomy":"category","embeddable":true,"href":"https:\/\/insideamateurfussball-ffm.de\/index.php?rest_route=%2Fwp%2Fv2%2Fcategories&post=26948"},{"taxonomy":"post_tag","embeddable":true,"href":"https:\/\/insideamateurfussball-ffm.de\/index.php?rest_route=%2Fwp%2Fv2%2Ftags&post=26948"}],"curies":[{"name":"wp","href":"https:\/\/api.w.org\/{rel}","templated":true}]}}