{"id":26946,"date":"2025-07-30T14:12:21","date_gmt":"2025-07-30T13:12:21","guid":{"rendered":"https:\/\/insideamateurfussball-ffm.de\/?p=26946"},"modified":"2025-07-30T14:12:21","modified_gmt":"2025-07-30T13:12:21","slug":"niederrad-will-fruehzeitigen-klassenerhalt","status":"publish","type":"post","link":"https:\/\/insideamateurfussball-ffm.de\/?p=26946","title":{"rendered":"Niederrad will fr\u00fchzeitigen Klassenerhalt"},"content":{"rendered":"<h4>Letztes Jahr landete Union Niederrad in der Kreisoberliga Frankfurt auf einem guten 4.Tabellenplatz, dieses Jahr will man ebenfalls im oberen Tabellendrittel mitspielen. Die Fragen beantwortete der Pr\u00e4sident Khalid Lamjahed.<\/h4>\n<figure id=\"attachment_24240\" aria-describedby=\"caption-attachment-24240\" style=\"width: 2048px\" class=\"wp-caption alignnone\"><img loading=\"lazy\" decoding=\"async\" class=\"wp-image-24240 size-full\" src=\"http:\/\/insideamateurfussball-ffm.de\/wp-content\/uploads\/2025\/03\/union-niederq.jpg\" alt=\"\" width=\"2048\" height=\"1536\" srcset=\"https:\/\/insideamateurfussball-ffm.de\/wp-content\/uploads\/2025\/03\/union-niederq.jpg 2048w, https:\/\/insideamateurfussball-ffm.de\/wp-content\/uploads\/2025\/03\/union-niederq-300x225.jpg 300w, https:\/\/insideamateurfussball-ffm.de\/wp-content\/uploads\/2025\/03\/union-niederq-1024x768.jpg 1024w, https:\/\/insideamateurfussball-ffm.de\/wp-content\/uploads\/2025\/03\/union-niederq-768x576.jpg 768w, https:\/\/insideamateurfussball-ffm.de\/wp-content\/uploads\/2025\/03\/union-niederq-1536x1152.jpg 1536w\" sizes=\"auto, (max-width: 2048px) 100vw, 2048px\" \/><figcaption id=\"caption-attachment-24240\" class=\"wp-caption-text\">Die Mannschaft von Union Niederrad m\u00f6chte auch n\u00e4chste Saison viele Siege feiern. Foto: Archiv Verein<\/figcaption><\/figure>\n<p><img loading=\"lazy\" decoding=\"async\" class=\"alignnone size-full wp-image-38\" src=\"http:\/\/insideamateurfussball-ffm.de\/wp-content\/uploads\/2021\/11\/Union-Niederrad.jpg\" alt=\"\" width=\"80\" height=\"80\" \/><\/p>\n<p><strong><u>Was erwartet ihr von der neuen Saison, wie lautet euer Saisonziel?<\/u><\/strong><\/p>\n<p>Wir m\u00f6chten im oberen Drittel mitspielen und fr\u00fch nix mit dem Abstieg zu tun haben. Wir m\u00f6chten als Mannschaft weiter wachsen und uns verj\u00fcngen.<\/p>\n<p><strong><u>Welche Zu- und Abg\u00e4nge habt ihr Stand jetzt zu verzeichnen?<\/u><\/strong><\/p>\n<p>Zug\u00e4nge:<\/p>\n<ul>\n<li>Soharb Wahidi (FV Bad Vilbel)<\/li>\n<li>Laroi Weinbrenner (TV Hausen)<\/li>\n<li>Edmir Hasaj (Victoria Heldenbergen)<\/li>\n<li>David Knezovic (FC Croatia Frankfurt)<\/li>\n<li>Esmir Omerovic (VFR Kesselstadt)<\/li>\n<li>Stevan Radujkovic (FG Seckbach)<\/li>\n<li>Louay Lamrabat (SV Pars Neu-Isenburg)<\/li>\n<li>Hendrik Wolf (FSV Kloppenheim 1954 e.V.)<\/li>\n<li>Alex Opuku (aus Ghana)<\/li>\n<\/ul>\n<p>Abg\u00e4nge:<\/p>\n<ul>\n<li>Emir Drino (Karriereende)<\/li>\n<li>Marcel Radschuweit (Berufliche Auszeit)<\/li>\n<\/ul>\n<p><strong><u>Wer sind f\u00fcr euch die Favoriten in der Liga?<\/u><\/strong><\/p>\n<p>FC Croatia, SV Heddernheim, Spvgg Griesheim 02, TuS Makkabi<\/p>\n<p><strong><u>Wie ist Eure Meinung zur neuen Auswechselregelung in Hessens Amateurfu\u00dfball (5 Wechsel maximal inkl. R\u00fcckwechsel)?<\/u><\/strong><\/p>\n<p>Grunds\u00e4tzlich gut, aber man muss abwarten, wie sich das alles in der Praxis gestaltet.<\/p>\n<p><strong><u>Testspiele (nach fussball.de)<\/u><\/strong><\/p>\n<p>29.06.2025: FC Union Niederrad \u2013 Susgo Offenthal 1:5<\/p>\n<p>06.07.2025: FC Union Niederrad \u2013 FC 1957 Marxheim 3:7<\/p>\n<p>12.07.2025: FC Tempo \u2013 FC Union Niederrad 1:0<\/p>\n<p>13.07.2025: FC Union Niederrad \u2013 SV Griesheim Tarik 15:4<\/p>\n<p>18.07.2025: FC Union Niederrad \u2013 FC Kosova 0:2<\/p>\n<p>20.07.2025: FC Union Niederrad \u2013 SC Opel 06 R\u00fcsselsheim 8:3<\/p>\n<p>27.07.2025: FC Union Niederrad \u2013 BSC Kelsterbach 1:3<\/p>\n<p>03.08.2025, 15:00 Uhr: FC Union Niederrad \u2013 Concordia Eschersheim (1.Spieltag)<\/p>\n","protected":false},"excerpt":{"rendered":"<p>Letztes Jahr landete Union Niederrad in der Kreisoberliga Frankfurt auf einem guten 4.Tabellenplatz, dieses Jahr will man ebenfalls im oberen Tabellendrittel mitspielen. Die Fragen beantwortete der Pr\u00e4sident Khalid Lamjahed. Was erwartet ihr von der neuen Saison, wie lautet euer Saisonziel? Wir m\u00f6chten im oberen Drittel mitspielen und fr\u00fch nix mit dem Abstieg zu tun haben. [&hellip;]<\/p>\n","protected":false},"author":3,"featured_media":25698,"comment_status":"closed","ping_status":"open","sticky":true,"template":"","format":"standard","meta":{"footnotes":""},"categories":[2],"tags":[],"class_list":["post-26946","post","type-post","status-publish","format-standard","has-post-thumbnail","hentry","category-kreisoberliga-frankfurt"],"_links":{"self":[{"href":"https:\/\/insideamateurfussball-ffm.de\/index.php?rest_route=\/wp\/v2\/posts\/26946","targetHints":{"allow":["GET"]}}],"collection":[{"href":"https:\/\/insideamateurfussball-ffm.de\/index.php?rest_route=\/wp\/v2\/posts"}],"about":[{"href":"https:\/\/insideamateurfussball-ffm.de\/index.php?rest_route=\/wp\/v2\/types\/post"}],"author":[{"embeddable":true,"href":"https:\/\/insideamateurfussball-ffm.de\/index.php?rest_route=\/wp\/v2\/users\/3"}],"replies":[{"embeddable":true,"href":"https:\/\/insideamateurfussball-ffm.de\/index.php?rest_route=%2Fwp%2Fv2%2Fcomments&post=26946"}],"version-history":[{"count":1,"href":"https:\/\/insideamateurfussball-ffm.de\/index.php?rest_route=\/wp\/v2\/posts\/26946\/revisions"}],"predecessor-version":[{"id":26947,"href":"https:\/\/insideamateurfussball-ffm.de\/index.php?rest_route=\/wp\/v2\/posts\/26946\/revisions\/26947"}],"wp:featuredmedia":[{"embeddable":true,"href":"https:\/\/insideamateurfussball-ffm.de\/index.php?rest_route=\/wp\/v2\/media\/25698"}],"wp:attachment":[{"href":"https:\/\/insideamateurfussball-ffm.de\/index.php?rest_route=%2Fwp%2Fv2%2Fmedia&parent=26946"}],"wp:term":[{"taxonomy":"category","embeddable":true,"href":"https:\/\/insideamateurfussball-ffm.de\/index.php?rest_route=%2Fwp%2Fv2%2Fcategories&post=26946"},{"taxonomy":"post_tag","embeddable":true,"href":"https:\/\/insideamateurfussball-ffm.de\/index.php?rest_route=%2Fwp%2Fv2%2Ftags&post=26946"}],"curies":[{"name":"wp","href":"https:\/\/api.w.org\/{rel}","templated":true}]}}