{"id":26941,"date":"2025-07-29T10:11:26","date_gmt":"2025-07-29T09:11:26","guid":{"rendered":"https:\/\/insideamateurfussball-ffm.de\/?p=26941"},"modified":"2025-07-29T10:11:26","modified_gmt":"2025-07-29T09:11:26","slug":"aufsteiger-westend-moechte-einstelligen-tabellenplatz","status":"publish","type":"post","link":"https:\/\/insideamateurfussball-ffm.de\/?p=26941","title":{"rendered":"Aufsteiger Westend m\u00f6chte einstelligen Tabellenplatz"},"content":{"rendered":"<h4>Mit 30 Siegen und nur zwei Niederlagen stieg die SG Westend wieder in die Kreisoberliga auf und m\u00f6chte einen einstelligen Tabellenplatz erreichen. Die Fragen beantwortete uns Trainer Vait Arslanoski.<\/h4>\n<figure id=\"attachment_25184\" aria-describedby=\"caption-attachment-25184\" style=\"width: 1080px\" class=\"wp-caption alignnone\"><img loading=\"lazy\" decoding=\"async\" class=\"wp-image-25184 size-full\" src=\"http:\/\/insideamateurfussball-ffm.de\/wp-content\/uploads\/2025\/04\/Westend-Meister.jpg\" alt=\"\" width=\"1080\" height=\"678\" srcset=\"https:\/\/insideamateurfussball-ffm.de\/wp-content\/uploads\/2025\/04\/Westend-Meister.jpg 1080w, https:\/\/insideamateurfussball-ffm.de\/wp-content\/uploads\/2025\/04\/Westend-Meister-300x188.jpg 300w, https:\/\/insideamateurfussball-ffm.de\/wp-content\/uploads\/2025\/04\/Westend-Meister-1024x643.jpg 1024w, https:\/\/insideamateurfussball-ffm.de\/wp-content\/uploads\/2025\/04\/Westend-Meister-768x482.jpg 768w\" sizes=\"auto, (max-width: 1080px) 100vw, 1080px\" \/><figcaption id=\"caption-attachment-25184\" class=\"wp-caption-text\">Bereits fr\u00fchzeitig konnte Westend die Meisterschaft feiern. Foto: Archiv Verein<\/figcaption><\/figure>\n<p><img loading=\"lazy\" decoding=\"async\" class=\"alignnone size-full wp-image-611\" src=\"http:\/\/insideamateurfussball-ffm.de\/wp-content\/uploads\/2022\/06\/Westend.png\" alt=\"\" width=\"69\" height=\"80\" \/><\/p>\n<p><strong><u>Was erwartet ihr von der neuen Saison, wie lautet euer Saisonziel?<\/u><\/strong><\/p>\n<p>Verletzungsfrei und einstelliger Tabellenplatz<\/p>\n<p><strong><u>Welche Zu- und Abg\u00e4nge habt ihr Stand jetzt zu verzeichnen?<\/u><\/strong><\/p>\n<p>Zug\u00e4nge:<\/p>\n<ul>\n<li>\u2060 Akaouch Salim (T\u00fcrkg\u00fcc\u00fc Dietzenbach)<\/li>\n<li>Hamza Samiri, Mert Sayan, Ricardo Mankowski (SC Riedberg)<\/li>\n<li>Ahmed Nadim (BSC Frankfurt)<\/li>\n<li>Yunus Karadag, Luka Radosavljevic (KSV Klein Karben U19)<\/li>\n<li>Raymond Williams (1 Jahr Pause davor Rot Wei\u00df Frankfurt)<\/li>\n<li>Nahom Tewoldeberhan (Blau-Gelb Frankfurt)<\/li>\n<li>Yassine koubaa (Fechenheim 03)<\/li>\n<\/ul>\n<p>Abg\u00e4nge:<\/p>\n<ul>\n<li>Bennet Karrer (T\u00fcrk. SV Bad Nauheim)<\/li>\n<li>Romal Naziri (FSC Echborn)<\/li>\n<li>Theo Wedel (R\u00f6delheim)<\/li>\n<li>Ivan Hartmann Bogdan (Riedberger SV)<\/li>\n<li>Sadat Izberovic (Karriere Ende)<\/li>\n<\/ul>\n<p><strong><u>Wer sind f\u00fcr euch die Favoriten in der Liga?<\/u><\/strong><\/p>\n<p>Griesheim 02, Heddernheim, Gudesding<\/p>\n<p><strong><u>Wie ist Eure Meinung zur neuen Auswechselregelung in Hessens Amateurfu\u00dfball (5 Wechsel maximal inkl. R\u00fcckwechsel)?<\/u><\/strong><\/p>\n<p>Endlich, ich finde es sehr gut.<\/p>\n<p><strong><u>Testspiele (nach fussball.de)<\/u><\/strong><\/p>\n<p>06.07.2025: SG Westend \u2013 SC Ober-Rosbach 2:2<\/p>\n<p>09.07.2025: T\u00fcrkg\u00fcc\u00fc Frankfurt \u2013 SG Westend 5:1<\/p>\n<p>17.07.2025: SG Westend \u2013 FC T\u00fcrk G\u00fcc\u00fc Dietzenbach 5:2<\/p>\n<p>20.07.2025: SC Riedberg \u2013 SG Westend 4:0<\/p>\n<p>27.07.2025: SG Westend \u2013 TuS Nieder-Eschbach 3:1<\/p>\n<p>03.08.2025, 15:00 Uhr: SG Westend \u2013 1. R\u00f6delheimer FC 02 (1.Spieltag)<\/p>\n","protected":false},"excerpt":{"rendered":"<p>Mit 30 Siegen und nur zwei Niederlagen stieg die SG Westend wieder in die Kreisoberliga auf und m\u00f6chte einen einstelligen Tabellenplatz erreichen. Die Fragen beantwortete uns Trainer Vait Arslanoski. Was erwartet ihr von der neuen Saison, wie lautet euer Saisonziel? Verletzungsfrei und einstelliger Tabellenplatz Welche Zu- und Abg\u00e4nge habt ihr Stand jetzt zu verzeichnen? Zug\u00e4nge: [&hellip;]<\/p>\n","protected":false},"author":3,"featured_media":25184,"comment_status":"closed","ping_status":"open","sticky":true,"template":"","format":"standard","meta":{"footnotes":""},"categories":[2],"tags":[],"class_list":["post-26941","post","type-post","status-publish","format-standard","has-post-thumbnail","hentry","category-kreisoberliga-frankfurt"],"_links":{"self":[{"href":"https:\/\/insideamateurfussball-ffm.de\/index.php?rest_route=\/wp\/v2\/posts\/26941","targetHints":{"allow":["GET"]}}],"collection":[{"href":"https:\/\/insideamateurfussball-ffm.de\/index.php?rest_route=\/wp\/v2\/posts"}],"about":[{"href":"https:\/\/insideamateurfussball-ffm.de\/index.php?rest_route=\/wp\/v2\/types\/post"}],"author":[{"embeddable":true,"href":"https:\/\/insideamateurfussball-ffm.de\/index.php?rest_route=\/wp\/v2\/users\/3"}],"replies":[{"embeddable":true,"href":"https:\/\/insideamateurfussball-ffm.de\/index.php?rest_route=%2Fwp%2Fv2%2Fcomments&post=26941"}],"version-history":[{"count":2,"href":"https:\/\/insideamateurfussball-ffm.de\/index.php?rest_route=\/wp\/v2\/posts\/26941\/revisions"}],"predecessor-version":[{"id":26943,"href":"https:\/\/insideamateurfussball-ffm.de\/index.php?rest_route=\/wp\/v2\/posts\/26941\/revisions\/26943"}],"wp:featuredmedia":[{"embeddable":true,"href":"https:\/\/insideamateurfussball-ffm.de\/index.php?rest_route=\/wp\/v2\/media\/25184"}],"wp:attachment":[{"href":"https:\/\/insideamateurfussball-ffm.de\/index.php?rest_route=%2Fwp%2Fv2%2Fmedia&parent=26941"}],"wp:term":[{"taxonomy":"category","embeddable":true,"href":"https:\/\/insideamateurfussball-ffm.de\/index.php?rest_route=%2Fwp%2Fv2%2Fcategories&post=26941"},{"taxonomy":"post_tag","embeddable":true,"href":"https:\/\/insideamateurfussball-ffm.de\/index.php?rest_route=%2Fwp%2Fv2%2Ftags&post=26941"}],"curies":[{"name":"wp","href":"https:\/\/api.w.org\/{rel}","templated":true}]}}