{"id":26910,"date":"2025-07-28T21:06:28","date_gmt":"2025-07-28T20:06:28","guid":{"rendered":"https:\/\/insideamateurfussball-ffm.de\/?p=26910"},"modified":"2025-07-28T21:06:28","modified_gmt":"2025-07-28T20:06:28","slug":"in-modefarbe-grau-spielt-heddernheim-gross-auf","status":"publish","type":"post","link":"https:\/\/insideamateurfussball-ffm.de\/?p=26910","title":{"rendered":"In Modefarbe grau spielt Heddernheim gro\u00df auf"},"content":{"rendered":"<h4>In der Modefarbe grau spielte der neuformierte SV 07 Heddernheim eine gute Vorbereitung, holte drei Siege, ein Remis und verlor nur einmal gegen die starken Rheinl\u00e4nder von Borussia Niederro\u00dfbach (0:6). Im letzten Test beim FC Karben II gab es einen souver\u00e4nen 5:1-Ausw\u00e4rtssieg. Nun geht die Mannschaft voller Zuversicht ins brisante erste Punktspiel beim Rivalen SV Viktoria Preu\u00dfen (Sonntag, 15 Uhr).<\/h4>\n<figure id=\"attachment_26911\" aria-describedby=\"caption-attachment-26911\" style=\"width: 2048px\" class=\"wp-caption alignnone\"><img loading=\"lazy\" decoding=\"async\" class=\"wp-image-26911 size-full\" src=\"http:\/\/insideamateurfussball-ffm.de\/wp-content\/uploads\/2025\/07\/Grau-Hedd.jpg\" alt=\"\" width=\"2048\" height=\"1536\" srcset=\"https:\/\/insideamateurfussball-ffm.de\/wp-content\/uploads\/2025\/07\/Grau-Hedd.jpg 2048w, https:\/\/insideamateurfussball-ffm.de\/wp-content\/uploads\/2025\/07\/Grau-Hedd-300x225.jpg 300w, https:\/\/insideamateurfussball-ffm.de\/wp-content\/uploads\/2025\/07\/Grau-Hedd-1024x768.jpg 1024w, https:\/\/insideamateurfussball-ffm.de\/wp-content\/uploads\/2025\/07\/Grau-Hedd-768x576.jpg 768w, https:\/\/insideamateurfussball-ffm.de\/wp-content\/uploads\/2025\/07\/Grau-Hedd-1536x1152.jpg 1536w\" sizes=\"auto, (max-width: 2048px) 100vw, 2048px\" \/><figcaption id=\"caption-attachment-26911\" class=\"wp-caption-text\">Die graue Spielkleidung hat es der Mannschaft des SV 07 angetan. Foto: PA.<\/figcaption><\/figure>\n<h4>FC Karben II &#8211; SV 07 Heddernheim 1:5 (1:4)<\/h4>\n<h4><img loading=\"lazy\" decoding=\"async\" class=\"alignnone size-full wp-image-2525\" src=\"http:\/\/insideamateurfussball-ffm.de\/wp-content\/uploads\/2022\/09\/karben.jpg\" alt=\"\" width=\"65\" height=\"80\" \/><img loading=\"lazy\" decoding=\"async\" class=\"alignnone size-full wp-image-302\" src=\"http:\/\/insideamateurfussball-ffm.de\/wp-content\/uploads\/2022\/05\/1sv07_news2_4511-1.jpg\" alt=\"\" width=\"80\" height=\"80\" \/><\/h4>\n<p>Im Modetrend auf Kurs &#8211; die Farbe grau dominiert derzeit beim SV 07. Zum f\u00fcnften Mal in Folge spielten die Heddernheimer in den von den Vereinsfarben abweichenden neuen Trikots. Die klassischen traditionellen Farben Gr\u00fcn-Wei\u00df treten derzeit in den Hintergrund. Nicht allen gef\u00e4llt das, aber die Mannschaft scheint sich in der neuen Ausstattung wohl zu f\u00fchlen. Das zeigten die Fu\u00dfballer von der Br\u00fchlwiese auch am altehrw\u00fcrdigen G\u00fcnter-Reutzel-Sportfeld bei gewittrigen Regenf\u00e4llen. Bereitwillig posierte das Ensemble zu einem Mannschaftsfoto vor der Partie, dann legte man unter der Regie von Philipp Siegel offensiv los. Die Angriffe rollten auf das Tor der Karbener Zweitvertretung und die Tore sollten fr\u00fch und zahlreich fallen.<\/p>\n<p>Denn vorne scheint Cherano Willef\u00fchr rechtzeitig zur neuen Saison seinen Torinstinkt wiedergefunden zu haben. Auf Zuspiel des agilen \u00d6mer G\u00fcng\u00f6r traf der Mittelst\u00fcrmer zum 1:0 (11.) und lie\u00df nur zwei Minuten danach auf Vorlage von Dogan Nazim Erbulan das 2:0 folgen (13.). Selbst lautes Donnergrollen und vereinzelte Blitze am Himmel konnten den SVH-Express nicht aufhalten. Marco Yatci bl\u00fchte an alter Wirkungsst\u00e4tte in der Wetterau auf, empfahl sich mit dem 3:0 (23.) f\u00fcr einen Startplatz im ersten Punktspiel. W\u00e4hrend die Abwehrarbeit solide durchgef\u00fchrt wurde, zeigte der aufr\u00fcckende Innenverteidiger Ayman Gasoos seine Kopfballst\u00e4rke und nickte nach einem Eckball zum vierten Treffer ein (35.).<\/p>\n<blockquote>\n<h4>Formstarker Cherano Willef\u00fchr mit drei Toren<\/h4>\n<\/blockquote>\n<p>Die Platzherren waren bis dato nicht auf der H\u00f6he, bekamen aber Sekunden vor der Pause einen Foulelfmeter zugesprochen, den Kapit\u00e4n Robin Schmidt verwandelte (45.). Nach der Pause blieb die einzige Konstante der Regen, das Gewitter zog gen Osten und das Spiel verflachte und wurde ausgeglichener. Heddernheim brachte noch die drei mitgebrachten Auswechselspieler, auf R\u00fcckwechsel jeglicher Art verzichtete Siegel, der erneut sehr akribisch und lautstark von der Seitenlinie dirigierte. Am Ende fiel noch das dritte Tor durch den formstarken Cherano, der seine Leistenprobleme \u00fcberwunden zu haben scheint (86.).<\/p>\n<p>&#8222;Ich bin sehr zufrieden mit der Leistung von allen Jungs, die alles als Mannschaft sehr gut umgesetzt haben. Wir mussten viel marschieren und arbeiten, das geht nur geschlossen als Mannschaft. So geht der Sieg auch in der H\u00f6he in Ordnung. Vorne haben Cherano und Marco sehr gut harmoniert, die Tore waren toll und in der Summe hat das gut gepasst. In der Defensive waren wir sicher, arbeiten gut gegen den Ball.&#8220; Siegel gibt das Zepter ungeschlagen wieder an Chefcoach Andreas Berggold ab. &#8222;Er hat ja schon den Grundstein gelegt, ich habe seine Sache nur weitergef\u00fchrt. Es hat Spa\u00df gemacht&#8220;, blieb der Kapit\u00e4n von 2012 bis 2024 bescheiden.<\/p>\n<blockquote>\n<h4>Schiedsrichter: Udo Sang (KSG B\u00f6nstadt). Zuschauer: 72.<\/h4>\n<h4>Tore: 0:1, 0:2 Cherano Willef\u00fchr (11.\/13.), 0:3 Marco Yatci (23.), 0:4 Ayman Gasoos (35.), 1:4 Robin Schmidt (45.\/Foulelfmeter), 1:5 Cherano Willef\u00fchr (86.).<\/h4>\n<\/blockquote>\n<h4><\/h4>\n","protected":false},"excerpt":{"rendered":"<p>In der Modefarbe grau spielte der neuformierte SV 07 Heddernheim eine gute Vorbereitung, holte drei Siege, ein Remis und verlor nur einmal gegen die starken Rheinl\u00e4nder von Borussia Niederro\u00dfbach (0:6). Im letzten Test beim FC Karben II gab es einen souver\u00e4nen 5:1-Ausw\u00e4rtssieg. Nun geht die Mannschaft voller Zuversicht ins brisante erste Punktspiel beim Rivalen SV [&hellip;]<\/p>\n","protected":false},"author":1,"featured_media":26911,"comment_status":"closed","ping_status":"closed","sticky":true,"template":"","format":"standard","meta":{"footnotes":""},"categories":[21],"tags":[],"class_list":["post-26910","post","type-post","status-publish","format-standard","has-post-thumbnail","hentry","category-testspiele"],"_links":{"self":[{"href":"https:\/\/insideamateurfussball-ffm.de\/index.php?rest_route=\/wp\/v2\/posts\/26910","targetHints":{"allow":["GET"]}}],"collection":[{"href":"https:\/\/insideamateurfussball-ffm.de\/index.php?rest_route=\/wp\/v2\/posts"}],"about":[{"href":"https:\/\/insideamateurfussball-ffm.de\/index.php?rest_route=\/wp\/v2\/types\/post"}],"author":[{"embeddable":true,"href":"https:\/\/insideamateurfussball-ffm.de\/index.php?rest_route=\/wp\/v2\/users\/1"}],"replies":[{"embeddable":true,"href":"https:\/\/insideamateurfussball-ffm.de\/index.php?rest_route=%2Fwp%2Fv2%2Fcomments&post=26910"}],"version-history":[{"count":1,"href":"https:\/\/insideamateurfussball-ffm.de\/index.php?rest_route=\/wp\/v2\/posts\/26910\/revisions"}],"predecessor-version":[{"id":26912,"href":"https:\/\/insideamateurfussball-ffm.de\/index.php?rest_route=\/wp\/v2\/posts\/26910\/revisions\/26912"}],"wp:featuredmedia":[{"embeddable":true,"href":"https:\/\/insideamateurfussball-ffm.de\/index.php?rest_route=\/wp\/v2\/media\/26911"}],"wp:attachment":[{"href":"https:\/\/insideamateurfussball-ffm.de\/index.php?rest_route=%2Fwp%2Fv2%2Fmedia&parent=26910"}],"wp:term":[{"taxonomy":"category","embeddable":true,"href":"https:\/\/insideamateurfussball-ffm.de\/index.php?rest_route=%2Fwp%2Fv2%2Fcategories&post=26910"},{"taxonomy":"post_tag","embeddable":true,"href":"https:\/\/insideamateurfussball-ffm.de\/index.php?rest_route=%2Fwp%2Fv2%2Ftags&post=26910"}],"curies":[{"name":"wp","href":"https:\/\/api.w.org\/{rel}","templated":true}]}}