{"id":26868,"date":"2025-07-27T19:46:04","date_gmt":"2025-07-27T18:46:04","guid":{"rendered":"https:\/\/insideamateurfussball-ffm.de\/?p=26868"},"modified":"2025-07-27T20:59:19","modified_gmt":"2025-07-27T19:59:19","slug":"seckbach-im-hessenpokal-eine-runde-weiter","status":"publish","type":"post","link":"https:\/\/insideamateurfussball-ffm.de\/?p=26868","title":{"rendered":"Seckbach im Hessenpokal eine Runde weiter"},"content":{"rendered":"<h4>Die FG Seckbach schlug in der ersten Runde des Hessenpokals den Verbandsligisten Sportfreunde Seligenstadt nach einem packenden Pokalspiel mit einigen Ungereimtheiten mit 7:6 n.E. und hat sich f\u00fcr die zweite Runde qualifiziert.<\/h4>\n<figure id=\"attachment_26876\" aria-describedby=\"caption-attachment-26876\" style=\"width: 2016px\" class=\"wp-caption alignnone\"><img loading=\"lazy\" decoding=\"async\" class=\"wp-image-26876 size-full\" src=\"http:\/\/insideamateurfussball-ffm.de\/wp-content\/uploads\/2025\/07\/seckbachseligenstadt07.jpg\" alt=\"\" width=\"2016\" height=\"1512\" srcset=\"https:\/\/insideamateurfussball-ffm.de\/wp-content\/uploads\/2025\/07\/seckbachseligenstadt07.jpg 2016w, https:\/\/insideamateurfussball-ffm.de\/wp-content\/uploads\/2025\/07\/seckbachseligenstadt07-300x225.jpg 300w, https:\/\/insideamateurfussball-ffm.de\/wp-content\/uploads\/2025\/07\/seckbachseligenstadt07-1024x768.jpg 1024w, https:\/\/insideamateurfussball-ffm.de\/wp-content\/uploads\/2025\/07\/seckbachseligenstadt07-768x576.jpg 768w, https:\/\/insideamateurfussball-ffm.de\/wp-content\/uploads\/2025\/07\/seckbachseligenstadt07-1536x1152.jpg 1536w\" sizes=\"auto, (max-width: 2016px) 100vw, 2016px\" \/><figcaption id=\"caption-attachment-26876\" class=\"wp-caption-text\">Die Seckbacher Jubeltraube nach dem Sieg gegen Seligenstadt. Foto: MZ<\/figcaption><\/figure>\n<h4>FG Seckbach &#8211; Sportfreunde Seligenstadt 7:6 n.E. (1:1;2:2)\u00a0<\/h4>\n<p><img loading=\"lazy\" decoding=\"async\" class=\"alignnone size-full wp-image-544\" src=\"http:\/\/insideamateurfussball-ffm.de\/wp-content\/uploads\/2022\/06\/Seckbach.jpg\" alt=\"\" width=\"80\" height=\"80\" \/><img loading=\"lazy\" decoding=\"async\" class=\"alignnone size-full wp-image-2324\" src=\"http:\/\/insideamateurfussball-ffm.de\/wp-content\/uploads\/2022\/08\/Seligen.jpg\" alt=\"\" width=\"72\" height=\"80\" \/><\/p>\n<p>Das Wetter hatte ein Einsehen mit den Seckbachern, die in ihrer 123-j\u00e4hrigen Vereinsgeschichte zum ersten Mal im Hessenpokal antraten. P\u00fcnktlich zu Spielbeginn h\u00f6rte der Regen auf und fing erst weit nach Spielschluss wieder an.<\/p>\n<p>Der Favorit aus Seligenstadt dominierte am Anfang die Partie und ging in der 16.Minute dann auch folgerichtig mit 1:0 in F\u00fchrung, nach einer Hereingabe von Marvin Heinz war Sioh Kim erfolgreich. Die Gastgeber kamen nur langsam in Schwung, die erste Chance hatte Nick B\u00f6ff in der 24.Minute, der aus spitzem Winkel am gegnerischen Torwart scheiterte. In der 30.Minute dann der Ausgleich f\u00fcr den Au\u00dfenseiter, ein Freisto\u00df auf der linken Seite wurde kurz gespielt, die folgende Flanke erreichte den Kopf von Florian Schuberth, der mit einem Aufsetzer das 1:1 erzielte, dabei blieb es auch bis zum Seitenwechsel.<\/p>\n<p>In der zweiten H\u00e4lfte war die Partie ausgeglichen mit Spielvorteilen f\u00fcr den Verbandsligisten, in der 78. und 79. Minute dann eine Doppelchance f\u00fcr Seckbach, erst schoss B\u00f6ff aus spitzem Winkel am langen Pfosten vorbei, dann landete ein Schuss von Schuberth aus 40 Metern knapp neben dem Tor. Danach gab es trotz einiger Widerspr\u00fcchlichkeiten eine Verl\u00e4ngerung, von den Trainern h\u00f6rte man nur, man habe sich auf eine Verl\u00e4ngerung geeinigt, was bei Kreispokalspielen auch \u00fcblich ist.\u00a0<\/p>\n<p>In der Verl\u00e4ngerung ging Seligenstadt in der 104.Minute durch ein weiteres Tor von Sioh Lim mit 2:1 in F\u00fchrung, es dauerte bis zur letzten Minute der Verl\u00e4ngerung, als es einen Handelfmeter f\u00fcr die Gastgeber gab. Schuberth nahm sich das Leder und erzielte mit Hilfe des Innenpfostens den 2:2-Ausgleich, so kam es doch zum Elfmeterschie\u00dfen.<\/p>\n<p>In diesem trafen die jeweils ersten vier Sch\u00fctzen beider Mannschaften, bis dann Seligenstadts Niklas Scherg an Seckbachs Torh\u00fcter Lange scheiterte. Den letzten Elfmeter verwandelte dann Seckbachs Kapit\u00e4n Milad Wardak zum Pokalsieg der Seckbacher.<\/p>\n<p>Seckbachs Spielertrainer Manuel May zum Spiel: \u201e\u00dcberragend, Gl\u00fcckwunsch ans Team. Nach 15 Minuten war es, glaube ich, auch ein ebenb\u00fcrtiges Spiel gewesen. Vorher haben wir schon gemerkt, welche Qualit\u00e4t der Gegner hat, die sie dann auch an den Tag gelegt haben. Ich glaube, so ab der 20.Minute sind wir dann richtig gut im Spiel drin gewesen. Hinten heraus, auch wenn es die 120.Minute war, doch verdient, dass es ins Elfmeterschie\u00dfen geht. Elfmeterschie\u00dfen ist eine Lotterie, ich wusste nicht, dass meine Jungs so sicher sind, weil wir haben es nicht trainiert. Wahnsinn, dass man zum ersten Mal in der Vereinsgeschichte so etwas spielen darf und dann auch noch eine Runde weiterkommt. Und unverdient war es jetzt nicht, klar hatten wir weniger Ballbesitz, aber wir hatten unsere M\u00f6glichkeiten vorne gehabt.\u201c<\/p>\n<p>In der zweiten Runde werden jetzt wieder vier Vereine nach regionalen Gesichtspunkten in eine Gruppe gesteckt, aus der dann jeweils zwei Partien gelost werden. Aus regionaler Sicht k\u00f6nnten vielleicht Bayern Alzenau, der 1.FCA Darmstadt oder auch Germania Ober-Roden im Lostopf sein.<\/p>\n<h3>H\u00e4tte die Verl\u00e4ngerung gespielt werden d\u00fcrfen?<\/h3>\n<p>Diskussionen gab es dar\u00fcber, ob \u00fcberhaupt die Verl\u00e4ngerung nach den Regularien des Hessenpokals h\u00e4tte gespielt werden d\u00fcrfen. Die Trainer meinten, sie h\u00e4tten sich vor dem Spiel darauf geeinigt, doch das gibt es nur im Kreispokal.<\/p>\n<p>In den Durchf\u00fchrungsbestimmungen f\u00fcr den Hessenpokal aus letztem Jahr gibt es folgende Passage: \u201eEndet ein Spiel des Krombacher-Hessenpokals nach der regul\u00e4ren Spielzeit unentschieden, entf\u00e4llt gem\u00e4\u00df Anhang 2 zu Satzung und Ordnungen Nr. 2 Buchstabe a) die Verl\u00e4ngerung und das Spiel wird sofort durch ein Elfmeterschie\u00dfen entschieden.\u201c<\/p>\n<p>In der Spielordnung f\u00fcr die Saison 2025\/26 steht in \u00a776.3: \u201eWenn ein Pokalspiel nach der regul\u00e4ren Spielzeit unentschieden endet, wird es grunds\u00e4tzlich um 2 x 15 Minuten verl\u00e4ngert. Ist nach der Verl\u00e4ngerung keine Entscheidung gefallen, wird diese durch Elfmeterschie\u00dfen herbeigef\u00fchrt. Abweichende Regelungen auf einen Verzicht der Verl\u00e4ngerung k\u00f6nnen in den Durchf\u00fchrungsbestimmungen festgelegt werden.\u201c<\/p>\n<p>Die Durchf\u00fchrungsbestimmungen f\u00fcr den Hessenpokal 2025\/26 konnten von uns nicht eingesehen werden, ein Telefonat beim Pokalspielleiter des HFV, Matthias Schmelz, ergab aber die Auskunft, dass es keine Verl\u00e4ngerung im Hessenpokal g\u00e4be. Hoffen wir, dass es beim Ergebnis und dem Einzug der FG Seckbach in die zweite Runde bleibt, Manuel May sagte uns: \u201eNico Wegmann hat mir die Hand darauf gegeben, dass es bei dem Ergebnis bleibt.\u201c Schlie\u00dflich wurde das Spiel ja doch durch Elfmeterschie\u00dfen entschieden.<\/p>\n<h4>Schiedsrichter: Dominik Ro\u00df (TSV 1909 Lengfeld). Zuschauer: 220.<\/h4>\n<h4>Tore: 0:1 Sioh Lim (16.), 1:1 Florian Schuberth (30.), 1:2 Sioh Lim (104.), 2:2 Florian Schuberth (120.+1, Handelfmeter)<\/h4>\n<h4>Elfmeterschie\u00dfen: 2:3 Johannes Pex, 3:3 Christoph Lange, 3:4 Tolga Talha \u00dcnal, 4:4 Florian Schuberth, 4:5 Marvin Heinz, 5:5 Paul Harmann, 5:6 Egson Gashi, 6:6 Shuya Harada, TW Lange h\u00e4lt gegen Niklas Scherg, 7:6 Milad Wardak<\/h4>\n\n\n<figure class=\"wp-block-image size-large\"><img loading=\"lazy\" decoding=\"async\" width=\"1024\" height=\"768\" src=\"http:\/\/insideamateurfussball-ffm.de\/wp-content\/uploads\/2025\/07\/seckbachseligenstadt01-1024x768.jpg\" alt=\"\" class=\"wp-image-26870\" srcset=\"https:\/\/insideamateurfussball-ffm.de\/wp-content\/uploads\/2025\/07\/seckbachseligenstadt01-1024x768.jpg 1024w, https:\/\/insideamateurfussball-ffm.de\/wp-content\/uploads\/2025\/07\/seckbachseligenstadt01-300x225.jpg 300w, https:\/\/insideamateurfussball-ffm.de\/wp-content\/uploads\/2025\/07\/seckbachseligenstadt01-768x576.jpg 768w, https:\/\/insideamateurfussball-ffm.de\/wp-content\/uploads\/2025\/07\/seckbachseligenstadt01-1536x1152.jpg 1536w, https:\/\/insideamateurfussball-ffm.de\/wp-content\/uploads\/2025\/07\/seckbachseligenstadt01.jpg 2016w\" sizes=\"auto, (max-width: 1024px) 100vw, 1024px\" \/><\/figure>\n\n\n\n<figure class=\"wp-block-image size-large\"><img loading=\"lazy\" decoding=\"async\" width=\"1024\" height=\"768\" src=\"http:\/\/insideamateurfussball-ffm.de\/wp-content\/uploads\/2025\/07\/seckbachseligenstadt00-1024x768.jpg\" alt=\"\" class=\"wp-image-26869\" srcset=\"https:\/\/insideamateurfussball-ffm.de\/wp-content\/uploads\/2025\/07\/seckbachseligenstadt00-1024x768.jpg 1024w, https:\/\/insideamateurfussball-ffm.de\/wp-content\/uploads\/2025\/07\/seckbachseligenstadt00-300x225.jpg 300w, https:\/\/insideamateurfussball-ffm.de\/wp-content\/uploads\/2025\/07\/seckbachseligenstadt00-768x576.jpg 768w, https:\/\/insideamateurfussball-ffm.de\/wp-content\/uploads\/2025\/07\/seckbachseligenstadt00-1536x1152.jpg 1536w, https:\/\/insideamateurfussball-ffm.de\/wp-content\/uploads\/2025\/07\/seckbachseligenstadt00.jpg 2016w\" sizes=\"auto, (max-width: 1024px) 100vw, 1024px\" \/><\/figure>\n\n\n\n<figure class=\"wp-block-image size-large\"><img loading=\"lazy\" decoding=\"async\" width=\"1024\" height=\"768\" src=\"http:\/\/insideamateurfussball-ffm.de\/wp-content\/uploads\/2025\/07\/seckbachseligenstadt02-1024x768.jpg\" alt=\"\" class=\"wp-image-26871\" srcset=\"https:\/\/insideamateurfussball-ffm.de\/wp-content\/uploads\/2025\/07\/seckbachseligenstadt02-1024x768.jpg 1024w, https:\/\/insideamateurfussball-ffm.de\/wp-content\/uploads\/2025\/07\/seckbachseligenstadt02-300x225.jpg 300w, https:\/\/insideamateurfussball-ffm.de\/wp-content\/uploads\/2025\/07\/seckbachseligenstadt02-768x576.jpg 768w, https:\/\/insideamateurfussball-ffm.de\/wp-content\/uploads\/2025\/07\/seckbachseligenstadt02-1536x1152.jpg 1536w, https:\/\/insideamateurfussball-ffm.de\/wp-content\/uploads\/2025\/07\/seckbachseligenstadt02.jpg 2016w\" sizes=\"auto, (max-width: 1024px) 100vw, 1024px\" \/><\/figure>\n\n\n\n<figure class=\"wp-block-image size-large\"><img loading=\"lazy\" decoding=\"async\" width=\"1024\" height=\"768\" src=\"http:\/\/insideamateurfussball-ffm.de\/wp-content\/uploads\/2025\/07\/seckbachseligenstadt03-1024x768.jpg\" alt=\"\" class=\"wp-image-26872\" srcset=\"https:\/\/insideamateurfussball-ffm.de\/wp-content\/uploads\/2025\/07\/seckbachseligenstadt03-1024x768.jpg 1024w, https:\/\/insideamateurfussball-ffm.de\/wp-content\/uploads\/2025\/07\/seckbachseligenstadt03-300x225.jpg 300w, https:\/\/insideamateurfussball-ffm.de\/wp-content\/uploads\/2025\/07\/seckbachseligenstadt03-768x576.jpg 768w, https:\/\/insideamateurfussball-ffm.de\/wp-content\/uploads\/2025\/07\/seckbachseligenstadt03-1536x1152.jpg 1536w, https:\/\/insideamateurfussball-ffm.de\/wp-content\/uploads\/2025\/07\/seckbachseligenstadt03.jpg 2016w\" sizes=\"auto, (max-width: 1024px) 100vw, 1024px\" \/><\/figure>\n\n\n\n<figure class=\"wp-block-image size-large\"><img loading=\"lazy\" decoding=\"async\" width=\"1024\" height=\"768\" src=\"http:\/\/insideamateurfussball-ffm.de\/wp-content\/uploads\/2025\/07\/seckbachseligenstadt04-1024x768.jpg\" alt=\"\" class=\"wp-image-26873\" srcset=\"https:\/\/insideamateurfussball-ffm.de\/wp-content\/uploads\/2025\/07\/seckbachseligenstadt04-1024x768.jpg 1024w, https:\/\/insideamateurfussball-ffm.de\/wp-content\/uploads\/2025\/07\/seckbachseligenstadt04-300x225.jpg 300w, https:\/\/insideamateurfussball-ffm.de\/wp-content\/uploads\/2025\/07\/seckbachseligenstadt04-768x576.jpg 768w, https:\/\/insideamateurfussball-ffm.de\/wp-content\/uploads\/2025\/07\/seckbachseligenstadt04-1536x1152.jpg 1536w, https:\/\/insideamateurfussball-ffm.de\/wp-content\/uploads\/2025\/07\/seckbachseligenstadt04.jpg 2016w\" sizes=\"auto, (max-width: 1024px) 100vw, 1024px\" \/><\/figure>\n\n\n\n<figure class=\"wp-block-image size-large\"><img loading=\"lazy\" decoding=\"async\" width=\"1024\" height=\"768\" src=\"http:\/\/insideamateurfussball-ffm.de\/wp-content\/uploads\/2025\/07\/seckbachseligenstadt05-1024x768.jpg\" alt=\"\" class=\"wp-image-26874\" srcset=\"https:\/\/insideamateurfussball-ffm.de\/wp-content\/uploads\/2025\/07\/seckbachseligenstadt05-1024x768.jpg 1024w, https:\/\/insideamateurfussball-ffm.de\/wp-content\/uploads\/2025\/07\/seckbachseligenstadt05-300x225.jpg 300w, https:\/\/insideamateurfussball-ffm.de\/wp-content\/uploads\/2025\/07\/seckbachseligenstadt05-768x576.jpg 768w, https:\/\/insideamateurfussball-ffm.de\/wp-content\/uploads\/2025\/07\/seckbachseligenstadt05-1536x1152.jpg 1536w, https:\/\/insideamateurfussball-ffm.de\/wp-content\/uploads\/2025\/07\/seckbachseligenstadt05.jpg 2016w\" sizes=\"auto, (max-width: 1024px) 100vw, 1024px\" \/><\/figure>\n\n\n\n<figure class=\"wp-block-image size-large\"><img loading=\"lazy\" decoding=\"async\" width=\"1024\" height=\"768\" src=\"http:\/\/insideamateurfussball-ffm.de\/wp-content\/uploads\/2025\/07\/seckbachseligenstadt06-1024x768.jpg\" alt=\"\" class=\"wp-image-26875\" srcset=\"https:\/\/insideamateurfussball-ffm.de\/wp-content\/uploads\/2025\/07\/seckbachseligenstadt06-1024x768.jpg 1024w, https:\/\/insideamateurfussball-ffm.de\/wp-content\/uploads\/2025\/07\/seckbachseligenstadt06-300x225.jpg 300w, https:\/\/insideamateurfussball-ffm.de\/wp-content\/uploads\/2025\/07\/seckbachseligenstadt06-768x576.jpg 768w, https:\/\/insideamateurfussball-ffm.de\/wp-content\/uploads\/2025\/07\/seckbachseligenstadt06-1536x1152.jpg 1536w, https:\/\/insideamateurfussball-ffm.de\/wp-content\/uploads\/2025\/07\/seckbachseligenstadt06.jpg 2016w\" sizes=\"auto, (max-width: 1024px) 100vw, 1024px\" \/><\/figure>\n","protected":false},"excerpt":{"rendered":"<p>Die FG Seckbach schlug in der ersten Runde des Hessenpokals den Verbandsligisten Sportfreunde Seligenstadt nach einem packenden Pokalspiel mit einigen Ungereimtheiten mit 7:6 n.E. und hat sich f\u00fcr die zweite Runde qualifiziert. FG Seckbach &#8211; Sportfreunde Seligenstadt 7:6 n.E. (1:1;2:2)\u00a0 Das Wetter hatte ein Einsehen mit den Seckbachern, die in ihrer 123-j\u00e4hrigen Vereinsgeschichte zum ersten [&hellip;]<\/p>\n","protected":false},"author":3,"featured_media":26876,"comment_status":"closed","ping_status":"open","sticky":true,"template":"","format":"standard","meta":{"footnotes":""},"categories":[30],"tags":[],"class_list":["post-26868","post","type-post","status-publish","format-standard","has-post-thumbnail","hentry","category-hessenpokal"],"_links":{"self":[{"href":"https:\/\/insideamateurfussball-ffm.de\/index.php?rest_route=\/wp\/v2\/posts\/26868","targetHints":{"allow":["GET"]}}],"collection":[{"href":"https:\/\/insideamateurfussball-ffm.de\/index.php?rest_route=\/wp\/v2\/posts"}],"about":[{"href":"https:\/\/insideamateurfussball-ffm.de\/index.php?rest_route=\/wp\/v2\/types\/post"}],"author":[{"embeddable":true,"href":"https:\/\/insideamateurfussball-ffm.de\/index.php?rest_route=\/wp\/v2\/users\/3"}],"replies":[{"embeddable":true,"href":"https:\/\/insideamateurfussball-ffm.de\/index.php?rest_route=%2Fwp%2Fv2%2Fcomments&post=26868"}],"version-history":[{"count":6,"href":"https:\/\/insideamateurfussball-ffm.de\/index.php?rest_route=\/wp\/v2\/posts\/26868\/revisions"}],"predecessor-version":[{"id":26883,"href":"https:\/\/insideamateurfussball-ffm.de\/index.php?rest_route=\/wp\/v2\/posts\/26868\/revisions\/26883"}],"wp:featuredmedia":[{"embeddable":true,"href":"https:\/\/insideamateurfussball-ffm.de\/index.php?rest_route=\/wp\/v2\/media\/26876"}],"wp:attachment":[{"href":"https:\/\/insideamateurfussball-ffm.de\/index.php?rest_route=%2Fwp%2Fv2%2Fmedia&parent=26868"}],"wp:term":[{"taxonomy":"category","embeddable":true,"href":"https:\/\/insideamateurfussball-ffm.de\/index.php?rest_route=%2Fwp%2Fv2%2Fcategories&post=26868"},{"taxonomy":"post_tag","embeddable":true,"href":"https:\/\/insideamateurfussball-ffm.de\/index.php?rest_route=%2Fwp%2Fv2%2Ftags&post=26868"}],"curies":[{"name":"wp","href":"https:\/\/api.w.org\/{rel}","templated":true}]}}