{"id":26863,"date":"2025-07-27T09:55:59","date_gmt":"2025-07-27T08:55:59","guid":{"rendered":"https:\/\/insideamateurfussball-ffm.de\/?p=26863"},"modified":"2025-07-27T10:15:57","modified_gmt":"2025-07-27T09:15:57","slug":"trotz-punktabzug-germania-will-klasse-erhalten","status":"publish","type":"post","link":"https:\/\/insideamateurfussball-ffm.de\/?p=26863","title":{"rendered":"Trotz Punktabzug: Germania will Klasse erhalten"},"content":{"rendered":"<h4>Der Aufsteiger in die Gruppenliga VfL Germania 94 strebt den Klassenerhalt an und muss mit einer B\u00fcrde eines 15-Punkte-Abzuges in die Saison gehen. Die Fragen beantwortete uns der Sportliche Leiter Siar Daudi.<\/h4>\n<figure id=\"attachment_26328\" aria-describedby=\"caption-attachment-26328\" style=\"width: 2048px\" class=\"wp-caption alignnone\"><img loading=\"lazy\" decoding=\"async\" class=\"wp-image-26328 size-full\" src=\"http:\/\/insideamateurfussball-ffm.de\/wp-content\/uploads\/2025\/06\/Ger5.jpg\" alt=\"\" width=\"2048\" height=\"1153\" srcset=\"https:\/\/insideamateurfussball-ffm.de\/wp-content\/uploads\/2025\/06\/Ger5.jpg 2048w, https:\/\/insideamateurfussball-ffm.de\/wp-content\/uploads\/2025\/06\/Ger5-300x169.jpg 300w, https:\/\/insideamateurfussball-ffm.de\/wp-content\/uploads\/2025\/06\/Ger5-1024x577.jpg 1024w, https:\/\/insideamateurfussball-ffm.de\/wp-content\/uploads\/2025\/06\/Ger5-768x432.jpg 768w, https:\/\/insideamateurfussball-ffm.de\/wp-content\/uploads\/2025\/06\/Ger5-1536x865.jpg 1536w\" sizes=\"auto, (max-width: 2048px) 100vw, 2048px\" \/><figcaption id=\"caption-attachment-26328\" class=\"wp-caption-text\">Die Mannschaft vom VfL Germania m\u00f6chte die klasse in der Gruppenliga erhalten. Foto: Archiv PA<\/figcaption><\/figure>\n<p><img loading=\"lazy\" decoding=\"async\" class=\"alignnone size-full wp-image-11577\" src=\"http:\/\/insideamateurfussball-ffm.de\/wp-content\/uploads\/2023\/08\/Germania-94.jpg\" alt=\"\" width=\"80\" height=\"80\" \/><\/p>\n<p>Das Verbandsgericht des Hessischen Fu\u00dfballverbandes \u00e4nderte ihr Urteil ab, der VfL Germania 94 darf in der Gruppenliga spielen, geht aber mit einem Abzug von 15 Punkten in die Saison. Neuer Trainer beim Aufsteiger ist S\u00fcleyman Keskin, der fr\u00fcher u.a. Trainer bei Germania Enkheim, Saz-Rock und Vatanspor Bad Homburg war.<\/p>\n<p><strong><u>Was erwartet ihr von der neuen Saison, wie lautet euer Saisonziel?<\/u><\/strong><\/p>\n<p>Wir freuen uns nach den ganzen Strapazen, sportlich aktiv sein zu k\u00f6nnen. Aufgrund der B\u00fcrde von -15 Punkten wird das Ziel erstmal der Klassenerhalt sein als Aufsteiger. Wir sind sportlich auf jeden Fall in der Gruppenliga West konkurrenzf\u00e4hig. Wir haben unseren Kader gr\u00f6\u00dftenteils so beibehalten k\u00f6nnen und gute Spieler, die uns in der Breite Qualit\u00e4t bringen, dazugewonnen.<\/p>\n<p><strong><u>Welche Zu- und Abg\u00e4nge habt ihr Stand jetzt zu verzeichnen?<\/u><\/strong><\/p>\n<p>Zug\u00e4nge:<\/p>\n<ul>\n<li>\u2060Hamza Tmimi (Spvgg. Neu-Isenburg)<\/li>\n<li>Hamza Gulzar (T\u00fcrk. Hanau)<\/li>\n<li>Maurice R\u00e4cke (Germ. Weilbach)<\/li>\n<li>Steven Sallan (VfL Gro\u00df-Gerau)<\/li>\n<li>Komy Camara (Spvgg. Neu-Isenburg)<\/li>\n<li>Nesar Daudi (OSC Bremerhaven)<\/li>\n<li>Koukou Barrista Flankau (Vikt. Griesheim)<\/li>\n<li>Oguz G\u00f6t\u00fcrmen (TSG Niederrad)<\/li>\n<li>Radzabs Gadzialljevs (TSG Niederrad)<\/li>\n<li>Mounir Ouadeh (FC Maroc)<\/li>\n<\/ul>\n<p>Abg\u00e4nge:<\/p>\n<ul>\n<li>Asmir Hajdarovic (FC Kosova)<\/li>\n<li>Illias Mazaouzi (JSK Rodgau)<\/li>\n<li>Ender Ergisi (unbekannt)<\/li>\n<\/ul>\n<p><strong><u>Wer sind f\u00fcr euch die Favoriten in der Liga?<\/u><\/strong><\/p>\n<p>Spvgg. Fechenheim 03, SV Bosnien\/Herzegowina, SKV Beienheim, FC Karben, FSV Friedrichsdorf<\/p>\n<p><strong><u>Wie ist Eure Meinung zur neuen Auswechselregelung in Hessens Amateurfu\u00dfball (5 Wechsel maximal inkl. R\u00fcckwechsel)?<\/u><\/strong><\/p>\n<p>Ich finde es pers\u00f6nlich sehr gut, so hat man mehr Flexibilit\u00e4t und kann auch mit einem schmalen Kader konkurrenzf\u00e4hig bleiben.<\/p>\n<p><strong><u>Testspiele (nach fussball.de)<\/u><\/strong><\/p>\n<p>27.07.2025, 15:00 Uhr: VfL Germania 94 \u2013 SV Pars Neu-Isenburg<\/p>\n<p>03.08.2025, 15:00 Uhr: VfL Germania 94 \u2013 FC Tempo (1.Spieltag)<\/p>\n","protected":false},"excerpt":{"rendered":"<p>Der Aufsteiger in die Gruppenliga VfL Germania 94 strebt den Klassenerhalt an und muss mit einer B\u00fcrde eines 15-Punkte-Abzuges in die Saison gehen. Die Fragen beantwortete uns der Sportliche Leiter Siar Daudi. Das Verbandsgericht des Hessischen Fu\u00dfballverbandes \u00e4nderte ihr Urteil ab, der VfL Germania 94 darf in der Gruppenliga spielen, geht aber mit einem Abzug [&hellip;]<\/p>\n","protected":false},"author":3,"featured_media":26328,"comment_status":"closed","ping_status":"open","sticky":true,"template":"","format":"standard","meta":{"footnotes":""},"categories":[13],"tags":[],"class_list":["post-26863","post","type-post","status-publish","format-standard","has-post-thumbnail","hentry","category-gruppenliga-frankfurt-west"],"_links":{"self":[{"href":"https:\/\/insideamateurfussball-ffm.de\/index.php?rest_route=\/wp\/v2\/posts\/26863","targetHints":{"allow":["GET"]}}],"collection":[{"href":"https:\/\/insideamateurfussball-ffm.de\/index.php?rest_route=\/wp\/v2\/posts"}],"about":[{"href":"https:\/\/insideamateurfussball-ffm.de\/index.php?rest_route=\/wp\/v2\/types\/post"}],"author":[{"embeddable":true,"href":"https:\/\/insideamateurfussball-ffm.de\/index.php?rest_route=\/wp\/v2\/users\/3"}],"replies":[{"embeddable":true,"href":"https:\/\/insideamateurfussball-ffm.de\/index.php?rest_route=%2Fwp%2Fv2%2Fcomments&post=26863"}],"version-history":[{"count":4,"href":"https:\/\/insideamateurfussball-ffm.de\/index.php?rest_route=\/wp\/v2\/posts\/26863\/revisions"}],"predecessor-version":[{"id":26867,"href":"https:\/\/insideamateurfussball-ffm.de\/index.php?rest_route=\/wp\/v2\/posts\/26863\/revisions\/26867"}],"wp:featuredmedia":[{"embeddable":true,"href":"https:\/\/insideamateurfussball-ffm.de\/index.php?rest_route=\/wp\/v2\/media\/26328"}],"wp:attachment":[{"href":"https:\/\/insideamateurfussball-ffm.de\/index.php?rest_route=%2Fwp%2Fv2%2Fmedia&parent=26863"}],"wp:term":[{"taxonomy":"category","embeddable":true,"href":"https:\/\/insideamateurfussball-ffm.de\/index.php?rest_route=%2Fwp%2Fv2%2Fcategories&post=26863"},{"taxonomy":"post_tag","embeddable":true,"href":"https:\/\/insideamateurfussball-ffm.de\/index.php?rest_route=%2Fwp%2Fv2%2Ftags&post=26863"}],"curies":[{"name":"wp","href":"https:\/\/api.w.org\/{rel}","templated":true}]}}