{"id":26822,"date":"2025-07-23T10:10:01","date_gmt":"2025-07-23T09:10:01","guid":{"rendered":"https:\/\/insideamateurfussball-ffm.de\/?p=26822"},"modified":"2025-07-23T10:10:01","modified_gmt":"2025-07-23T09:10:01","slug":"flottes-testspiel-beim-fc-tempo","status":"publish","type":"post","link":"https:\/\/insideamateurfussball-ffm.de\/?p=26822","title":{"rendered":"Flottes Testspiel beim FC Tempo"},"content":{"rendered":"<h4>In einem Testspiel besiegte Gruppenligist FC Tempo den Kreisoberligisten FV Bad Vilbel mit 5:3, dabei entwickelte sich zwei Wochen vor Saisonstart ein flottes Spiel mit hohem Unterhaltungswert.<\/h4>\n<figure id=\"attachment_26824\" aria-describedby=\"caption-attachment-26824\" style=\"width: 915px\" class=\"wp-caption alignnone\"><img loading=\"lazy\" decoding=\"async\" class=\"wp-image-26824 size-full\" src=\"http:\/\/insideamateurfussball-ffm.de\/wp-content\/uploads\/2025\/07\/temp3.jpg\" alt=\"\" width=\"915\" height=\"591\" srcset=\"https:\/\/insideamateurfussball-ffm.de\/wp-content\/uploads\/2025\/07\/temp3.jpg 915w, https:\/\/insideamateurfussball-ffm.de\/wp-content\/uploads\/2025\/07\/temp3-300x194.jpg 300w, https:\/\/insideamateurfussball-ffm.de\/wp-content\/uploads\/2025\/07\/temp3-768x496.jpg 768w\" sizes=\"auto, (max-width: 915px) 100vw, 915px\" \/><figcaption id=\"caption-attachment-26824\" class=\"wp-caption-text\">Schiedsrichter Djamsched f\u00fchrte beide Mannschaften auf das Feld. Foto: Mithat G\u00fcrser<\/figcaption><\/figure>\n<h4>FC Tempo &#8211; FV Bad Vilbel 5:3 (3:1)<\/h4>\n<p><img loading=\"lazy\" decoding=\"async\" class=\"alignnone size-full wp-image-31\" src=\"http:\/\/insideamateurfussball-ffm.de\/wp-content\/uploads\/2021\/11\/Tempo.jpg\" alt=\"\" width=\"80\" height=\"80\" \/><img loading=\"lazy\" decoding=\"async\" class=\"alignnone size-full wp-image-146\" src=\"http:\/\/insideamateurfussball-ffm.de\/wp-content\/uploads\/2022\/05\/FV-Bad-Vilbel.jpg\" alt=\"\" width=\"80\" height=\"80\" \/><\/p>\n<p>Das urspr\u00fcnglich f\u00fcr Freitag angesetzte Freundschaftsspiel zwischen dem FV Bad Vilbel und dem FC Tempo wurde auf Dienstag vorgezogen und nach Ginnheim verlegt, da die Kurst\u00e4dter am Sonntag bereits im Kreispokal antreten m\u00fcssen. Dabei mussten die Gastgeber vom FC Tempo auf insgesamt 13 Spieler verzichten, es ist Urlaubszeit.<\/p>\n<p>Die G\u00e4ste aus Bad Vilbel legten forsch los und erzielten bereits in der 2.Minute das 1:0 durch Baris Samadi, der den Torwart umspielte und die F\u00fchrung erzielte. Den Ausgleich zum 1:1 schoss Filip Sucic, der frei vor dem Torwart auftauchte, diesen umspielte und ins leere Tor einschob. In der 28.Minute gab es einen Foulelfmeter f\u00fcr die Gastgeber, den Arsen Kryvobedryi sicher zum 2:1 verwandelte, Bad Vilbels Torwart Max Ehrig, der die G\u00e4ste schon mehrfach mit guten Paraden vor einem Gegentor bewahrte, war ohne Chance.<\/p>\n<p>Die junge Mannschaft von Bad Vilbel spielte einen schnellen Fu\u00dfball, verlor aber gegen die robusten Gastgeber des \u00d6fteren den Ball, einen dieser Fehlp\u00e4sse nutzte Tomislav Stekovic zum 3:1 in der 42.Minute, aus ca. 40 Metern hob er den Ball \u00fcber den weit vor seinem Tor stehenden Torwart Ehrig ins Netz. In der zweiten Halbzeit ging das muntere Spielchen weiter, Bad Vilbel kam durch zwei sch\u00f6n herausgespielte Tore von Denis Crnovrsanin in der 60.Minute und Mohammad Touri in der 72.Minute zum 3;3-Ausgleich, schlug sich aber am Ende selbst.<\/p>\n<p>In der 85.Minute kam erneut Arsen Kryvobedryi 11 Meter vor dem Tor freistehend zum Schuss, der Ball schlug zum 4:3 f\u00fcr den FC Tempo im Tor der G\u00e4ste ein, und in der 90.Minute landete ein Eckball auf dem Knie des Bad Vilbelers Julian Konzelmann und sprang zum 5:3-Endstand ins eigene Tor. Der FC Tempo spielt am Sonntag beim 1.R\u00f6delheimer FC 02.<\/p>\n<h4>Schiedsrichter: Siar Djamsched (FG Seckbach). Zuschauer: 51.<\/h4>\n<h4>Tore: 0:1 Baris Samadi (2.), 1:1 Filip Sucic (24.), 2:1 Arsen Kryvobedryi (28., Elfmeter), 3:1 Tomislav Stekovic (42.), 3:2 Denis Crnovrsanin (60.), 3:3 Mohammad Touri (72.), 4:3 Arsen Kryvobedryi (85.), 5:3 Julian Konzelmann (90., Eigentor)<\/h4>\n<blockquote>\n<h4>Vielen Dank an Mithat G\u00fcrser f\u00fcr die Fotos.<\/h4>\n<\/blockquote>\n\n\n<figure class=\"wp-block-image size-full\"><img loading=\"lazy\" decoding=\"async\" width=\"917\" height=\"591\" src=\"http:\/\/insideamateurfussball-ffm.de\/wp-content\/uploads\/2025\/07\/temp2.jpg\" alt=\"\" class=\"wp-image-26823\" srcset=\"https:\/\/insideamateurfussball-ffm.de\/wp-content\/uploads\/2025\/07\/temp2.jpg 917w, https:\/\/insideamateurfussball-ffm.de\/wp-content\/uploads\/2025\/07\/temp2-300x193.jpg 300w, https:\/\/insideamateurfussball-ffm.de\/wp-content\/uploads\/2025\/07\/temp2-768x495.jpg 768w\" sizes=\"auto, (max-width: 917px) 100vw, 917px\" \/><\/figure>\n\n\n\n<figure class=\"wp-block-image size-full\"><img loading=\"lazy\" decoding=\"async\" width=\"886\" height=\"609\" src=\"http:\/\/insideamateurfussball-ffm.de\/wp-content\/uploads\/2025\/07\/temp4.jpg\" alt=\"\" class=\"wp-image-26825\" srcset=\"https:\/\/insideamateurfussball-ffm.de\/wp-content\/uploads\/2025\/07\/temp4.jpg 886w, https:\/\/insideamateurfussball-ffm.de\/wp-content\/uploads\/2025\/07\/temp4-300x206.jpg 300w, https:\/\/insideamateurfussball-ffm.de\/wp-content\/uploads\/2025\/07\/temp4-768x528.jpg 768w\" sizes=\"auto, (max-width: 886px) 100vw, 886px\" \/><\/figure>\n\n\n\n<figure class=\"wp-block-image size-full\"><img loading=\"lazy\" decoding=\"async\" width=\"888\" height=\"591\" src=\"http:\/\/insideamateurfussball-ffm.de\/wp-content\/uploads\/2025\/07\/temp5.jpg\" alt=\"\" class=\"wp-image-26826\" srcset=\"https:\/\/insideamateurfussball-ffm.de\/wp-content\/uploads\/2025\/07\/temp5.jpg 888w, https:\/\/insideamateurfussball-ffm.de\/wp-content\/uploads\/2025\/07\/temp5-300x200.jpg 300w, https:\/\/insideamateurfussball-ffm.de\/wp-content\/uploads\/2025\/07\/temp5-768x511.jpg 768w\" sizes=\"auto, (max-width: 888px) 100vw, 888px\" \/><\/figure>\n\n\n\n<figure class=\"wp-block-image size-full\"><img loading=\"lazy\" decoding=\"async\" width=\"886\" height=\"658\" src=\"http:\/\/insideamateurfussball-ffm.de\/wp-content\/uploads\/2025\/07\/temp6.jpg\" alt=\"\" class=\"wp-image-26827\" srcset=\"https:\/\/insideamateurfussball-ffm.de\/wp-content\/uploads\/2025\/07\/temp6.jpg 886w, https:\/\/insideamateurfussball-ffm.de\/wp-content\/uploads\/2025\/07\/temp6-300x223.jpg 300w, https:\/\/insideamateurfussball-ffm.de\/wp-content\/uploads\/2025\/07\/temp6-768x570.jpg 768w\" sizes=\"auto, (max-width: 886px) 100vw, 886px\" \/><\/figure>\n\n\n\n<figure class=\"wp-block-image size-full\"><img loading=\"lazy\" decoding=\"async\" width=\"886\" height=\"633\" src=\"http:\/\/insideamateurfussball-ffm.de\/wp-content\/uploads\/2025\/07\/temp7.jpg\" alt=\"\" class=\"wp-image-26828\" srcset=\"https:\/\/insideamateurfussball-ffm.de\/wp-content\/uploads\/2025\/07\/temp7.jpg 886w, https:\/\/insideamateurfussball-ffm.de\/wp-content\/uploads\/2025\/07\/temp7-300x214.jpg 300w, https:\/\/insideamateurfussball-ffm.de\/wp-content\/uploads\/2025\/07\/temp7-768x549.jpg 768w\" sizes=\"auto, (max-width: 886px) 100vw, 886px\" \/><\/figure>\n\n\n\n<figure class=\"wp-block-image size-full\"><img loading=\"lazy\" decoding=\"async\" width=\"886\" height=\"650\" src=\"http:\/\/insideamateurfussball-ffm.de\/wp-content\/uploads\/2025\/07\/temp8.jpg\" alt=\"\" class=\"wp-image-26829\" srcset=\"https:\/\/insideamateurfussball-ffm.de\/wp-content\/uploads\/2025\/07\/temp8.jpg 886w, https:\/\/insideamateurfussball-ffm.de\/wp-content\/uploads\/2025\/07\/temp8-300x220.jpg 300w, https:\/\/insideamateurfussball-ffm.de\/wp-content\/uploads\/2025\/07\/temp8-768x563.jpg 768w\" sizes=\"auto, (max-width: 886px) 100vw, 886px\" \/><\/figure>\n\n\n\n<figure class=\"wp-block-image size-full\"><img loading=\"lazy\" decoding=\"async\" width=\"917\" height=\"691\" src=\"http:\/\/insideamateurfussball-ffm.de\/wp-content\/uploads\/2025\/07\/temp10.jpg\" alt=\"\" class=\"wp-image-26830\" srcset=\"https:\/\/insideamateurfussball-ffm.de\/wp-content\/uploads\/2025\/07\/temp10.jpg 917w, https:\/\/insideamateurfussball-ffm.de\/wp-content\/uploads\/2025\/07\/temp10-300x226.jpg 300w, https:\/\/insideamateurfussball-ffm.de\/wp-content\/uploads\/2025\/07\/temp10-768x579.jpg 768w\" sizes=\"auto, (max-width: 917px) 100vw, 917px\" \/><\/figure>\n\n\n\n<figure class=\"wp-block-image size-full\"><img loading=\"lazy\" decoding=\"async\" width=\"886\" height=\"622\" src=\"http:\/\/insideamateurfussball-ffm.de\/wp-content\/uploads\/2025\/07\/temp11.jpg\" alt=\"\" class=\"wp-image-26831\" srcset=\"https:\/\/insideamateurfussball-ffm.de\/wp-content\/uploads\/2025\/07\/temp11.jpg 886w, https:\/\/insideamateurfussball-ffm.de\/wp-content\/uploads\/2025\/07\/temp11-300x211.jpg 300w, https:\/\/insideamateurfussball-ffm.de\/wp-content\/uploads\/2025\/07\/temp11-768x539.jpg 768w\" sizes=\"auto, (max-width: 886px) 100vw, 886px\" \/><\/figure>\n\n\n\n<figure class=\"wp-block-image size-full\"><img loading=\"lazy\" decoding=\"async\" width=\"886\" height=\"686\" src=\"http:\/\/insideamateurfussball-ffm.de\/wp-content\/uploads\/2025\/07\/temp12.jpg\" alt=\"\" class=\"wp-image-26832\" srcset=\"https:\/\/insideamateurfussball-ffm.de\/wp-content\/uploads\/2025\/07\/temp12.jpg 886w, https:\/\/insideamateurfussball-ffm.de\/wp-content\/uploads\/2025\/07\/temp12-300x232.jpg 300w, https:\/\/insideamateurfussball-ffm.de\/wp-content\/uploads\/2025\/07\/temp12-768x595.jpg 768w\" sizes=\"auto, (max-width: 886px) 100vw, 886px\" \/><\/figure>\n\n\n\n<figure class=\"wp-block-image size-large\"><img loading=\"lazy\" decoding=\"async\" width=\"735\" height=\"1024\" src=\"http:\/\/insideamateurfussball-ffm.de\/wp-content\/uploads\/2025\/07\/tempo13-735x1024.jpg\" alt=\"\" class=\"wp-image-26833\" srcset=\"https:\/\/insideamateurfussball-ffm.de\/wp-content\/uploads\/2025\/07\/tempo13-735x1024.jpg 735w, https:\/\/insideamateurfussball-ffm.de\/wp-content\/uploads\/2025\/07\/tempo13-215x300.jpg 215w, https:\/\/insideamateurfussball-ffm.de\/wp-content\/uploads\/2025\/07\/tempo13-768x1070.jpg 768w, https:\/\/insideamateurfussball-ffm.de\/wp-content\/uploads\/2025\/07\/tempo13-1103x1536.jpg 1103w, https:\/\/insideamateurfussball-ffm.de\/wp-content\/uploads\/2025\/07\/tempo13.jpg 1342w\" sizes=\"auto, (max-width: 735px) 100vw, 735px\" \/><\/figure>\n\n\n\n<figure class=\"wp-block-image size-full\"><img loading=\"lazy\" decoding=\"async\" width=\"886\" height=\"596\" src=\"http:\/\/insideamateurfussball-ffm.de\/wp-content\/uploads\/2025\/07\/tempo14.jpg\" alt=\"\" class=\"wp-image-26834\" srcset=\"https:\/\/insideamateurfussball-ffm.de\/wp-content\/uploads\/2025\/07\/tempo14.jpg 886w, https:\/\/insideamateurfussball-ffm.de\/wp-content\/uploads\/2025\/07\/tempo14-300x202.jpg 300w, https:\/\/insideamateurfussball-ffm.de\/wp-content\/uploads\/2025\/07\/tempo14-768x517.jpg 768w\" sizes=\"auto, (max-width: 886px) 100vw, 886px\" \/><\/figure>\n","protected":false},"excerpt":{"rendered":"<p>In einem Testspiel besiegte Gruppenligist FC Tempo den Kreisoberligisten FV Bad Vilbel mit 5:3, dabei entwickelte sich zwei Wochen vor Saisonstart ein flottes Spiel mit hohem Unterhaltungswert. FC Tempo &#8211; FV Bad Vilbel 5:3 (3:1) Das urspr\u00fcnglich f\u00fcr Freitag angesetzte Freundschaftsspiel zwischen dem FV Bad Vilbel und dem FC Tempo wurde auf Dienstag vorgezogen und [&hellip;]<\/p>\n","protected":false},"author":3,"featured_media":26824,"comment_status":"closed","ping_status":"open","sticky":true,"template":"","format":"standard","meta":{"footnotes":""},"categories":[21],"tags":[],"class_list":["post-26822","post","type-post","status-publish","format-standard","has-post-thumbnail","hentry","category-testspiele"],"_links":{"self":[{"href":"https:\/\/insideamateurfussball-ffm.de\/index.php?rest_route=\/wp\/v2\/posts\/26822","targetHints":{"allow":["GET"]}}],"collection":[{"href":"https:\/\/insideamateurfussball-ffm.de\/index.php?rest_route=\/wp\/v2\/posts"}],"about":[{"href":"https:\/\/insideamateurfussball-ffm.de\/index.php?rest_route=\/wp\/v2\/types\/post"}],"author":[{"embeddable":true,"href":"https:\/\/insideamateurfussball-ffm.de\/index.php?rest_route=\/wp\/v2\/users\/3"}],"replies":[{"embeddable":true,"href":"https:\/\/insideamateurfussball-ffm.de\/index.php?rest_route=%2Fwp%2Fv2%2Fcomments&post=26822"}],"version-history":[{"count":3,"href":"https:\/\/insideamateurfussball-ffm.de\/index.php?rest_route=\/wp\/v2\/posts\/26822\/revisions"}],"predecessor-version":[{"id":26837,"href":"https:\/\/insideamateurfussball-ffm.de\/index.php?rest_route=\/wp\/v2\/posts\/26822\/revisions\/26837"}],"wp:featuredmedia":[{"embeddable":true,"href":"https:\/\/insideamateurfussball-ffm.de\/index.php?rest_route=\/wp\/v2\/media\/26824"}],"wp:attachment":[{"href":"https:\/\/insideamateurfussball-ffm.de\/index.php?rest_route=%2Fwp%2Fv2%2Fmedia&parent=26822"}],"wp:term":[{"taxonomy":"category","embeddable":true,"href":"https:\/\/insideamateurfussball-ffm.de\/index.php?rest_route=%2Fwp%2Fv2%2Fcategories&post=26822"},{"taxonomy":"post_tag","embeddable":true,"href":"https:\/\/insideamateurfussball-ffm.de\/index.php?rest_route=%2Fwp%2Fv2%2Ftags&post=26822"}],"curies":[{"name":"wp","href":"https:\/\/api.w.org\/{rel}","templated":true}]}}