{"id":26814,"date":"2025-07-22T16:54:55","date_gmt":"2025-07-22T15:54:55","guid":{"rendered":"https:\/\/insideamateurfussball-ffm.de\/?p=26814"},"modified":"2025-07-22T16:57:45","modified_gmt":"2025-07-22T15:57:45","slug":"neuling-ginnheim-will-sich-etablieren","status":"publish","type":"post","link":"https:\/\/insideamateurfussball-ffm.de\/?p=26814","title":{"rendered":"Neuling Ginnheim will sich etablieren"},"content":{"rendered":"<h4>Erstmals hat der FC Germania 08 Ginnheim den Aufstieg in die Kreisoberliga geschafft. Der Traditionsverein von der Woogwiese setzte sich mit zwei Siegen in der Relegation gegen den SV Sachsenhausen (9:1) und den SV Viktoria Preu\u00dfen (2:1) durch. Die Fragen beantwortete der Sportliche Leiter Benjamin von Allw\u00f6rden.<\/h4>\n<figure id=\"attachment_26816\" aria-describedby=\"caption-attachment-26816\" style=\"width: 896px\" class=\"wp-caption alignnone\"><img loading=\"lazy\" decoding=\"async\" class=\"wp-image-26816\" src=\"http:\/\/insideamateurfussball-ffm.de\/wp-content\/uploads\/2025\/07\/ginh4-1.jpg\" alt=\"\" width=\"896\" height=\"625\" srcset=\"https:\/\/insideamateurfussball-ffm.de\/wp-content\/uploads\/2025\/07\/ginh4-1.jpg 886w, https:\/\/insideamateurfussball-ffm.de\/wp-content\/uploads\/2025\/07\/ginh4-1-300x209.jpg 300w, https:\/\/insideamateurfussball-ffm.de\/wp-content\/uploads\/2025\/07\/ginh4-1-768x536.jpg 768w\" sizes=\"auto, (max-width: 896px) 100vw, 896px\" \/><figcaption id=\"caption-attachment-26816\" class=\"wp-caption-text\">Ginnheimer Anh\u00e4ngerinnen w\u00e4hrend der Relegation. Foto: Archiv Mithat G\u00fcrser.<\/figcaption><\/figure>\n<p><img loading=\"lazy\" decoding=\"async\" class=\"alignnone size-full wp-image-3205\" src=\"http:\/\/insideamateurfussball-ffm.de\/wp-content\/uploads\/2022\/10\/Ginnheim.jpg\" alt=\"\" width=\"80\" height=\"80\" \/><\/p>\n<h4>Was erwartet ihr von der neuen Saison? Wie lautet euer Saisonziel?<\/h4>\n<p>Ein klares Ziel setzen wir uns am Ende der Vorbereitung, grundlegend kann man als Aufsteiger aber erstmal darauf auf sein sich in der h\u00f6heren Spielklasse zu etablieren und die Klasse zu halten, da es durch die vielen Frankfurter Vereine in der Gruppenliga mit Sicherheit auch einige Absteiger in der KOL geben wird.<\/p>\n<h4>Welche Zu- und Abg\u00e4nge habt ihr Stand jetzt zu verzeichnen?<\/h4>\n<p>Zug\u00e4nge:<\/p>\n<ul style=\"list-style-type: square;\">\n<li>Alex Willis (DJK Sportfreunde Bad Homburg II)<\/li>\n<li>Mohamed Ait Ali (FFV Sportfreunde 04)<\/li>\n<li>Emilio Ionut Gheorghe (Spvgg. 05\/99 Bomber Bad Homburg)<\/li>\n<li>Maximilian Musik (SV Waldhof Mannheim II)<\/li>\n<li>Soufiane Moussaoui (SC 2007 Dutenhofen\/M\u00fcnchholzhausen)<\/li>\n<li>&#8212;&#8212;&#8212;&#8212;&#8212;&#8212;&#8212;&#8212;&#8212;&#8212;&#8212;&#8212;&#8212;&#8212;&#8212;&#8212;&#8212;&#8212;&#8212;&#8212;&#8212;&#8212;&#8212;-<\/li>\n<li>Abgang:<\/li>\n<li>Sevdalin Asenov (Ziel unbekannt)<\/li>\n<\/ul>\n<h4>Wer sind f\u00fcr euch die Favoriten in der Liga?<\/h4>\n<p>Makkabi, Croatia und Mitaufsteiger Westend werden mit Sicherheit oben mitmischen.<\/p>\n<h4>Wie ist eure Meinung zur neuen Auswechselregelung in Hessens Amateurfu\u00dfball (5 Wechsel maximal inklusive R\u00fcckwechsel)?<\/h4>\n<p>Wir finden die neuen Regeln sehr angenehm. Die Zeitstrafe war in unseren Augen eine nette Idee, aber hat ihren Zweck verfehlt. Die neue Regelung zwecks f\u00fcnf Auswechslungen halten wir f\u00fcr sehr sinnvoll um den Trainern und Vereinen mehr Flexibilit\u00e4t zu gew\u00e4hrleisten um auf Ereignisse reagieren zu k\u00f6nnen.<\/p>\n<h4>Testspiele:<\/h4>\n<p>SV Steinfurth (H) 4:5<\/p>\n<p>Viktoria Kelsterbach (H) 3:2<\/p>\n<p>Germania Klein-Krotzenburg (A) 2:4<\/p>\n<p>T\u00fcrkischer SV Bad Nauheim (H) 23. Juli, 20 Uhr<\/p>\n<p>Teutonia Hausen (A) 27. Juli 15 Uhr<\/p>\n","protected":false},"excerpt":{"rendered":"<p>Erstmals hat der FC Germania 08 Ginnheim den Aufstieg in die Kreisoberliga geschafft. Der Traditionsverein von der Woogwiese setzte sich mit zwei Siegen in der Relegation gegen den SV Sachsenhausen (9:1) und den SV Viktoria Preu\u00dfen (2:1) durch. Die Fragen beantwortete der Sportliche Leiter Benjamin von Allw\u00f6rden. Was erwartet ihr von der neuen Saison? Wie [&hellip;]<\/p>\n","protected":false},"author":1,"featured_media":26816,"comment_status":"closed","ping_status":"closed","sticky":true,"template":"","format":"standard","meta":{"footnotes":""},"categories":[2],"tags":[],"class_list":["post-26814","post","type-post","status-publish","format-standard","has-post-thumbnail","hentry","category-kreisoberliga-frankfurt"],"_links":{"self":[{"href":"https:\/\/insideamateurfussball-ffm.de\/index.php?rest_route=\/wp\/v2\/posts\/26814","targetHints":{"allow":["GET"]}}],"collection":[{"href":"https:\/\/insideamateurfussball-ffm.de\/index.php?rest_route=\/wp\/v2\/posts"}],"about":[{"href":"https:\/\/insideamateurfussball-ffm.de\/index.php?rest_route=\/wp\/v2\/types\/post"}],"author":[{"embeddable":true,"href":"https:\/\/insideamateurfussball-ffm.de\/index.php?rest_route=\/wp\/v2\/users\/1"}],"replies":[{"embeddable":true,"href":"https:\/\/insideamateurfussball-ffm.de\/index.php?rest_route=%2Fwp%2Fv2%2Fcomments&post=26814"}],"version-history":[{"count":5,"href":"https:\/\/insideamateurfussball-ffm.de\/index.php?rest_route=\/wp\/v2\/posts\/26814\/revisions"}],"predecessor-version":[{"id":26820,"href":"https:\/\/insideamateurfussball-ffm.de\/index.php?rest_route=\/wp\/v2\/posts\/26814\/revisions\/26820"}],"wp:featuredmedia":[{"embeddable":true,"href":"https:\/\/insideamateurfussball-ffm.de\/index.php?rest_route=\/wp\/v2\/media\/26816"}],"wp:attachment":[{"href":"https:\/\/insideamateurfussball-ffm.de\/index.php?rest_route=%2Fwp%2Fv2%2Fmedia&parent=26814"}],"wp:term":[{"taxonomy":"category","embeddable":true,"href":"https:\/\/insideamateurfussball-ffm.de\/index.php?rest_route=%2Fwp%2Fv2%2Fcategories&post=26814"},{"taxonomy":"post_tag","embeddable":true,"href":"https:\/\/insideamateurfussball-ffm.de\/index.php?rest_route=%2Fwp%2Fv2%2Ftags&post=26814"}],"curies":[{"name":"wp","href":"https:\/\/api.w.org\/{rel}","templated":true}]}}