{"id":26809,"date":"2025-07-22T14:51:01","date_gmt":"2025-07-22T13:51:01","guid":{"rendered":"https:\/\/insideamateurfussball-ffm.de\/?p=26809"},"modified":"2025-07-22T15:55:42","modified_gmt":"2025-07-22T14:55:42","slug":"dortelweils-zielsetzung-einstelliger-tabellenplatz","status":"publish","type":"post","link":"https:\/\/insideamateurfussball-ffm.de\/?p=26809","title":{"rendered":"Dortelweils Zielsetzung: einstelliger Tabellenplatz"},"content":{"rendered":"<h4>Nach dem in der Relegation knapp verpassten Aufstieg in die Hessenliga \u00e4u\u00dfert der SC Dortelweil mit dem Erreichen eines einstelligen Tabellenplatzes ein zur\u00fcckhaltendes Ziel. Die Fragen beantwortete Trainer G\u00fcltekin Cagritekin.<\/h4>\n<figure id=\"attachment_26810\" aria-describedby=\"caption-attachment-26810\" style=\"width: 1536px\" class=\"wp-caption alignnone\"><img loading=\"lazy\" decoding=\"async\" class=\"wp-image-26810 size-full\" src=\"http:\/\/insideamateurfussball-ffm.de\/wp-content\/uploads\/2025\/07\/mannschaftdortelweil.jpg\" alt=\"\" width=\"1536\" height=\"1024\" srcset=\"https:\/\/insideamateurfussball-ffm.de\/wp-content\/uploads\/2025\/07\/mannschaftdortelweil.jpg 1536w, https:\/\/insideamateurfussball-ffm.de\/wp-content\/uploads\/2025\/07\/mannschaftdortelweil-300x200.jpg 300w, https:\/\/insideamateurfussball-ffm.de\/wp-content\/uploads\/2025\/07\/mannschaftdortelweil-1024x683.jpg 1024w, https:\/\/insideamateurfussball-ffm.de\/wp-content\/uploads\/2025\/07\/mannschaftdortelweil-768x512.jpg 768w\" sizes=\"auto, (max-width: 1536px) 100vw, 1536px\" \/><figcaption id=\"caption-attachment-26810\" class=\"wp-caption-text\">Auch dieses Jahr m\u00f6chte der SC Dortelweil eine gute Rolle in der Verbandsliga spielen. Foto: Archiv Jan Werner<\/figcaption><\/figure>\n<p><img loading=\"lazy\" decoding=\"async\" class=\"alignnone size-full wp-image-598\" src=\"http:\/\/insideamateurfussball-ffm.de\/wp-content\/uploads\/2022\/06\/Dortelweil.jpg\" alt=\"\" width=\"80\" height=\"80\" \/><\/p>\n<p>Es fehlte nicht viel, und der SC Dortelweil w\u00e4re in der letzten Saison in die Hessenliga aufgestiegen. Trotz F\u00fchrung verlor man im Relegationsfinale gegen den Hessenligisten VfB Marburg mit 2:4 und blieb damit in der Verbandsliga. Mit einigen Ver\u00e4nderungen startet Dortelweil jetzt in seine vierte Verbandsliga-Saison in Folge, Zielsetzung ist ein einstelliger Tabellenplatz, das schlie\u00dft einen erneuten Kampf um den Aufstieg aber nicht aus.<\/p>\n<p><strong><u>Was erwartet ihr von der neuen Saison, wie lautet euer Saisonziel?<\/u><\/strong><\/p>\n<p>Wir freuen uns auf die vierte Verbandsliga-Saison in Folge. Die Liga wird auch in dieser Saison sicherlich auf einem hohen Niveau ausgeglichen und herausfordernd werden. Unser Verein und die Spieler haben zuletzt gro\u00dfes geleistet. Prim\u00e4res Saisonziel ist, die neuen Spieler schnellstm\u00f6glich zu integrieren und tabellarisch einen einstelligen Tabellenplatz zu erreichen. Parallel sind wir weiterhin darauf bedacht, im Umfeld zu wachsen.<\/p>\n<p><strong><u>Welche Zu- und Abg\u00e4nge habt ihr Stand jetzt zu verzeichnen?<\/u><\/strong><\/p>\n<p>Zug\u00e4nge:<\/p>\n<ul>\n<li>\u2060Visar Gashi (Kickers Offenbach II)<\/li>\n<li>Gyasi Gro\u00df (FC Neu-Anspach)<\/li>\n<li>Owen Hare (FC Karben)<\/li>\n<li>Mario Lopez (Spvgg. 03 Neu-Isenburg)<\/li>\n<li>Josip Marcic (A-Jugend Karbener SV)<\/li>\n<li>Sladan Tripkovic (FV Bad Vilbel)<\/li>\n<li>Philipp W\u00f6rner (nach USA-Aufenthalt)<\/li>\n<\/ul>\n<p>Abg\u00e4nge:<\/p>\n<ul>\n<li>Tugay Kuzpinari (1.FC Erlensee)<\/li>\n<li>Julian Mistetzky (unbekannt)<\/li>\n<li>Jonas M\u00fcller (Elternpause)<\/li>\n<li>Oliver Steffen (eigene zweite Mannschaft als Spielertrainer)<\/li>\n<li>Luis Uber (1.FC Erlensee)<\/li>\n<li>Laurel Vran (FC Kalbach)<\/li>\n<\/ul>\n<p><strong><u>Wer sind f\u00fcr euch die Favoriten in der Liga?<\/u><\/strong><\/p>\n<p>Zu den \u00fcblichen Favoriten der letzten Jahre kommen aus meiner Sicht, mit den \u00fcberdurchschnittlichen Kaderverst\u00e4rkungen, Rot-Wei\u00df Frankfurt und Rot-Wei\u00df Darmstadt dazu.<\/p>\n<p><strong><u>Wie ist Eure Meinung zur neuen Auswechselregelung in Hessens Amateurfu\u00dfball (5 Wechsel maximal inkl. R\u00fcckwechsel)?<\/u><\/strong><\/p>\n<p>Diese Regelung ist sicherlich f\u00fcr Mannschaften bis zu einer gewissen Spielklasse hilfreich. Meines Erachtens wird es in der Verbandsliga nur im geringen Ma\u00dfe zum Tragen kommen. Am Ende wird die Praxis zeigen, ob und f\u00fcr wen diese Regelung\u00a0sinnvoll\u00a0ist.<\/p>\n<p><strong><u>Testspiele (nach fussball.de)<\/u><\/strong><\/p>\n<p>06.07.2025, 15:00 Uhr: FC Germania Okriftel \u2013 SC Dortelweil 0:4<\/p>\n<p>10.07.2025, 19:30 Uhr: FC Kaichen \u2013 SC Dottelweil 0:2<\/p>\n<p>13.07.2025, 14:00 Uhr: SC Dortelweil \u2013 FSV Friedrichsdorf 3:2<\/p>\n<p>16.07.2025, 20:00 Uhr: SC Dortelweil \u2013 SV Bosnien\/Herzegowina 3:3<\/p>\n<p>22.07.2025, 20:00 Uhr: FSG Burg-Gr\u00e4fenrode \u2013 SC Dortelweil<\/p>\n<p>27.07.2025, 15:00 Uhr: SC Dortelweil \u2013 Spvgg. Dietesheim<\/p>\n<p>03.08.2025, 15:30 Uhr: SC Dortelweil \u2013 SG Bornheim (1.Spieltag)<\/p>\n","protected":false},"excerpt":{"rendered":"<p>Nach dem in der Relegation knapp verpassten Aufstieg in die Hessenliga \u00e4u\u00dfert der SC Dortelweil mit dem Erreichen eines einstelligen Tabellenplatzes ein zur\u00fcckhaltendes Ziel. Die Fragen beantwortete Trainer G\u00fcltekin Cagritekin. Es fehlte nicht viel, und der SC Dortelweil w\u00e4re in der letzten Saison in die Hessenliga aufgestiegen. Trotz F\u00fchrung verlor man im Relegationsfinale gegen den [&hellip;]<\/p>\n","protected":false},"author":3,"featured_media":26810,"comment_status":"closed","ping_status":"open","sticky":true,"template":"","format":"standard","meta":{"footnotes":""},"categories":[10],"tags":[],"class_list":["post-26809","post","type-post","status-publish","format-standard","has-post-thumbnail","hentry","category-verbandsliga-sued"],"_links":{"self":[{"href":"https:\/\/insideamateurfussball-ffm.de\/index.php?rest_route=\/wp\/v2\/posts\/26809","targetHints":{"allow":["GET"]}}],"collection":[{"href":"https:\/\/insideamateurfussball-ffm.de\/index.php?rest_route=\/wp\/v2\/posts"}],"about":[{"href":"https:\/\/insideamateurfussball-ffm.de\/index.php?rest_route=\/wp\/v2\/types\/post"}],"author":[{"embeddable":true,"href":"https:\/\/insideamateurfussball-ffm.de\/index.php?rest_route=\/wp\/v2\/users\/3"}],"replies":[{"embeddable":true,"href":"https:\/\/insideamateurfussball-ffm.de\/index.php?rest_route=%2Fwp%2Fv2%2Fcomments&post=26809"}],"version-history":[{"count":3,"href":"https:\/\/insideamateurfussball-ffm.de\/index.php?rest_route=\/wp\/v2\/posts\/26809\/revisions"}],"predecessor-version":[{"id":26813,"href":"https:\/\/insideamateurfussball-ffm.de\/index.php?rest_route=\/wp\/v2\/posts\/26809\/revisions\/26813"}],"wp:featuredmedia":[{"embeddable":true,"href":"https:\/\/insideamateurfussball-ffm.de\/index.php?rest_route=\/wp\/v2\/media\/26810"}],"wp:attachment":[{"href":"https:\/\/insideamateurfussball-ffm.de\/index.php?rest_route=%2Fwp%2Fv2%2Fmedia&parent=26809"}],"wp:term":[{"taxonomy":"category","embeddable":true,"href":"https:\/\/insideamateurfussball-ffm.de\/index.php?rest_route=%2Fwp%2Fv2%2Fcategories&post=26809"},{"taxonomy":"post_tag","embeddable":true,"href":"https:\/\/insideamateurfussball-ffm.de\/index.php?rest_route=%2Fwp%2Fv2%2Ftags&post=26809"}],"curies":[{"name":"wp","href":"https:\/\/api.w.org\/{rel}","templated":true}]}}