{"id":26794,"date":"2025-07-21T19:48:51","date_gmt":"2025-07-21T18:48:51","guid":{"rendered":"https:\/\/insideamateurfussball-ffm.de\/?p=26794"},"modified":"2025-07-21T19:48:51","modified_gmt":"2025-07-21T18:48:51","slug":"heddernheim-44-mit-interimscoach-siegel","status":"publish","type":"post","link":"https:\/\/insideamateurfussball-ffm.de\/?p=26794","title":{"rendered":"Heddernheim 4:4 mit Interimscoach Siegel"},"content":{"rendered":"<h4>Mit Interimscoach Philipp Siegel hat der SV 07 Heddernheim im Testspiel beim A-Kreisligisten TuS Nieder-Eschbach 4:4 (2:1) gespielt. Der langj\u00e4hrige Kapit\u00e4n der Gr\u00fcn-Wei\u00dfen vertritt Trainer Andreas Berggold w\u00e4hrend seiner Urlaubszeit.<\/h4>\n<figure id=\"attachment_26795\" aria-describedby=\"caption-attachment-26795\" style=\"width: 2048px\" class=\"wp-caption alignnone\"><img loading=\"lazy\" decoding=\"async\" class=\"wp-image-26795 size-full\" src=\"http:\/\/insideamateurfussball-ffm.de\/wp-content\/uploads\/2025\/07\/Nie-SVH.jpg\" alt=\"\" width=\"2048\" height=\"1536\" srcset=\"https:\/\/insideamateurfussball-ffm.de\/wp-content\/uploads\/2025\/07\/Nie-SVH.jpg 2048w, https:\/\/insideamateurfussball-ffm.de\/wp-content\/uploads\/2025\/07\/Nie-SVH-300x225.jpg 300w, https:\/\/insideamateurfussball-ffm.de\/wp-content\/uploads\/2025\/07\/Nie-SVH-1024x768.jpg 1024w, https:\/\/insideamateurfussball-ffm.de\/wp-content\/uploads\/2025\/07\/Nie-SVH-768x576.jpg 768w, https:\/\/insideamateurfussball-ffm.de\/wp-content\/uploads\/2025\/07\/Nie-SVH-1536x1152.jpg 1536w\" sizes=\"auto, (max-width: 2048px) 100vw, 2048px\" \/><figcaption id=\"caption-attachment-26795\" class=\"wp-caption-text\">Heddernheim in grau &#8211; das k\u00f6nnte in dieser Saison zum Standard werden. Foto: PA.<\/figcaption><\/figure>\n<h4>TuS Nieder-Eschbach &#8211; SV 07 Heddernheim 4:4 (1:2)<\/h4>\n<p><img loading=\"lazy\" decoding=\"async\" class=\"alignnone size-full wp-image-3202\" src=\"http:\/\/insideamateurfussball-ffm.de\/wp-content\/uploads\/2022\/10\/nieder-eschb.png\" alt=\"\" width=\"57\" height=\"80\" \/><img loading=\"lazy\" decoding=\"async\" class=\"alignnone size-full wp-image-302\" src=\"http:\/\/insideamateurfussball-ffm.de\/wp-content\/uploads\/2022\/05\/1sv07_news2_4511-1.jpg\" alt=\"\" width=\"80\" height=\"80\" \/><\/p>\n<p>Im Februar waren die Gastgeber dem Kreisoberligisten noch mit 1:4 unterlegen, diesmal bot das Team von Trainer Michele Raimondi trotz 0:2-R\u00fcckstand nach zehn Minuten einen ebenb\u00fcrtigen Kampf. Nieder-Eschbach lag sogar mit 3:2 und 4:3 in F\u00fchrung, erst kurz vor Schluss gelang dem Favoriten wenigstens noch der abermalige Ausgleich. Doch der Reihe nach: Unter der Regie von Siegel, der lautstarke Anweisungen von der Seitenlinie gab, startete der SVH dominant in die Partie. Nach einem langen Ball konnte Marco Yatci TuS-Torh\u00fcter Marcel Codjo Noubouke \u00fcberwinden und traf den Pfosten. Im Nachsetzen war der Neuzugang aus Karben schneller als der Torwart und schob ein &#8211; 0:1 (3.). Nach einem Fehlpass der Gastgeber auf H\u00f6he des eigenen Strafraumes nahm sein Bruder Deniz den Ball gekonnt an und versenkte zum 0:2 (10.). Heddernheim hatte das Spiel unter Kontrolle, die Gastgeber kamen aber zum Anschlusstreffer durch Henry Naftaliev (21.), weil Tormann Marc Tomczyk zu \u00fcberst\u00fcrzt seinen Torbereich verlie\u00df und vom St\u00fcrmer \u00fcberlaufen wurde. Das 1:2 gab Nieder-Eschbach R\u00fcckenwind und nach dem Seitenwechsel verursachte der eingewechselte Soufiane Bensaou einen Foulelfmeter, den Naftaliev zum Ausgleich nutzte (56.).<\/p>\n<p>Nun war es ein offener Schlagabtausch. Nico Raimondi traf aus der Distanz zum 3:2 (72.). Im Gegenzug wurde Cherano Willef\u00fchr lang geschickt und erzielte das 3:3 (74.). Alpha Jallow brachte Nieder-Eschbach wieder nach vorne (79.), aber das letzte Wort hatte SVH-Kapit\u00e4n Antonie Willef\u00fchr mit seinem Heber zum 4:4 (88.). Dogan Nazim Erbulan vergab nach einer Ecke in der 90. Minute noch den m\u00f6glichen Siegtreffer. &#8222;Wir wollen uns stabilisieren, uns Woche f\u00fcr Woche verbessern. Seit eineinhalb Jahren bin ich jetzt hier, wir sind auf dem Weg der Besserung. Vorne schie\u00dfen wir viele Tore, hinten kassieren wir aber auch viel. Heddernheim wird wahrscheinlich oben mitspielen, weil sie durch die vielen neuen Spieler gute Anlagen haben. Vor allem ihre Zentrale war sehr stark im ersten Abschnitt. Danach haben wir Mann gegen Mann gespielt und so ist das Ergebnis korrekt&#8220;, analysierte TuS-Trainer Michele Raimondi, dessen Team in der vergangenen Saison Vierter der in der Gruppe 2 der Kreisliga A wurde.<\/p>\n<blockquote>\n<h4>&#8222;Zweite Halbzeit haben wir umgestellt, auch im System&#8220; (Heddernheims Interimstrainer Philipp Siegel)<\/h4>\n<\/blockquote>\n<p>Siegel hingegen sah ein &#8222;klassisches Testspiel. Erste Halbzeit haben wir gef\u00fchlt auf ein Tor gespielt, haben noch einige Chancen liegengelassen mit sehr viel Ballbesitz und Kontrolle. Der Gegner hatte keine nennenswerten Abschl\u00fcsse. Zweite Halbzeit haben wir umgestellt, auch im System. Da hatten wir nicht mehr den Zugriff, haben aber zu viel diskutiert und zu einfache Gegentore bekommen.&#8220; Was das Niveau der Mannschaft betrifft, konnte Siegel noch kein Urteil f\u00e4llen: &#8222;Sicher h\u00f6ren sich die Namen gut an in der Offensive. Aber vorrangig muss erreicht werden, dass wir defensiv besser arbeiten. Noch eine Saison mit 105 Gegentoren kann und will man sich nicht leisten. Da muss man ansetzen. Deswegen sind wir sicher kein Mitfavorit, da muss man die Kirche im Dorf lassen. Aber die Saison kann uns sicher mehr positive Momente bringen.&#8220;<\/p>\n<p>Seine eigene Rolle im Verein? &#8222;Da gibt es keinen richtigen Plan. Ich tue meinem langj\u00e4hrigen Trainer Andi Berggold einen Gefallen, dass er entspannt in Urlaub fahren kann. Danach werde ich wieder als Zuschauer auf dem Sportplatz stehen.&#8220; Im letzten Testspiel spielen die Heddernheimer am Sonntag beim FC Karben II (13 Uhr). Danach geht es schon zum ersten Punktspiel beim SV Viktoria Preu\u00dfen am 3. August (15 Uhr).<\/p>\n<blockquote>\n<h4>Schiedsrichter: Patrick Nied (SV Viktoria Preu\u00dfen). Zuschauer: 52.<\/h4>\n<h4>Tore: 0:1 Marco Yatci (3.), 0:2 Deniz Yatci (10.), 1:2, 2:2 Henry Naftaliev (21.\/56., Foulelfmeter), 3:2 Nico Raimondi (72.), 3:3 Cherano Willef\u00fchr (74.), 4:3 Alpha Jallow (79.), 4:4 Antonie Willef\u00fchr (88.).<\/h4>\n<\/blockquote>\n","protected":false},"excerpt":{"rendered":"<p>Mit Interimscoach Philipp Siegel hat der SV 07 Heddernheim im Testspiel beim A-Kreisligisten TuS Nieder-Eschbach 4:4 (2:1) gespielt. Der langj\u00e4hrige Kapit\u00e4n der Gr\u00fcn-Wei\u00dfen vertritt Trainer Andreas Berggold w\u00e4hrend seiner Urlaubszeit. TuS Nieder-Eschbach &#8211; SV 07 Heddernheim 4:4 (1:2) Im Februar waren die Gastgeber dem Kreisoberligisten noch mit 1:4 unterlegen, diesmal bot das Team von Trainer [&hellip;]<\/p>\n","protected":false},"author":1,"featured_media":26795,"comment_status":"closed","ping_status":"closed","sticky":true,"template":"","format":"standard","meta":{"footnotes":""},"categories":[21],"tags":[],"class_list":["post-26794","post","type-post","status-publish","format-standard","has-post-thumbnail","hentry","category-testspiele"],"_links":{"self":[{"href":"https:\/\/insideamateurfussball-ffm.de\/index.php?rest_route=\/wp\/v2\/posts\/26794","targetHints":{"allow":["GET"]}}],"collection":[{"href":"https:\/\/insideamateurfussball-ffm.de\/index.php?rest_route=\/wp\/v2\/posts"}],"about":[{"href":"https:\/\/insideamateurfussball-ffm.de\/index.php?rest_route=\/wp\/v2\/types\/post"}],"author":[{"embeddable":true,"href":"https:\/\/insideamateurfussball-ffm.de\/index.php?rest_route=\/wp\/v2\/users\/1"}],"replies":[{"embeddable":true,"href":"https:\/\/insideamateurfussball-ffm.de\/index.php?rest_route=%2Fwp%2Fv2%2Fcomments&post=26794"}],"version-history":[{"count":1,"href":"https:\/\/insideamateurfussball-ffm.de\/index.php?rest_route=\/wp\/v2\/posts\/26794\/revisions"}],"predecessor-version":[{"id":26796,"href":"https:\/\/insideamateurfussball-ffm.de\/index.php?rest_route=\/wp\/v2\/posts\/26794\/revisions\/26796"}],"wp:featuredmedia":[{"embeddable":true,"href":"https:\/\/insideamateurfussball-ffm.de\/index.php?rest_route=\/wp\/v2\/media\/26795"}],"wp:attachment":[{"href":"https:\/\/insideamateurfussball-ffm.de\/index.php?rest_route=%2Fwp%2Fv2%2Fmedia&parent=26794"}],"wp:term":[{"taxonomy":"category","embeddable":true,"href":"https:\/\/insideamateurfussball-ffm.de\/index.php?rest_route=%2Fwp%2Fv2%2Fcategories&post=26794"},{"taxonomy":"post_tag","embeddable":true,"href":"https:\/\/insideamateurfussball-ffm.de\/index.php?rest_route=%2Fwp%2Fv2%2Ftags&post=26794"}],"curies":[{"name":"wp","href":"https:\/\/api.w.org\/{rel}","templated":true}]}}