{"id":26753,"date":"2025-07-21T10:44:16","date_gmt":"2025-07-21T09:44:16","guid":{"rendered":"https:\/\/insideamateurfussball-ffm.de\/?p=26753"},"modified":"2025-07-21T10:44:16","modified_gmt":"2025-07-21T09:44:16","slug":"bornheim-siegt-klar-beim-gruppenligisten","status":"publish","type":"post","link":"https:\/\/insideamateurfussball-ffm.de\/?p=26753","title":{"rendered":"Bornheim siegt klar beim Gruppenligisten"},"content":{"rendered":"<h4>SG Bornheim-Fotograf Andre Sturmeit sendete uns Bilder vom 6:1-Testspielsieg der SG Bornheim beim Gruppenligisten T\u00fcrkischer SV Bad Nauheim, die wir Euch nicht vorenthalten wollen.<\/h4>\n<figure id=\"attachment_26755\" aria-describedby=\"caption-attachment-26755\" style=\"width: 2560px\" class=\"wp-caption alignnone\"><img loading=\"lazy\" decoding=\"async\" class=\"wp-image-26755 size-full\" src=\"http:\/\/insideamateurfussball-ffm.de\/wp-content\/uploads\/2025\/07\/Nauheim-SGB_250720-44-scaled.jpg\" alt=\"\" width=\"2560\" height=\"1707\" srcset=\"https:\/\/insideamateurfussball-ffm.de\/wp-content\/uploads\/2025\/07\/Nauheim-SGB_250720-44-scaled.jpg 2560w, https:\/\/insideamateurfussball-ffm.de\/wp-content\/uploads\/2025\/07\/Nauheim-SGB_250720-44-300x200.jpg 300w, https:\/\/insideamateurfussball-ffm.de\/wp-content\/uploads\/2025\/07\/Nauheim-SGB_250720-44-1024x683.jpg 1024w, https:\/\/insideamateurfussball-ffm.de\/wp-content\/uploads\/2025\/07\/Nauheim-SGB_250720-44-768x512.jpg 768w, https:\/\/insideamateurfussball-ffm.de\/wp-content\/uploads\/2025\/07\/Nauheim-SGB_250720-44-1536x1024.jpg 1536w, https:\/\/insideamateurfussball-ffm.de\/wp-content\/uploads\/2025\/07\/Nauheim-SGB_250720-44-2048x1365.jpg 2048w\" sizes=\"auto, (max-width: 2560px) 100vw, 2560px\" \/><figcaption id=\"caption-attachment-26755\" class=\"wp-caption-text\">Bornheims Trainer Taner Yalcin bei der Vorbesprechung mit seiner Mannschaft. Foto: Andre Sturmeit.<\/figcaption><\/figure>\n<h4>T\u00fcrkischer SV Bad Nauheim &#8211; SG Bornheim 1:6 (1:1)<\/h4>\n<p><img loading=\"lazy\" decoding=\"async\" class=\"alignnone  wp-image-25899\" src=\"http:\/\/insideamateurfussball-ffm.de\/wp-content\/uploads\/2025\/05\/Tuerkischer-SV.jpg\" alt=\"\" width=\"73\" height=\"73\" \/><img loading=\"lazy\" decoding=\"async\" class=\"alignnone size-full wp-image-119\" src=\"http:\/\/insideamateurfussball-ffm.de\/wp-content\/uploads\/2022\/05\/Bornheim.jpg\" alt=\"\" width=\"80\" height=\"80\" \/><\/p>\n<p>Verbandsligist SG Bornheim holte im vierten Anlauf seinen ersten Testspielsieg, beim Gruppenligisten T\u00fcrkischer SV Bad Nauheim gewann die Mannschaft von Trainer Taner Yalcin mit 6:1. Die Gastgeber gingen fr\u00fch in der 9.Minute durch Ozan Keskin mit 1:0 in F\u00fchrung, Lukas Knell mit einem Doppelpack kurz vor und kurz nach der Halbzeitpause drehte dann die Partie. Die weiteren Treffer f\u00fcr Bornheim erzielten Hicham Boujerad (61.Minute zum 3:1, 90.Minute zum 6:1), Luan Beqiri (75.Minute zum 4:1) und Neuzugang Alexander Bauscher (85.Minute zum 5:1). Am Donnerstag folgte das n\u00e4chste Testspiel beim OSC Rosenh\u00f6he, einem Gruppenligisten der Gruppe Frankfurt Ost.<\/p>\n<h4>Schiedsrichter: Atul Kumar (SV Germania Ockstadt). Zuschauer: k.A.<\/h4>\n<h4>Tore: 1:0 Ozan Keskin (9.), 1:1 Lukas Knell (45.), 1;2 Lukas Knell (46.), 1:3 Hicham Boujerad (61.), 1:4 Luan Beqiri (75.), 1:5 Alexander Bauscher (85.), 1:6 Hicham Boujerad (90.)<\/h4>\n<blockquote>\n<h4>Vielen Dank an Andre Sturmeit f\u00fcr die Fotos.<\/h4>\n<\/blockquote>\n\n\n<figure class=\"wp-block-image size-large\"><img loading=\"lazy\" decoding=\"async\" width=\"1024\" height=\"683\" src=\"http:\/\/insideamateurfussball-ffm.de\/wp-content\/uploads\/2025\/07\/TuerkBadNauheim-SGB_250720-19-1024x683.jpg\" alt=\"\" class=\"wp-image-26756\" srcset=\"https:\/\/insideamateurfussball-ffm.de\/wp-content\/uploads\/2025\/07\/TuerkBadNauheim-SGB_250720-19-1024x683.jpg 1024w, https:\/\/insideamateurfussball-ffm.de\/wp-content\/uploads\/2025\/07\/TuerkBadNauheim-SGB_250720-19-300x200.jpg 300w, https:\/\/insideamateurfussball-ffm.de\/wp-content\/uploads\/2025\/07\/TuerkBadNauheim-SGB_250720-19-768x512.jpg 768w, https:\/\/insideamateurfussball-ffm.de\/wp-content\/uploads\/2025\/07\/TuerkBadNauheim-SGB_250720-19-1536x1024.jpg 1536w, https:\/\/insideamateurfussball-ffm.de\/wp-content\/uploads\/2025\/07\/TuerkBadNauheim-SGB_250720-19-2048x1365.jpg 2048w\" sizes=\"auto, (max-width: 1024px) 100vw, 1024px\" \/><\/figure>\n\n\n\n<figure class=\"wp-block-image size-large\"><img loading=\"lazy\" decoding=\"async\" width=\"1024\" height=\"683\" src=\"http:\/\/insideamateurfussball-ffm.de\/wp-content\/uploads\/2025\/07\/TuerkBadNauheim-SGB_250720-28-1024x683.jpg\" alt=\"\" class=\"wp-image-26757\" srcset=\"https:\/\/insideamateurfussball-ffm.de\/wp-content\/uploads\/2025\/07\/TuerkBadNauheim-SGB_250720-28-1024x683.jpg 1024w, https:\/\/insideamateurfussball-ffm.de\/wp-content\/uploads\/2025\/07\/TuerkBadNauheim-SGB_250720-28-300x200.jpg 300w, https:\/\/insideamateurfussball-ffm.de\/wp-content\/uploads\/2025\/07\/TuerkBadNauheim-SGB_250720-28-768x512.jpg 768w, https:\/\/insideamateurfussball-ffm.de\/wp-content\/uploads\/2025\/07\/TuerkBadNauheim-SGB_250720-28-1536x1024.jpg 1536w, https:\/\/insideamateurfussball-ffm.de\/wp-content\/uploads\/2025\/07\/TuerkBadNauheim-SGB_250720-28-2048x1365.jpg 2048w\" sizes=\"auto, (max-width: 1024px) 100vw, 1024px\" \/><\/figure>\n\n\n\n<figure class=\"wp-block-image size-large\"><img loading=\"lazy\" decoding=\"async\" width=\"1024\" height=\"683\" src=\"http:\/\/insideamateurfussball-ffm.de\/wp-content\/uploads\/2025\/07\/TuerkBadNauheim-SGB_250720-57-1024x683.jpg\" alt=\"\" class=\"wp-image-26758\" srcset=\"https:\/\/insideamateurfussball-ffm.de\/wp-content\/uploads\/2025\/07\/TuerkBadNauheim-SGB_250720-57-1024x683.jpg 1024w, https:\/\/insideamateurfussball-ffm.de\/wp-content\/uploads\/2025\/07\/TuerkBadNauheim-SGB_250720-57-300x200.jpg 300w, https:\/\/insideamateurfussball-ffm.de\/wp-content\/uploads\/2025\/07\/TuerkBadNauheim-SGB_250720-57-768x512.jpg 768w, https:\/\/insideamateurfussball-ffm.de\/wp-content\/uploads\/2025\/07\/TuerkBadNauheim-SGB_250720-57-1536x1024.jpg 1536w, https:\/\/insideamateurfussball-ffm.de\/wp-content\/uploads\/2025\/07\/TuerkBadNauheim-SGB_250720-57-2048x1365.jpg 2048w\" sizes=\"auto, (max-width: 1024px) 100vw, 1024px\" \/><\/figure>\n\n\n\n<figure class=\"wp-block-image size-large\"><img loading=\"lazy\" decoding=\"async\" width=\"1024\" height=\"683\" src=\"http:\/\/insideamateurfussball-ffm.de\/wp-content\/uploads\/2025\/07\/Nauheim-SGB_250720-23-1024x683.jpg\" alt=\"\" class=\"wp-image-26754\" srcset=\"https:\/\/insideamateurfussball-ffm.de\/wp-content\/uploads\/2025\/07\/Nauheim-SGB_250720-23-1024x683.jpg 1024w, https:\/\/insideamateurfussball-ffm.de\/wp-content\/uploads\/2025\/07\/Nauheim-SGB_250720-23-300x200.jpg 300w, https:\/\/insideamateurfussball-ffm.de\/wp-content\/uploads\/2025\/07\/Nauheim-SGB_250720-23-768x512.jpg 768w, https:\/\/insideamateurfussball-ffm.de\/wp-content\/uploads\/2025\/07\/Nauheim-SGB_250720-23-1536x1024.jpg 1536w, https:\/\/insideamateurfussball-ffm.de\/wp-content\/uploads\/2025\/07\/Nauheim-SGB_250720-23-2048x1366.jpg 2048w\" sizes=\"auto, (max-width: 1024px) 100vw, 1024px\" \/><\/figure>\n\n\n\n<figure class=\"wp-block-image size-large\"><img loading=\"lazy\" decoding=\"async\" width=\"1024\" height=\"683\" src=\"http:\/\/insideamateurfussball-ffm.de\/wp-content\/uploads\/2025\/07\/TuerkBadNauheim-SGB_250720-88-1024x683.jpg\" alt=\"\" class=\"wp-image-26759\" srcset=\"https:\/\/insideamateurfussball-ffm.de\/wp-content\/uploads\/2025\/07\/TuerkBadNauheim-SGB_250720-88-1024x683.jpg 1024w, https:\/\/insideamateurfussball-ffm.de\/wp-content\/uploads\/2025\/07\/TuerkBadNauheim-SGB_250720-88-300x200.jpg 300w, https:\/\/insideamateurfussball-ffm.de\/wp-content\/uploads\/2025\/07\/TuerkBadNauheim-SGB_250720-88-768x512.jpg 768w, https:\/\/insideamateurfussball-ffm.de\/wp-content\/uploads\/2025\/07\/TuerkBadNauheim-SGB_250720-88-1536x1024.jpg 1536w, https:\/\/insideamateurfussball-ffm.de\/wp-content\/uploads\/2025\/07\/TuerkBadNauheim-SGB_250720-88-2048x1365.jpg 2048w\" sizes=\"auto, (max-width: 1024px) 100vw, 1024px\" \/><\/figure>\n\n\n\n<figure class=\"wp-block-image size-large\"><img loading=\"lazy\" decoding=\"async\" width=\"1024\" height=\"683\" src=\"http:\/\/insideamateurfussball-ffm.de\/wp-content\/uploads\/2025\/07\/TuerkBadNauheim-SGB_250720-106-1024x683.jpg\" alt=\"\" class=\"wp-image-26761\" srcset=\"https:\/\/insideamateurfussball-ffm.de\/wp-content\/uploads\/2025\/07\/TuerkBadNauheim-SGB_250720-106-1024x683.jpg 1024w, https:\/\/insideamateurfussball-ffm.de\/wp-content\/uploads\/2025\/07\/TuerkBadNauheim-SGB_250720-106-300x200.jpg 300w, https:\/\/insideamateurfussball-ffm.de\/wp-content\/uploads\/2025\/07\/TuerkBadNauheim-SGB_250720-106-768x512.jpg 768w, https:\/\/insideamateurfussball-ffm.de\/wp-content\/uploads\/2025\/07\/TuerkBadNauheim-SGB_250720-106-1536x1024.jpg 1536w, https:\/\/insideamateurfussball-ffm.de\/wp-content\/uploads\/2025\/07\/TuerkBadNauheim-SGB_250720-106-2048x1365.jpg 2048w\" sizes=\"auto, (max-width: 1024px) 100vw, 1024px\" \/><\/figure>\n\n\n\n<figure class=\"wp-block-image size-large\"><img loading=\"lazy\" decoding=\"async\" width=\"1024\" height=\"683\" src=\"http:\/\/insideamateurfussball-ffm.de\/wp-content\/uploads\/2025\/07\/TuerkBadNauheim-SGB_250720-210-1024x683.jpg\" alt=\"\" class=\"wp-image-26763\" srcset=\"https:\/\/insideamateurfussball-ffm.de\/wp-content\/uploads\/2025\/07\/TuerkBadNauheim-SGB_250720-210-1024x683.jpg 1024w, https:\/\/insideamateurfussball-ffm.de\/wp-content\/uploads\/2025\/07\/TuerkBadNauheim-SGB_250720-210-300x200.jpg 300w, https:\/\/insideamateurfussball-ffm.de\/wp-content\/uploads\/2025\/07\/TuerkBadNauheim-SGB_250720-210-768x512.jpg 768w, https:\/\/insideamateurfussball-ffm.de\/wp-content\/uploads\/2025\/07\/TuerkBadNauheim-SGB_250720-210-1536x1024.jpg 1536w, https:\/\/insideamateurfussball-ffm.de\/wp-content\/uploads\/2025\/07\/TuerkBadNauheim-SGB_250720-210-2048x1365.jpg 2048w\" sizes=\"auto, (max-width: 1024px) 100vw, 1024px\" \/><\/figure>\n\n\n\n<figure class=\"wp-block-image size-large\"><img loading=\"lazy\" decoding=\"async\" width=\"1024\" height=\"683\" src=\"http:\/\/insideamateurfussball-ffm.de\/wp-content\/uploads\/2025\/07\/TuerkBadNauheim-SGB_250720-238-1024x683.jpg\" alt=\"\" class=\"wp-image-26764\" srcset=\"https:\/\/insideamateurfussball-ffm.de\/wp-content\/uploads\/2025\/07\/TuerkBadNauheim-SGB_250720-238-1024x683.jpg 1024w, https:\/\/insideamateurfussball-ffm.de\/wp-content\/uploads\/2025\/07\/TuerkBadNauheim-SGB_250720-238-300x200.jpg 300w, https:\/\/insideamateurfussball-ffm.de\/wp-content\/uploads\/2025\/07\/TuerkBadNauheim-SGB_250720-238-768x512.jpg 768w, https:\/\/insideamateurfussball-ffm.de\/wp-content\/uploads\/2025\/07\/TuerkBadNauheim-SGB_250720-238-1536x1024.jpg 1536w, https:\/\/insideamateurfussball-ffm.de\/wp-content\/uploads\/2025\/07\/TuerkBadNauheim-SGB_250720-238-2048x1365.jpg 2048w\" sizes=\"auto, (max-width: 1024px) 100vw, 1024px\" \/><\/figure>\n\n\n\n<figure class=\"wp-block-image size-large\"><img loading=\"lazy\" decoding=\"async\" width=\"1024\" height=\"683\" src=\"http:\/\/insideamateurfussball-ffm.de\/wp-content\/uploads\/2025\/07\/TuerkBadNauheim-SGB_250720-248-1024x683.jpg\" alt=\"\" class=\"wp-image-26765\" srcset=\"https:\/\/insideamateurfussball-ffm.de\/wp-content\/uploads\/2025\/07\/TuerkBadNauheim-SGB_250720-248-1024x683.jpg 1024w, https:\/\/insideamateurfussball-ffm.de\/wp-content\/uploads\/2025\/07\/TuerkBadNauheim-SGB_250720-248-300x200.jpg 300w, https:\/\/insideamateurfussball-ffm.de\/wp-content\/uploads\/2025\/07\/TuerkBadNauheim-SGB_250720-248-768x512.jpg 768w, https:\/\/insideamateurfussball-ffm.de\/wp-content\/uploads\/2025\/07\/TuerkBadNauheim-SGB_250720-248-1536x1024.jpg 1536w, https:\/\/insideamateurfussball-ffm.de\/wp-content\/uploads\/2025\/07\/TuerkBadNauheim-SGB_250720-248-2048x1365.jpg 2048w\" sizes=\"auto, (max-width: 1024px) 100vw, 1024px\" \/><\/figure>\n\n\n\n<figure class=\"wp-block-image size-large\"><img loading=\"lazy\" decoding=\"async\" width=\"1024\" height=\"683\" src=\"http:\/\/insideamateurfussball-ffm.de\/wp-content\/uploads\/2025\/07\/TuerkBadNauheim-SGB_250720-424-1024x683.jpg\" alt=\"\" class=\"wp-image-26768\" srcset=\"https:\/\/insideamateurfussball-ffm.de\/wp-content\/uploads\/2025\/07\/TuerkBadNauheim-SGB_250720-424-1024x683.jpg 1024w, https:\/\/insideamateurfussball-ffm.de\/wp-content\/uploads\/2025\/07\/TuerkBadNauheim-SGB_250720-424-300x200.jpg 300w, https:\/\/insideamateurfussball-ffm.de\/wp-content\/uploads\/2025\/07\/TuerkBadNauheim-SGB_250720-424-768x512.jpg 768w, https:\/\/insideamateurfussball-ffm.de\/wp-content\/uploads\/2025\/07\/TuerkBadNauheim-SGB_250720-424-1536x1024.jpg 1536w, https:\/\/insideamateurfussball-ffm.de\/wp-content\/uploads\/2025\/07\/TuerkBadNauheim-SGB_250720-424-2048x1366.jpg 2048w\" sizes=\"auto, (max-width: 1024px) 100vw, 1024px\" \/><\/figure>\n\n\n\n<figure class=\"wp-block-image size-large\"><img loading=\"lazy\" decoding=\"async\" width=\"1024\" height=\"683\" src=\"http:\/\/insideamateurfussball-ffm.de\/wp-content\/uploads\/2025\/07\/TuerkBadNauheim-SGB_250720-505-1024x683.jpg\" alt=\"\" class=\"wp-image-26769\" srcset=\"https:\/\/insideamateurfussball-ffm.de\/wp-content\/uploads\/2025\/07\/TuerkBadNauheim-SGB_250720-505-1024x683.jpg 1024w, https:\/\/insideamateurfussball-ffm.de\/wp-content\/uploads\/2025\/07\/TuerkBadNauheim-SGB_250720-505-300x200.jpg 300w, https:\/\/insideamateurfussball-ffm.de\/wp-content\/uploads\/2025\/07\/TuerkBadNauheim-SGB_250720-505-768x512.jpg 768w, https:\/\/insideamateurfussball-ffm.de\/wp-content\/uploads\/2025\/07\/TuerkBadNauheim-SGB_250720-505-1536x1024.jpg 1536w, https:\/\/insideamateurfussball-ffm.de\/wp-content\/uploads\/2025\/07\/TuerkBadNauheim-SGB_250720-505-2048x1365.jpg 2048w\" sizes=\"auto, (max-width: 1024px) 100vw, 1024px\" \/><\/figure>\n\n\n\n<figure class=\"wp-block-image size-large\"><img loading=\"lazy\" decoding=\"async\" width=\"1024\" height=\"683\" src=\"http:\/\/insideamateurfussball-ffm.de\/wp-content\/uploads\/2025\/07\/TuerkBadNauheim-SGB_250720-522-1024x683.jpg\" alt=\"\" class=\"wp-image-26770\" srcset=\"https:\/\/insideamateurfussball-ffm.de\/wp-content\/uploads\/2025\/07\/TuerkBadNauheim-SGB_250720-522-1024x683.jpg 1024w, https:\/\/insideamateurfussball-ffm.de\/wp-content\/uploads\/2025\/07\/TuerkBadNauheim-SGB_250720-522-300x200.jpg 300w, https:\/\/insideamateurfussball-ffm.de\/wp-content\/uploads\/2025\/07\/TuerkBadNauheim-SGB_250720-522-768x512.jpg 768w, https:\/\/insideamateurfussball-ffm.de\/wp-content\/uploads\/2025\/07\/TuerkBadNauheim-SGB_250720-522-1536x1024.jpg 1536w, https:\/\/insideamateurfussball-ffm.de\/wp-content\/uploads\/2025\/07\/TuerkBadNauheim-SGB_250720-522-2048x1365.jpg 2048w\" sizes=\"auto, (max-width: 1024px) 100vw, 1024px\" \/><\/figure>\n","protected":false},"excerpt":{"rendered":"<p>SG Bornheim-Fotograf Andre Sturmeit sendete uns Bilder vom 6:1-Testspielsieg der SG Bornheim beim Gruppenligisten T\u00fcrkischer SV Bad Nauheim, die wir Euch nicht vorenthalten wollen. T\u00fcrkischer SV Bad Nauheim &#8211; SG Bornheim 1:6 (1:1) Verbandsligist SG Bornheim holte im vierten Anlauf seinen ersten Testspielsieg, beim Gruppenligisten T\u00fcrkischer SV Bad Nauheim gewann die Mannschaft von Trainer Taner [&hellip;]<\/p>\n","protected":false},"author":3,"featured_media":26755,"comment_status":"closed","ping_status":"open","sticky":true,"template":"","format":"standard","meta":{"footnotes":""},"categories":[21],"tags":[],"class_list":["post-26753","post","type-post","status-publish","format-standard","has-post-thumbnail","hentry","category-testspiele"],"_links":{"self":[{"href":"https:\/\/insideamateurfussball-ffm.de\/index.php?rest_route=\/wp\/v2\/posts\/26753","targetHints":{"allow":["GET"]}}],"collection":[{"href":"https:\/\/insideamateurfussball-ffm.de\/index.php?rest_route=\/wp\/v2\/posts"}],"about":[{"href":"https:\/\/insideamateurfussball-ffm.de\/index.php?rest_route=\/wp\/v2\/types\/post"}],"author":[{"embeddable":true,"href":"https:\/\/insideamateurfussball-ffm.de\/index.php?rest_route=\/wp\/v2\/users\/3"}],"replies":[{"embeddable":true,"href":"https:\/\/insideamateurfussball-ffm.de\/index.php?rest_route=%2Fwp%2Fv2%2Fcomments&post=26753"}],"version-history":[{"count":2,"href":"https:\/\/insideamateurfussball-ffm.de\/index.php?rest_route=\/wp\/v2\/posts\/26753\/revisions"}],"predecessor-version":[{"id":26772,"href":"https:\/\/insideamateurfussball-ffm.de\/index.php?rest_route=\/wp\/v2\/posts\/26753\/revisions\/26772"}],"wp:featuredmedia":[{"embeddable":true,"href":"https:\/\/insideamateurfussball-ffm.de\/index.php?rest_route=\/wp\/v2\/media\/26755"}],"wp:attachment":[{"href":"https:\/\/insideamateurfussball-ffm.de\/index.php?rest_route=%2Fwp%2Fv2%2Fmedia&parent=26753"}],"wp:term":[{"taxonomy":"category","embeddable":true,"href":"https:\/\/insideamateurfussball-ffm.de\/index.php?rest_route=%2Fwp%2Fv2%2Fcategories&post=26753"},{"taxonomy":"post_tag","embeddable":true,"href":"https:\/\/insideamateurfussball-ffm.de\/index.php?rest_route=%2Fwp%2Fv2%2Ftags&post=26753"}],"curies":[{"name":"wp","href":"https:\/\/api.w.org\/{rel}","templated":true}]}}