{"id":26733,"date":"2025-07-18T17:06:04","date_gmt":"2025-07-18T16:06:04","guid":{"rendered":"https:\/\/insideamateurfussball-ffm.de\/?p=26733"},"modified":"2025-07-18T17:06:44","modified_gmt":"2025-07-18T16:06:44","slug":"harheim-will-fruehzeitig-klassenerhalt-sichern","status":"publish","type":"post","link":"https:\/\/insideamateurfussball-ffm.de\/?p=26733","title":{"rendered":"Harheim will fr\u00fchzeitig Klassenerhalt sichern"},"content":{"rendered":"<h4>Die SG Harheim geht mit Realismus in ihre vierte Kreisoberliga-Saison. Nach den Pl\u00e4tzen sieben, zehn und neun in den Vorjahren gibt der lautstarke Trainer Christian Balzer lediglich die fr\u00fche Sicherung des Klassenerhaltes als Ziel an.<\/h4>\n<figure id=\"attachment_26734\" aria-describedby=\"caption-attachment-26734\" style=\"width: 1006px\" class=\"wp-caption alignnone\"><img loading=\"lazy\" decoding=\"async\" class=\"wp-image-26734\" src=\"http:\/\/insideamateurfussball-ffm.de\/wp-content\/uploads\/2025\/07\/DSC_0440-6.jpg\" alt=\"\" width=\"1006\" height=\"755\" srcset=\"https:\/\/insideamateurfussball-ffm.de\/wp-content\/uploads\/2025\/07\/DSC_0440-6.jpg 997w, https:\/\/insideamateurfussball-ffm.de\/wp-content\/uploads\/2025\/07\/DSC_0440-6-300x225.jpg 300w, https:\/\/insideamateurfussball-ffm.de\/wp-content\/uploads\/2025\/07\/DSC_0440-6-768x576.jpg 768w\" sizes=\"auto, (max-width: 1006px) 100vw, 1006px\" \/><figcaption id=\"caption-attachment-26734\" class=\"wp-caption-text\">Ein Original, der immer sagt, was er denkt. Harheims Trainer Christian Balzer. Foto: Archiv: J\u00f6rg Schulz.<\/figcaption><\/figure>\n<p><img loading=\"lazy\" decoding=\"async\" class=\"alignnone size-full wp-image-284\" src=\"http:\/\/insideamateurfussball-ffm.de\/wp-content\/uploads\/2022\/05\/Harheim.jpg\" alt=\"\" width=\"78\" height=\"80\" \/><\/p>\n<p>Der fr\u00fchere Oberliga-Spieler, neben seiner Trainert\u00e4tigkeit in Harheim auch bei der Classique der SG Hoechst und der Traditionself der Eintracht aktiv, hat den n\u00f6rdlichsten Verein der Klasse in seiner zweiten Amtsperiode im Mittelfeld des Tableaus etabliert. Das Aufgebot ver\u00e4ndert sich nur minimal. Vier Zug\u00e4ngen stehen drei Abg\u00e4nge gegen\u00fcber, darunter sein Sohn Nils Viktor Balzer, der zur\u00fcck zum A-Ligisten TSG 51 gewechselt ist.<\/p>\n<h4>Was erwartet ihr von der neuen Saison? Wie lautet euer Saisonziel?<\/h4>\n<p>Fr\u00fchzeitig den Klassenerhalt sichern und von Verletzungen verschont bleiben.<\/p>\n<h4>Welche Zu- und Abg\u00e4nge habt ihr Stand jetzt zu verzeichnen?<\/h4>\n<p>Zug\u00e4nge:<\/p>\n<ul style=\"list-style-type: square;\">\n<li>Jannis Knorr (SC Dortelweil)<\/li>\n<li>Jonathan Wolf (TV Burgholzhausen)<\/li>\n<li>David M\u00fcller (FV Bad Vilbel U19)<\/li>\n<li>Leon Widdekind (FV Bad Vilbel U19)<\/li>\n<\/ul>\n<p>Abg\u00e4nge:<\/p>\n<ul style=\"list-style-type: square;\">\n<li>Nils Viktor Balzer (TSG 51)<\/li>\n<li>Yassine Wahman (TuS Nieder-Eschbach)<\/li>\n<li>Johannes Gladeck (FC Gudesding)<\/li>\n<\/ul>\n<h4>Wer sind f\u00fcr Euch die Favoriten in der Liga?<\/h4>\n<ul style=\"list-style-type: square;\">\n<li>Spvgg. 02 Griesheim<\/li>\n<li>SV 07 Heddernheim<\/li>\n<li>FC Union Niederrad<\/li>\n<\/ul>\n<h4>Wie ist eure Meinung zur neuen Auswechselregelung in Hessens Amateurfu\u00dfball (5 Wechsel maximal inklusive R\u00fcckwechsel)?<\/h4>\n<p>F\u00fcr die Mannschaften mit gro\u00dfen Kadern wahrscheinlich ok, bin gespannt wie die Schiedsrichter das aufnehmen und wie lange ein Fu\u00dfballspiel dann dauert.<\/p>\n<h4>Testspiele:<\/h4>\n<p>6. Juli SG Westerfeld 2:2 (H)<\/p>\n<p>12. Juli FC Massenheim 3:2 (A).<\/p>\n<p>18. Juli SV Niederursel (A).<\/p>\n","protected":false},"excerpt":{"rendered":"<p>Die SG Harheim geht mit Realismus in ihre vierte Kreisoberliga-Saison. Nach den Pl\u00e4tzen sieben, zehn und neun in den Vorjahren gibt der lautstarke Trainer Christian Balzer lediglich die fr\u00fche Sicherung des Klassenerhaltes als Ziel an. Der fr\u00fchere Oberliga-Spieler, neben seiner Trainert\u00e4tigkeit in Harheim auch bei der Classique der SG Hoechst und der Traditionself der Eintracht [&hellip;]<\/p>\n","protected":false},"author":1,"featured_media":26734,"comment_status":"closed","ping_status":"closed","sticky":true,"template":"","format":"standard","meta":{"footnotes":""},"categories":[2],"tags":[],"class_list":["post-26733","post","type-post","status-publish","format-standard","has-post-thumbnail","hentry","category-kreisoberliga-frankfurt"],"_links":{"self":[{"href":"https:\/\/insideamateurfussball-ffm.de\/index.php?rest_route=\/wp\/v2\/posts\/26733","targetHints":{"allow":["GET"]}}],"collection":[{"href":"https:\/\/insideamateurfussball-ffm.de\/index.php?rest_route=\/wp\/v2\/posts"}],"about":[{"href":"https:\/\/insideamateurfussball-ffm.de\/index.php?rest_route=\/wp\/v2\/types\/post"}],"author":[{"embeddable":true,"href":"https:\/\/insideamateurfussball-ffm.de\/index.php?rest_route=\/wp\/v2\/users\/1"}],"replies":[{"embeddable":true,"href":"https:\/\/insideamateurfussball-ffm.de\/index.php?rest_route=%2Fwp%2Fv2%2Fcomments&post=26733"}],"version-history":[{"count":3,"href":"https:\/\/insideamateurfussball-ffm.de\/index.php?rest_route=\/wp\/v2\/posts\/26733\/revisions"}],"predecessor-version":[{"id":26737,"href":"https:\/\/insideamateurfussball-ffm.de\/index.php?rest_route=\/wp\/v2\/posts\/26733\/revisions\/26737"}],"wp:featuredmedia":[{"embeddable":true,"href":"https:\/\/insideamateurfussball-ffm.de\/index.php?rest_route=\/wp\/v2\/media\/26734"}],"wp:attachment":[{"href":"https:\/\/insideamateurfussball-ffm.de\/index.php?rest_route=%2Fwp%2Fv2%2Fmedia&parent=26733"}],"wp:term":[{"taxonomy":"category","embeddable":true,"href":"https:\/\/insideamateurfussball-ffm.de\/index.php?rest_route=%2Fwp%2Fv2%2Fcategories&post=26733"},{"taxonomy":"post_tag","embeddable":true,"href":"https:\/\/insideamateurfussball-ffm.de\/index.php?rest_route=%2Fwp%2Fv2%2Ftags&post=26733"}],"curies":[{"name":"wp","href":"https:\/\/api.w.org\/{rel}","templated":true}]}}