{"id":26730,"date":"2025-07-18T16:31:24","date_gmt":"2025-07-18T15:31:24","guid":{"rendered":"https:\/\/insideamateurfussball-ffm.de\/?p=26730"},"modified":"2025-07-18T16:31:24","modified_gmt":"2025-07-18T15:31:24","slug":"nur-minimaler-unterschied-zugunsten-von-seckbach","status":"publish","type":"post","link":"https:\/\/insideamateurfussball-ffm.de\/?p=26730","title":{"rendered":"Nur minimaler Unterschied zugunsten von Seckbach"},"content":{"rendered":"<h4>Senioren gegen Junioren hie\u00df es am Donnerstagabend an der Hochst\u00e4dter Stra\u00dfe in Seckbach. Gruppenligist FG Seckbach gewann den ungew\u00f6hnlichen Vergleich knapp mit 1:0 gegen die Hessenliga-U19 des Karbener SV.<\/h4>\n<figure id=\"attachment_26731\" aria-describedby=\"caption-attachment-26731\" style=\"width: 2048px\" class=\"wp-caption alignnone\"><img loading=\"lazy\" decoding=\"async\" class=\"wp-image-26731 size-full\" src=\"http:\/\/insideamateurfussball-ffm.de\/wp-content\/uploads\/2025\/07\/Seck-Kar.jpg\" alt=\"\" width=\"2048\" height=\"1536\" srcset=\"https:\/\/insideamateurfussball-ffm.de\/wp-content\/uploads\/2025\/07\/Seck-Kar.jpg 2048w, https:\/\/insideamateurfussball-ffm.de\/wp-content\/uploads\/2025\/07\/Seck-Kar-300x225.jpg 300w, https:\/\/insideamateurfussball-ffm.de\/wp-content\/uploads\/2025\/07\/Seck-Kar-1024x768.jpg 1024w, https:\/\/insideamateurfussball-ffm.de\/wp-content\/uploads\/2025\/07\/Seck-Kar-768x576.jpg 768w, https:\/\/insideamateurfussball-ffm.de\/wp-content\/uploads\/2025\/07\/Seck-Kar-1536x1152.jpg 1536w\" sizes=\"auto, (max-width: 2048px) 100vw, 2048px\" \/><figcaption id=\"caption-attachment-26731\" class=\"wp-caption-text\">Seckbach in gelb-schwarz hatte minimale Vorteile. Foto: PA.<\/figcaption><\/figure>\n<h4>FG Seckbach &#8211; Karbener SV U19 1:0 (0:0)<\/h4>\n<p><img loading=\"lazy\" decoding=\"async\" class=\"alignnone size-full wp-image-544\" src=\"http:\/\/insideamateurfussball-ffm.de\/wp-content\/uploads\/2022\/06\/Seckbach.jpg\" alt=\"\" width=\"80\" height=\"80\" \/><img loading=\"lazy\" decoding=\"async\" class=\"alignnone size-full wp-image-23639\" src=\"http:\/\/insideamateurfussball-ffm.de\/wp-content\/uploads\/2025\/02\/ksv-karb.png\" alt=\"\" width=\"79\" height=\"80\" \/><\/p>\n<p>Quervergleich zwischen einer Senioren-Gruppenliga-Mannschaft und einem Junioren-Hessenliga-Team. Ein gro\u00dfer Leistungsunterschied war nicht zu erkennen. Und so verlief das Spiel lange Zeit ausgeglichen. Den einzigen Treffer des Abends markierte dennoch der amtierende Kreispokalsieger bei den Herren durch Adnan Allali (66.). Die G\u00e4ste unter der Regie von Trainer Markus Pioch zeigten mit einer \u00fcberwiegend gerade erst in die A-Jugend aufger\u00fcckten Elf eine gute fu\u00dfballerische Darbietung, verpassten es aber, die gef\u00e4hrliche Seckbacher Zentrale um Kapit\u00e4n Milad Wardak zu schlie\u00dfen. Chancen, inklusive eines Lattentreffers der Hausherren, gab es h\u00fcben wie dr\u00fcben. Letztlich entschied der eine Treffer Mitte der zweiten Halbzeit eine Partie, die mit zehn Minuten Versp\u00e4tung begann und erst um 22 Uhr beendet war.<\/p>\n<blockquote>\n<h4>Schiedsrichter: Simeon Elias Thomm (Spvgg. 03 Fechenheim). Zuschauer: 71.<\/h4>\n<h4>Tor: 1:0 Adnan Allali (66.).<\/h4>\n<\/blockquote>\n","protected":false},"excerpt":{"rendered":"<p>Senioren gegen Junioren hie\u00df es am Donnerstagabend an der Hochst\u00e4dter Stra\u00dfe in Seckbach. Gruppenligist FG Seckbach gewann den ungew\u00f6hnlichen Vergleich knapp mit 1:0 gegen die Hessenliga-U19 des Karbener SV. FG Seckbach &#8211; Karbener SV U19 1:0 (0:0) Quervergleich zwischen einer Senioren-Gruppenliga-Mannschaft und einem Junioren-Hessenliga-Team. Ein gro\u00dfer Leistungsunterschied war nicht zu erkennen. Und so verlief das [&hellip;]<\/p>\n","protected":false},"author":1,"featured_media":26731,"comment_status":"closed","ping_status":"closed","sticky":true,"template":"","format":"standard","meta":{"footnotes":""},"categories":[21],"tags":[],"class_list":["post-26730","post","type-post","status-publish","format-standard","has-post-thumbnail","hentry","category-testspiele"],"_links":{"self":[{"href":"https:\/\/insideamateurfussball-ffm.de\/index.php?rest_route=\/wp\/v2\/posts\/26730","targetHints":{"allow":["GET"]}}],"collection":[{"href":"https:\/\/insideamateurfussball-ffm.de\/index.php?rest_route=\/wp\/v2\/posts"}],"about":[{"href":"https:\/\/insideamateurfussball-ffm.de\/index.php?rest_route=\/wp\/v2\/types\/post"}],"author":[{"embeddable":true,"href":"https:\/\/insideamateurfussball-ffm.de\/index.php?rest_route=\/wp\/v2\/users\/1"}],"replies":[{"embeddable":true,"href":"https:\/\/insideamateurfussball-ffm.de\/index.php?rest_route=%2Fwp%2Fv2%2Fcomments&post=26730"}],"version-history":[{"count":1,"href":"https:\/\/insideamateurfussball-ffm.de\/index.php?rest_route=\/wp\/v2\/posts\/26730\/revisions"}],"predecessor-version":[{"id":26732,"href":"https:\/\/insideamateurfussball-ffm.de\/index.php?rest_route=\/wp\/v2\/posts\/26730\/revisions\/26732"}],"wp:featuredmedia":[{"embeddable":true,"href":"https:\/\/insideamateurfussball-ffm.de\/index.php?rest_route=\/wp\/v2\/media\/26731"}],"wp:attachment":[{"href":"https:\/\/insideamateurfussball-ffm.de\/index.php?rest_route=%2Fwp%2Fv2%2Fmedia&parent=26730"}],"wp:term":[{"taxonomy":"category","embeddable":true,"href":"https:\/\/insideamateurfussball-ffm.de\/index.php?rest_route=%2Fwp%2Fv2%2Fcategories&post=26730"},{"taxonomy":"post_tag","embeddable":true,"href":"https:\/\/insideamateurfussball-ffm.de\/index.php?rest_route=%2Fwp%2Fv2%2Ftags&post=26730"}],"curies":[{"name":"wp","href":"https:\/\/api.w.org\/{rel}","templated":true}]}}