{"id":26727,"date":"2025-07-18T16:16:39","date_gmt":"2025-07-18T15:16:39","guid":{"rendered":"https:\/\/insideamateurfussball-ffm.de\/?p=26727"},"modified":"2025-07-18T16:16:39","modified_gmt":"2025-07-18T15:16:39","slug":"fc-city-profitiert-von-marocs-zwangsabstieg","status":"publish","type":"post","link":"https:\/\/insideamateurfussball-ffm.de\/?p=26727","title":{"rendered":"FC City profitiert von Marocs Zwangsabstieg"},"content":{"rendered":"<h4>Nun herrscht endg\u00fcltig Klarheit! Das Verbandsgericht hat die Berufung des FC Maroc gegen das erstinstanzliche Urteil des Kreissportgerichtes nunmehr rechtskr\u00e4ftig zur\u00fcckgewiesen. Damit bleiben alle verh\u00e4ngten Sanktionen gegen den bisherigen A-Ligisten bestehen.<\/h4>\n<figure id=\"attachment_26239\" aria-describedby=\"caption-attachment-26239\" style=\"width: 1014px\" class=\"wp-caption alignnone\"><img loading=\"lazy\" decoding=\"async\" class=\"wp-image-26239\" src=\"http:\/\/insideamateurfussball-ffm.de\/wp-content\/uploads\/2025\/06\/city-harh4-1.jpg\" alt=\"\" width=\"1014\" height=\"695\" srcset=\"https:\/\/insideamateurfussball-ffm.de\/wp-content\/uploads\/2025\/06\/city-harh4-1.jpg 1004w, https:\/\/insideamateurfussball-ffm.de\/wp-content\/uploads\/2025\/06\/city-harh4-1-300x206.jpg 300w, https:\/\/insideamateurfussball-ffm.de\/wp-content\/uploads\/2025\/06\/city-harh4-1-768x526.jpg 768w\" sizes=\"auto, (max-width: 1014px) 100vw, 1014px\" \/><figcaption id=\"caption-attachment-26239\" class=\"wp-caption-text\">Der FC City bleibt anstelle des FC Maroc in der A-Klasse. Foto: Archiv Mithat G\u00fcrser.<\/figcaption><\/figure>\n<p><img loading=\"lazy\" decoding=\"async\" class=\"alignnone size-full wp-image-35\" src=\"http:\/\/insideamateurfussball-ffm.de\/wp-content\/uploads\/2021\/11\/Maroc.jpg\" alt=\"\" width=\"80\" height=\"80\" \/><img loading=\"lazy\" decoding=\"async\" class=\"alignnone size-full wp-image-1084\" src=\"http:\/\/insideamateurfussball-ffm.de\/wp-content\/uploads\/2022\/07\/City.png\" alt=\"\" width=\"80\" height=\"59\" \/><\/p>\n<p>Wegen des Einsatzes des mit einer unter falschen Angaben erschlichenen Spielgenehmigung agierenden Amin El Baghdadi alias &#8222;Mohamed Mohamed&#8220; wurden dem 1974 gegr\u00fcndeten Verein 37 Punkte aberkannt, was den Abstieg in die Kreisliga B zur Folge hat. Der Spieler, der eine weitere unlautere Spielgenehmigung beim VfL Germania 94 hatte, erhielt eine Sperre von 32 Pflichtspielen.<\/p>\n<p>Das verh\u00e4ngte Spielverbot von sechs Monaten bis Ende des Jahres bleibt bestehen. Der FC Maroc wird in die Gruppe 1 der Kreisliga B eingestuft. Davon profitiert nun der FC City, der \u00fcber die Relegation abgestiegen war und nun den vakanten Platz von Maroc einnimmt.<\/p>\n<blockquote>\n<h4>Holger Handge sendet Schl\u00fcsselzahlen an Gesch\u00e4ftsstelle<\/h4>\n<\/blockquote>\n<p>Der FV 09 Eschersheim, dem der Platz vorrangig zugestanden h\u00e4tte, hatte bereits erkl\u00e4rt, darauf zu verzichten und einen Neuanfang in der B-Liga zu beginnen. S\u00e4mtliche Spiele des FC Maroc, welche in den Zeitraum des Spielverbots fallen, werden mit 3:0 Toren und 3 Punkten f\u00fcr die gegnerische Mannschaft gewertet.<\/p>\n<p>Das Kreispokalspiel gegen den FC Croatia Ende August wurde bereits abgesetzt, der Kreisoberligist ist eine Runde weiter.\u00a0Holger Handge wird noch heute die bereits von ihm vor Wochen vorbereiteten Schl\u00fcsselzahlen an die Gesch\u00e4ftsstelle in Frankfurt senden, dort werden sodann die Spielpl\u00e4ne generiert.<\/p>\n","protected":false},"excerpt":{"rendered":"<p>Nun herrscht endg\u00fcltig Klarheit! Das Verbandsgericht hat die Berufung des FC Maroc gegen das erstinstanzliche Urteil des Kreissportgerichtes nunmehr rechtskr\u00e4ftig zur\u00fcckgewiesen. Damit bleiben alle verh\u00e4ngten Sanktionen gegen den bisherigen A-Ligisten bestehen. Wegen des Einsatzes des mit einer unter falschen Angaben erschlichenen Spielgenehmigung agierenden Amin El Baghdadi alias &#8222;Mohamed Mohamed&#8220; wurden dem 1974 gegr\u00fcndeten Verein 37 [&hellip;]<\/p>\n","protected":false},"author":1,"featured_media":25991,"comment_status":"closed","ping_status":"closed","sticky":true,"template":"","format":"standard","meta":{"footnotes":""},"categories":[12],"tags":[],"class_list":["post-26727","post","type-post","status-publish","format-standard","has-post-thumbnail","hentry","category-kreisliga-a1"],"_links":{"self":[{"href":"https:\/\/insideamateurfussball-ffm.de\/index.php?rest_route=\/wp\/v2\/posts\/26727","targetHints":{"allow":["GET"]}}],"collection":[{"href":"https:\/\/insideamateurfussball-ffm.de\/index.php?rest_route=\/wp\/v2\/posts"}],"about":[{"href":"https:\/\/insideamateurfussball-ffm.de\/index.php?rest_route=\/wp\/v2\/types\/post"}],"author":[{"embeddable":true,"href":"https:\/\/insideamateurfussball-ffm.de\/index.php?rest_route=\/wp\/v2\/users\/1"}],"replies":[{"embeddable":true,"href":"https:\/\/insideamateurfussball-ffm.de\/index.php?rest_route=%2Fwp%2Fv2%2Fcomments&post=26727"}],"version-history":[{"count":2,"href":"https:\/\/insideamateurfussball-ffm.de\/index.php?rest_route=\/wp\/v2\/posts\/26727\/revisions"}],"predecessor-version":[{"id":26729,"href":"https:\/\/insideamateurfussball-ffm.de\/index.php?rest_route=\/wp\/v2\/posts\/26727\/revisions\/26729"}],"wp:featuredmedia":[{"embeddable":true,"href":"https:\/\/insideamateurfussball-ffm.de\/index.php?rest_route=\/wp\/v2\/media\/25991"}],"wp:attachment":[{"href":"https:\/\/insideamateurfussball-ffm.de\/index.php?rest_route=%2Fwp%2Fv2%2Fmedia&parent=26727"}],"wp:term":[{"taxonomy":"category","embeddable":true,"href":"https:\/\/insideamateurfussball-ffm.de\/index.php?rest_route=%2Fwp%2Fv2%2Fcategories&post=26727"},{"taxonomy":"post_tag","embeddable":true,"href":"https:\/\/insideamateurfussball-ffm.de\/index.php?rest_route=%2Fwp%2Fv2%2Ftags&post=26727"}],"curies":[{"name":"wp","href":"https:\/\/api.w.org\/{rel}","templated":true}]}}