{"id":26725,"date":"2025-07-18T14:53:18","date_gmt":"2025-07-18T13:53:18","guid":{"rendered":"https:\/\/insideamateurfussball-ffm.de\/?p=26725"},"modified":"2025-07-18T14:53:18","modified_gmt":"2025-07-18T13:53:18","slug":"fuer-kalbach-zaehlt-nur-der-klassenerhalt","status":"publish","type":"post","link":"https:\/\/insideamateurfussball-ffm.de\/?p=26725","title":{"rendered":"F\u00fcr Kalbach z\u00e4hlt nur der Klassenerhalt"},"content":{"rendered":"<h4>Nach dem knapp verpassten Aufstieg in der Relegation vor einem Jahr gelang dem FC Kalbach diesmal der direkte Aufstieg in die Verbandsliga S\u00fcd, in der f\u00fcr den Verein nur der Klassenerhalt z\u00e4hlt. Die Fragen beantwortete uns der Sportliche Leiter Samuel Gebrehiwot.<\/h4>\n<figure id=\"attachment_25930\" aria-describedby=\"caption-attachment-25930\" style=\"width: 2016px\" class=\"wp-caption alignnone\"><img loading=\"lazy\" decoding=\"async\" class=\"wp-image-25930 size-full\" src=\"http:\/\/insideamateurfussball-ffm.de\/wp-content\/uploads\/2025\/05\/Meister.jpeg\" alt=\"\" width=\"2016\" height=\"1512\" srcset=\"https:\/\/insideamateurfussball-ffm.de\/wp-content\/uploads\/2025\/05\/Meister.jpeg 2016w, https:\/\/insideamateurfussball-ffm.de\/wp-content\/uploads\/2025\/05\/Meister-300x225.jpeg 300w, https:\/\/insideamateurfussball-ffm.de\/wp-content\/uploads\/2025\/05\/Meister-1024x768.jpeg 1024w, https:\/\/insideamateurfussball-ffm.de\/wp-content\/uploads\/2025\/05\/Meister-768x576.jpeg 768w, https:\/\/insideamateurfussball-ffm.de\/wp-content\/uploads\/2025\/05\/Meister-1536x1152.jpeg 1536w\" sizes=\"auto, (max-width: 2016px) 100vw, 2016px\" \/><figcaption id=\"caption-attachment-25930\" class=\"wp-caption-text\">Der FC Kalbach m\u00f6chte nach dem Aufstieg in die Verbandsliga die Klasse halten. Foto: Archiv MZ<\/figcaption><\/figure>\n<p><img loading=\"lazy\" decoding=\"async\" class=\"alignnone size-full wp-image-16\" src=\"http:\/\/insideamateurfussball-ffm.de\/wp-content\/uploads\/2021\/11\/kalbach-wappen.jpg\" alt=\"\" width=\"80\" height=\"80\" \/><\/p>\n<p>Der FC Kalbach hat nach dem Aufstieg in die Verbandsliga den Abgang zweier Torj\u00e4ger zu verkraften, die nach Achraf Gara Ali treffsichersten Spieler Aleksej Radulaski mit 15 Toren und Ihab Suleiman mit 12 Toren verlie\u00dfen den Verein. Die neue Mannschaft muss sich erst finden und hat als erkl\u00e4rtes Ziel den Klassenerhalt ausgegeben.<\/p>\n<p><strong><u>Was erwartet ihr von der neuen Saison, wie lautet euer Saisonziel?<\/u><\/strong><\/p>\n<p>F\u00fcr uns geht es in dieser Saison in erster Linie darum, realistisch zu bleiben. Mit dem mit Abstand kleinsten Budget der Liga ist unser klares Ziel der Klassenerhalt, alles dar\u00fcber hinaus w\u00e4re eine echte \u00dcberraschung. Wir wissen, dass es eine harte Saison wird, aber wir setzen auf Zusammenhalt, Einsatzbereitschaft und Teamgeist. Jeder Punkt wird f\u00fcr uns ein Erfolg sein, und wir wollen die Liga so lange wie m\u00f6glich spannend\u00a0halten.<\/p>\n<p><strong><u>Welche Zu- und Abg\u00e4nge habt ihr Stand jetzt zu verzeichnen?<\/u><\/strong><\/p>\n<p>Zug\u00e4nge:<\/p>\n<ul>\n<li>\u2060Simon Niklas M\u00fcller von der SG H\u00f6chst<\/li>\n<li>Laurel Vran vom SC Dortelweil<\/li>\n<li>Shuto Ishino von Spvgg. 03 Neu-Isenburg<\/li>\n<li>Shin Matsubara von Spvgg. 03 Neu-Isenburg<\/li>\n<li>Lennard Marschlik vom Karbener SV U19<\/li>\n<li>Joel Griessl vom Karbener SV U19<\/li>\n<li>Imad El Jazouli von Karbener SV U19<\/li>\n<li>Konstantin Marko Petrovic von Viktoria Griesheim<\/li>\n<li>Nassim Fallah von Viktoria Griesheim<\/li>\n<li>Maximilian Tran vom\u00a0SV\u00a0Niederursel<\/li>\n<li>Nikolaos Savoulidis vom GSU Frankfurt<\/li>\n<\/ul>\n<p>Abg\u00e4nge:<\/p>\n<ul>\n<li>Aleksej Radulaski zu T\u00fcrk G\u00fcc\u00fc Friedberg<\/li>\n<li>Mohamed Eldrissi Errahhali zum T\u00fcrkischen SV Bad Nauheim<\/li>\n<li>Omar Eldrissi Errahhali zum T\u00fcrkischen SV Bad Nauheim<\/li>\n<li>Shadrach Boakye zum BSC SW 1919 Frankfurt<\/li>\n<li>Emmanuel Rosenberger zum BSC SW 1919 Frankfurt<\/li>\n<li>Noel L\u00f6bner zum FC Eddersheim<\/li>\n<li>Ihab Suleiman zur Spvgg. 03 Fechenheim<\/li>\n<li>Kyota Isokawa zur\u00fcck nach Japan<\/li>\n<li>Lukas H\u00f6ll zur SG Praunheim<\/li>\n<li>Evangekos Ninos zur SG Praunheim<\/li>\n<li>Antony Wade ist\u00a0ins\u00a0Trainerteam<\/li>\n<\/ul>\n<p><strong><u>Wer sind f\u00fcr euch die Favoriten in der Liga?<\/u><\/strong><\/p>\n<p>Da wir die Liga nicht kennen, schwer zu sagen, Unterflockenbach als Absteiger aus\u00a0der\u00a0Hessenliga.<\/p>\n<p><strong><u>Wie ist Eure Meinung zur neuen Auswechselregelung in Hessens Amateurfu\u00dfball (5 Wechsel maximal inkl. R\u00fcckwechsel)?<\/u><\/strong><\/p>\n<p>Die neue Regel wird f\u00fcr uns keine gro\u00dfe Bedeutung\u00a0haben.<\/p>\n<p><strong><u>Testspiele (nach fussball.de)<\/u><\/strong><\/p>\n<p>03.07.2025, 20:00 Uhr: Spvgg. 05 Oberrad \u2013 FC Kalbach 1:1<\/p>\n<p>06.07.2025, 15:00 Uhr: VfB Ginsheim \u2013 FC Kalbach 3:0<\/p>\n<p>11.07.2025, 19:30 Uhr: FC TuBa Pohlheim \u2013 FC Kalbach 7:3<\/p>\n<p>13.07.2025, 15:00 Uhr: FC Kalbach \u2013 TuRa Niederh\u00f6chstadt 1:2<\/p>\n<p>20.07.2025, 15:00 Uhr: FC Kalbach \u2013 FV Stierstadt<\/p>\n<p>24.07.2025, 19:30 Uhr: FC Kalbach \u2013 SV Bosnien\/Herzegowina<\/p>\n<p>03.08.2025, 15:00 Uhr: FC Kalbach \u2013 RW Frankfurt (1.Spieltag)<\/p>\n","protected":false},"excerpt":{"rendered":"<p>Nach dem knapp verpassten Aufstieg in der Relegation vor einem Jahr gelang dem FC Kalbach diesmal der direkte Aufstieg in die Verbandsliga S\u00fcd, in der f\u00fcr den Verein nur der Klassenerhalt z\u00e4hlt. Die Fragen beantwortete uns der Sportliche Leiter Samuel Gebrehiwot. Der FC Kalbach hat nach dem Aufstieg in die Verbandsliga den Abgang zweier Torj\u00e4ger [&hellip;]<\/p>\n","protected":false},"author":3,"featured_media":25930,"comment_status":"closed","ping_status":"open","sticky":true,"template":"","format":"standard","meta":{"footnotes":""},"categories":[10],"tags":[],"class_list":["post-26725","post","type-post","status-publish","format-standard","has-post-thumbnail","hentry","category-verbandsliga-sued"],"_links":{"self":[{"href":"https:\/\/insideamateurfussball-ffm.de\/index.php?rest_route=\/wp\/v2\/posts\/26725","targetHints":{"allow":["GET"]}}],"collection":[{"href":"https:\/\/insideamateurfussball-ffm.de\/index.php?rest_route=\/wp\/v2\/posts"}],"about":[{"href":"https:\/\/insideamateurfussball-ffm.de\/index.php?rest_route=\/wp\/v2\/types\/post"}],"author":[{"embeddable":true,"href":"https:\/\/insideamateurfussball-ffm.de\/index.php?rest_route=\/wp\/v2\/users\/3"}],"replies":[{"embeddable":true,"href":"https:\/\/insideamateurfussball-ffm.de\/index.php?rest_route=%2Fwp%2Fv2%2Fcomments&post=26725"}],"version-history":[{"count":1,"href":"https:\/\/insideamateurfussball-ffm.de\/index.php?rest_route=\/wp\/v2\/posts\/26725\/revisions"}],"predecessor-version":[{"id":26726,"href":"https:\/\/insideamateurfussball-ffm.de\/index.php?rest_route=\/wp\/v2\/posts\/26725\/revisions\/26726"}],"wp:featuredmedia":[{"embeddable":true,"href":"https:\/\/insideamateurfussball-ffm.de\/index.php?rest_route=\/wp\/v2\/media\/25930"}],"wp:attachment":[{"href":"https:\/\/insideamateurfussball-ffm.de\/index.php?rest_route=%2Fwp%2Fv2%2Fmedia&parent=26725"}],"wp:term":[{"taxonomy":"category","embeddable":true,"href":"https:\/\/insideamateurfussball-ffm.de\/index.php?rest_route=%2Fwp%2Fv2%2Fcategories&post=26725"},{"taxonomy":"post_tag","embeddable":true,"href":"https:\/\/insideamateurfussball-ffm.de\/index.php?rest_route=%2Fwp%2Fv2%2Ftags&post=26725"}],"curies":[{"name":"wp","href":"https:\/\/api.w.org\/{rel}","templated":true}]}}