{"id":26723,"date":"2025-07-17T16:50:43","date_gmt":"2025-07-17T15:50:43","guid":{"rendered":"https:\/\/insideamateurfussball-ffm.de\/?p=26723"},"modified":"2025-07-17T16:50:43","modified_gmt":"2025-07-17T15:50:43","slug":"gudesding-will-das-gewonnene-momentum-mitnehmen","status":"publish","type":"post","link":"https:\/\/insideamateurfussball-ffm.de\/?p=26723","title":{"rendered":"Gudesding will das gewonnene Momentum mitnehmen"},"content":{"rendered":"<h4>Zur Winterpause noch auf dem vorletzten Platz stehend, landete der FC Gudesding durch eine fabulose R\u00fcckserie noch auf Rang sieben. Unter der Regie des vom Verbandsligisten SG Bornheim\/Gr\u00fcn-Wei\u00df gekommenen renommierten Trainers Maik Rudolf soll dieser Trend in der n\u00e4chsten Saison best\u00e4tigt werden.\u00a0<\/h4>\n<figure id=\"attachment_18874\" aria-describedby=\"caption-attachment-18874\" style=\"width: 2048px\" class=\"wp-caption alignnone\"><img loading=\"lazy\" decoding=\"async\" class=\"wp-image-18874 size-full\" src=\"http:\/\/insideamateurfussball-ffm.de\/wp-content\/uploads\/2024\/05\/Gudesdingroed.jpg\" alt=\"\" width=\"2048\" height=\"1536\" srcset=\"https:\/\/insideamateurfussball-ffm.de\/wp-content\/uploads\/2024\/05\/Gudesdingroed.jpg 2048w, https:\/\/insideamateurfussball-ffm.de\/wp-content\/uploads\/2024\/05\/Gudesdingroed-300x225.jpg 300w, https:\/\/insideamateurfussball-ffm.de\/wp-content\/uploads\/2024\/05\/Gudesdingroed-1024x768.jpg 1024w, https:\/\/insideamateurfussball-ffm.de\/wp-content\/uploads\/2024\/05\/Gudesdingroed-768x576.jpg 768w, https:\/\/insideamateurfussball-ffm.de\/wp-content\/uploads\/2024\/05\/Gudesdingroed-1536x1152.jpg 1536w\" sizes=\"auto, (max-width: 2048px) 100vw, 2048px\" \/><figcaption id=\"caption-attachment-18874\" class=\"wp-caption-text\">Der FC Gudesding vor einem Spiel im Ostpark. Foto: Archiv PA.<\/figcaption><\/figure>\n<p><img loading=\"lazy\" decoding=\"async\" class=\"alignnone size-full wp-image-10\" src=\"http:\/\/insideamateurfussball-ffm.de\/wp-content\/uploads\/2021\/11\/Gudesding.jpg\" alt=\"\" width=\"64\" height=\"80\" \/><\/p>\n<p>Die Fragen hat Paul Weiss, in der letzten Saison noch Co-Trainer und weiterhin Mitglied der Sportlichen Leitung, beantwortet.\u00a0<\/p>\n<blockquote>\n<h4>Was erwartet ihr von der neuen Saison und wie lautet euer Saisonziel?\u00a0<\/h4>\n<p>Nach einer starken R\u00fcckrunde in der vergangenen Saison wollen wir genau dort ankn\u00fcpfen und das gewonnene Momentum mitnehmen. Unser klares Ziel ist ein Platz im gesicherten Mittelfeld &#8211; fr\u00fchzeitig Abstand zu den Abstiegsr\u00e4ngen schaffen und uns mit konstanten Leistungen in der Liga etablieren. Dabei setzen wir auf Teamgeist, Stabilit\u00e4t und den n\u00e4chsten Entwicklungsschritt.\u00a0<\/p>\n<h4>Welche Zu- und Abg\u00e4nge habt ihr Stand jetzt zu verzeichnen?\u00a0<\/h4>\n<p>Zug\u00e4nge:\u00a0<\/p>\n<ul style=\"list-style-type: square;\">\n<li>Johannes Knierbein (SG Westerfeld)<\/li>\n<li>Johannes Gladeck (SG Harheim)<\/li>\n<li>Suhaib Alasad (SV Griesheim Tarik)<\/li>\n<li>Simon Kr\u00e4mer (R\u00fcckkehr aus dem Ausland)<\/li>\n<li>&#8212;&#8212;&#8212;&#8212;&#8212;&#8212;&#8212;&#8212;&#8212;&#8212;&#8212;&#8212;&#8212;&#8212;&#8212;&#8212;-<\/li>\n<li>Abg\u00e4nge:\u00a0<\/li>\n<li>Tim St\u00e4rz (Pause)<\/li>\n<li>Tilman Lunau (Ziel unbekannt)<\/li>\n<\/ul>\n<\/blockquote>\n<h4>Wer sind f\u00fcr euch die Favoriten in der Liga?\u00a0<\/h4>\n<p>TuS Makkabi, Union Niederrad, Spvgg. 02 Griesheim.<\/p>\n<h4>Wie ist eure Meinung zur neuen Auswechselregelung in Hessens Amateurfu\u00dfball (5 Wechsel maximal inklusive R\u00fcckwechsel)?\u00a0<\/h4>\n<p>Die neue Auswechselregelung mit f\u00fcnf erlaubten Wechseln begr\u00fc\u00dfen wir ausdr\u00fccklich. Mit unserem relativ gro\u00dfen Kader gibt uns das mehr M\u00f6glichkeiten, Spieler gezielt einzusetzen, Belastungen besser zu steuern und allen Akteuren gerecht zu werden.<\/p>\n<blockquote>\n<h4>Testspiele:\u00a0<\/h4>\n<p>FG Seckbach (A) 0:2<\/p>\n<p>SG Bornheim Gr\u00fcn-Wei\u00df II (H) 4:4<\/p>\n<p>SV Nieder-W\u00f6llstadt (A) 17.7. 20 Uhr.\u00a0<\/p>\n<p>SV Bonames (A) 20.7. 15 Uhr.\u00a0<\/p>\n<\/blockquote>\n","protected":false},"excerpt":{"rendered":"<p>Zur Winterpause noch auf dem vorletzten Platz stehend, landete der FC Gudesding durch eine fabulose R\u00fcckserie noch auf Rang sieben. Unter der Regie des vom Verbandsligisten SG Bornheim\/Gr\u00fcn-Wei\u00df gekommenen renommierten Trainers Maik Rudolf soll dieser Trend in der n\u00e4chsten Saison best\u00e4tigt werden.\u00a0 Die Fragen hat Paul Weiss, in der letzten Saison noch Co-Trainer und weiterhin [&hellip;]<\/p>\n","protected":false},"author":1,"featured_media":18874,"comment_status":"closed","ping_status":"closed","sticky":true,"template":"","format":"standard","meta":{"footnotes":""},"categories":[2],"tags":[],"class_list":["post-26723","post","type-post","status-publish","format-standard","has-post-thumbnail","hentry","category-kreisoberliga-frankfurt"],"_links":{"self":[{"href":"https:\/\/insideamateurfussball-ffm.de\/index.php?rest_route=\/wp\/v2\/posts\/26723","targetHints":{"allow":["GET"]}}],"collection":[{"href":"https:\/\/insideamateurfussball-ffm.de\/index.php?rest_route=\/wp\/v2\/posts"}],"about":[{"href":"https:\/\/insideamateurfussball-ffm.de\/index.php?rest_route=\/wp\/v2\/types\/post"}],"author":[{"embeddable":true,"href":"https:\/\/insideamateurfussball-ffm.de\/index.php?rest_route=\/wp\/v2\/users\/1"}],"replies":[{"embeddable":true,"href":"https:\/\/insideamateurfussball-ffm.de\/index.php?rest_route=%2Fwp%2Fv2%2Fcomments&post=26723"}],"version-history":[{"count":1,"href":"https:\/\/insideamateurfussball-ffm.de\/index.php?rest_route=\/wp\/v2\/posts\/26723\/revisions"}],"predecessor-version":[{"id":26724,"href":"https:\/\/insideamateurfussball-ffm.de\/index.php?rest_route=\/wp\/v2\/posts\/26723\/revisions\/26724"}],"wp:featuredmedia":[{"embeddable":true,"href":"https:\/\/insideamateurfussball-ffm.de\/index.php?rest_route=\/wp\/v2\/media\/18874"}],"wp:attachment":[{"href":"https:\/\/insideamateurfussball-ffm.de\/index.php?rest_route=%2Fwp%2Fv2%2Fmedia&parent=26723"}],"wp:term":[{"taxonomy":"category","embeddable":true,"href":"https:\/\/insideamateurfussball-ffm.de\/index.php?rest_route=%2Fwp%2Fv2%2Fcategories&post=26723"},{"taxonomy":"post_tag","embeddable":true,"href":"https:\/\/insideamateurfussball-ffm.de\/index.php?rest_route=%2Fwp%2Fv2%2Ftags&post=26723"}],"curies":[{"name":"wp","href":"https:\/\/api.w.org\/{rel}","templated":true}]}}