{"id":26712,"date":"2025-07-16T17:25:20","date_gmt":"2025-07-16T16:25:20","guid":{"rendered":"https:\/\/insideamateurfussball-ffm.de\/?p=26712"},"modified":"2025-07-16T17:25:20","modified_gmt":"2025-07-16T16:25:20","slug":"viktoria-preussen-will-mit-abstieg-nichts-mehr-zu-tun-haben","status":"publish","type":"post","link":"https:\/\/insideamateurfussball-ffm.de\/?p=26712","title":{"rendered":"Viktoria Preu\u00dfen will mit Abstieg nichts mehr zu tun haben"},"content":{"rendered":"<h4><span style=\"font-size: 14px;\">Nach dem Fast-Abstieg muss der SV Viktoria Preu\u00dfen erneut fast den kompletten Kader austauschen und hofft mit der R\u00fcckkehr von Trainer Artur Rissling, der bereits die Relegation bestritt, auf eine stabilere Saison. Unsere Fragen beantwortet Fu\u00dfball-Abteilungsleiter Thomas Mahlau.\u00a0<\/span><\/h4>\n<figure id=\"attachment_26713\" aria-describedby=\"caption-attachment-26713\" style=\"width: 896px\" class=\"wp-caption alignnone\"><img loading=\"lazy\" decoding=\"async\" class=\"wp-image-26713\" src=\"http:\/\/insideamateurfussball-ffm.de\/wp-content\/uploads\/2025\/07\/ginh5-2.jpg\" alt=\"\" width=\"896\" height=\"609\" srcset=\"https:\/\/insideamateurfussball-ffm.de\/wp-content\/uploads\/2025\/07\/ginh5-2.jpg 886w, https:\/\/insideamateurfussball-ffm.de\/wp-content\/uploads\/2025\/07\/ginh5-2-300x204.jpg 300w, https:\/\/insideamateurfussball-ffm.de\/wp-content\/uploads\/2025\/07\/ginh5-2-768x522.jpg 768w\" sizes=\"auto, (max-width: 896px) 100vw, 896px\" \/><figcaption id=\"caption-attachment-26713\" class=\"wp-caption-text\">Mit viel Gl\u00fcck entging der SV Viktoria Preu\u00dfen dem Abstieg. Foto: Archiv Mithat G\u00fcrser.<\/figcaption><\/figure>\n<p><img loading=\"lazy\" decoding=\"async\" class=\"alignnone size-full wp-image-12\" src=\"http:\/\/insideamateurfussball-ffm.de\/wp-content\/uploads\/2021\/11\/preussen.jpg\" alt=\"\" width=\"72\" height=\"80\" \/><\/p>\n<p>Mit viel Gl\u00fcck und dank g\u00fcnstiger F\u00fcgungen konnte der SV Viktoria Preu\u00dfen in einer schwierigen Saison mit einem kompletten Qualit\u00e4tsverlust unter der Regie von Trainer Cem Caput dem Abstieg in die Kreisliga A entgehen. Nur durch die drei Spielumwertungen gegen Griesheim Tarik rutschten die Eckenheimer auf den drittletzten Rang, durften die Relegation bestreiten und blieben als Rangzweiter der Dreierrunde nur in der Klasse, weil Germania 94 den Aufstieg in die Gruppenliga Frankfurt West \u00fcber die Relegation schaffte. Dass dieser auf unlauteren Methoden beruhte, kam erst nach dem 30. Juni zum Vorschein. Eine weitere gl\u00fcckliche F\u00fcgung f\u00fcr die Preu\u00dfen, die bei einer fr\u00fcheren Meldung des Passbetruges vom Mainwasen ihren KOL-Status wieder verloren h\u00e4tten. Trainer Artur Rissling muss nach den beiden Relegationsspielen ein Jahr nach seinem Weggang nach Niederursel erneut einen Komplettumbruch anleiten. 16 Abg\u00e4ngen stehen 12 Zug\u00e4nge gegen\u00fcber. Mit Oskar Copik kehrte ein langj\u00e4hriger Leistungstr\u00e4ger an die H\u00fcgelstra\u00dfe zur\u00fcck, dazu fungiert jetzt Alessandro Cavalera als spielender Co-Trainer, den drei seiner Spieler von seinem letzten Verein FV Bad Vilbel begleiten.\u00a0<\/p>\n<blockquote>\n<h4><span style=\"font-size: 14px;\">Was erwartet ihr von der neuen Saison und wie lautet das Saisonziel?\u00a0<\/span><\/h4>\n<p>Wir wollen nichts mit dem Abstieg zu tun haben.\u00a0<\/p>\n<h4>Welche Zu- und Abg\u00e4nge habt ihr Stand jetzt zu verzeichnen?\u00a0<\/h4>\n<p>Zug\u00e4nge:<\/p>\n<ul style=\"list-style-type: square;\">\n<li>\n<div>Pascal Bausch\u00a0 (FV Bad Vilbel)<\/div>\n<\/li>\n<li>\n<div>\u00a0<\/div>\n<div>Julien Smith (FV Bad Vilbel)<\/div>\n<\/li>\n<li>\n<div>\u00a0<\/div>\n<div>Alessandro Cavalera (FV Bad Vilbel)<\/div>\n<\/li>\n<li>\n<div>\u00a0<\/div>\n<div>Estifanos Yafet (FV Bad Vilbel)<\/div>\n<\/li>\n<li>\n<div>\u00a0<\/div>\n<div>Yusuf Halici (FC Sportfreunde Schwalbach)<\/div>\n<\/li>\n<li>\n<div>\u00a0<\/div>\n<div>Antony Jones (FV Saz-Rock)<\/div>\n<\/li>\n<li>\n<div>\u00a0<\/div>\n<div>Oskar Copik (SV Niederursel)<\/div>\n<\/li>\n<li>\n<div>\u00a0<\/div>\n<div>Hicham Sabiri (FV 09 Eschersheim)<\/div>\n<\/li>\n<li>\n<div>\u00a0<\/div>\n<div>Ali Matmati (Spvgg. 02 Griesheim)<\/div>\n<\/li>\n<li>\n<div>\u00a0<\/div>\n<div>Bilal Jalich El Hassani (aus Spanien)<\/div>\n<\/li>\n<li>\n<div>\u00a0<\/div>\n<div>Lukas Boss (eigene U19)<\/div>\n<\/li>\n<li>\n<div>\u00a0<\/div>\n<div>Yunes Bouhara (eigene U19)<\/div>\n<\/li>\n<li>&#8212;&#8212;&#8212;&#8212;&#8212;&#8212;&#8212;&#8212;&#8212;&#8212;&#8212;&#8212;&#8212;&#8212;&#8212;&#8211;<\/li>\n<li>\n<div>Abg\u00e4nge:\u00a0<\/div>\n<\/li>\n<li>\n<div>\u00a0<\/div>\n<div>Imran Akil (Ziel unbekannt)<\/div>\n<\/li>\n<li>\n<div>\u00a0<\/div>\n<div>Zakaria Argham (SG Westend)<\/div>\n<\/li>\n<li>\n<div>\u00a0<\/div>\n<div>Mehmet Aslan (Ziel unbekannt)<\/div>\n<\/li>\n<li>\n<div>\u00a0<\/div>\n<div>Sebastian Koch (Ziel unbekannt)<\/div>\n<\/li>\n<li>\n<div>\u00a0<\/div>\n<div>Pap Assan Njie (Ziel unbekannt)<\/div>\n<\/li>\n<li>\n<div>\u00a0<\/div>\n<div>Mousa Qasichani (VfL Germania 94)<\/div>\n<\/li>\n<li>\n<div>Dawit Haile (Ziel unbekannt)<\/div>\n<\/li>\n<li>\n<div>Muhammet Kalkisim (Umzug K\u00f6ln)<\/div>\n<\/li>\n<li>\n<div>Karim Taous (Ziel unbekannt)<\/div>\n<\/li>\n<li>\n<div>Christian Trulli (Ziel unbekannt)<\/div>\n<\/li>\n<li>\n<div>Mert Zyulkyarov (Germania Enkheim)<\/div>\n<\/li>\n<li>\n<div>Mikail Keles (SV 07 Heddernheim)<\/div>\n<\/li>\n<li>\n<div>Isaiah Adu (FC Kosova)<\/div>\n<\/li>\n<li>\n<div>Sedek Bangura (FC Kosova)<\/div>\n<\/li>\n<li>\n<div>Noah Bangura (FC Kosova)<\/div>\n<\/li>\n<li>\n<div>Jalil Shirendel (FV Alemannia Nied)\u00a0 \u00a0 \u00a0<\/div>\n<\/li>\n<\/ul>\n<\/blockquote>\n<h4>Wer sind die Favoriten in der Liga?\u00a0<\/h4>\n<p>SG Westend, TuS Makkabi, FC Gudesding.\u00a0<\/p>\n<h4>Wie ist eure Meinung zur neuen Auswechselregelung im hessischen Amateurfu\u00dfball (5 Wechsel inklusive R\u00fcckwechsel)?<\/h4>\n<p>Sehr gut, h\u00e4tte schon viel fr\u00fcher kommen m\u00fcssen.\u00a0<\/p>\n<h4>Testspiele:\u00a0<\/h4>\n<p>SV Pars Neu-Isenburg II (H) 3:1<\/p>\n<p>SV Blau-Gelb (H) 20. Juli 15 Uhr<\/p>\n<p>SG Westerfeld (H) 24. Juli 20.15 Uhr<\/p>\n<p>FC T\u00fcrk G\u00fcc\u00fc R\u00fcsselsheim (H) 27. Juli 15 Uhr\u00a0<\/p>\n","protected":false},"excerpt":{"rendered":"<p>Nach dem Fast-Abstieg muss der SV Viktoria Preu\u00dfen erneut fast den kompletten Kader austauschen und hofft mit der R\u00fcckkehr von Trainer Artur Rissling, der bereits die Relegation bestritt, auf eine stabilere Saison. Unsere Fragen beantwortet Fu\u00dfball-Abteilungsleiter Thomas Mahlau.\u00a0 Mit viel Gl\u00fcck und dank g\u00fcnstiger F\u00fcgungen konnte der SV Viktoria Preu\u00dfen in einer schwierigen Saison mit [&hellip;]<\/p>\n","protected":false},"author":1,"featured_media":26713,"comment_status":"closed","ping_status":"closed","sticky":true,"template":"","format":"standard","meta":{"footnotes":""},"categories":[2],"tags":[],"class_list":["post-26712","post","type-post","status-publish","format-standard","has-post-thumbnail","hentry","category-kreisoberliga-frankfurt"],"_links":{"self":[{"href":"https:\/\/insideamateurfussball-ffm.de\/index.php?rest_route=\/wp\/v2\/posts\/26712","targetHints":{"allow":["GET"]}}],"collection":[{"href":"https:\/\/insideamateurfussball-ffm.de\/index.php?rest_route=\/wp\/v2\/posts"}],"about":[{"href":"https:\/\/insideamateurfussball-ffm.de\/index.php?rest_route=\/wp\/v2\/types\/post"}],"author":[{"embeddable":true,"href":"https:\/\/insideamateurfussball-ffm.de\/index.php?rest_route=\/wp\/v2\/users\/1"}],"replies":[{"embeddable":true,"href":"https:\/\/insideamateurfussball-ffm.de\/index.php?rest_route=%2Fwp%2Fv2%2Fcomments&post=26712"}],"version-history":[{"count":1,"href":"https:\/\/insideamateurfussball-ffm.de\/index.php?rest_route=\/wp\/v2\/posts\/26712\/revisions"}],"predecessor-version":[{"id":26714,"href":"https:\/\/insideamateurfussball-ffm.de\/index.php?rest_route=\/wp\/v2\/posts\/26712\/revisions\/26714"}],"wp:featuredmedia":[{"embeddable":true,"href":"https:\/\/insideamateurfussball-ffm.de\/index.php?rest_route=\/wp\/v2\/media\/26713"}],"wp:attachment":[{"href":"https:\/\/insideamateurfussball-ffm.de\/index.php?rest_route=%2Fwp%2Fv2%2Fmedia&parent=26712"}],"wp:term":[{"taxonomy":"category","embeddable":true,"href":"https:\/\/insideamateurfussball-ffm.de\/index.php?rest_route=%2Fwp%2Fv2%2Fcategories&post=26712"},{"taxonomy":"post_tag","embeddable":true,"href":"https:\/\/insideamateurfussball-ffm.de\/index.php?rest_route=%2Fwp%2Fv2%2Ftags&post=26712"}],"curies":[{"name":"wp","href":"https:\/\/api.w.org\/{rel}","templated":true}]}}