{"id":26705,"date":"2025-07-16T10:43:03","date_gmt":"2025-07-16T09:43:03","guid":{"rendered":"https:\/\/insideamateurfussball-ffm.de\/?p=26705"},"modified":"2025-07-16T10:43:03","modified_gmt":"2025-07-16T09:43:03","slug":"rw-frankfurt-setzt-weiter-auf-die-jugend","status":"publish","type":"post","link":"https:\/\/insideamateurfussball-ffm.de\/?p=26705","title":{"rendered":"RW Frankfurt setzt weiter auf die Jugend"},"content":{"rendered":"<h4>Nach dem 10.Platz in der letzten Saison peilt RW Frankfurt einen Tabellenplatz zwischen 6 und 8 an, dabei setzen die Rot-Wei\u00dfen weiterhin stark auf die Jugend und nutzen die eigene Jugendarbeit im Verein. Die Fragen beantwortete uns Trainer Ibo Cigdem.<\/h4>\n<figure id=\"attachment_26706\" aria-describedby=\"caption-attachment-26706\" style=\"width: 2016px\" class=\"wp-caption alignnone\"><img loading=\"lazy\" decoding=\"async\" class=\"wp-image-26706 size-full\" src=\"http:\/\/insideamateurfussball-ffm.de\/wp-content\/uploads\/2025\/07\/rwTrainergespann.jpg\" alt=\"\" width=\"2016\" height=\"1512\" srcset=\"https:\/\/insideamateurfussball-ffm.de\/wp-content\/uploads\/2025\/07\/rwTrainergespann.jpg 2016w, https:\/\/insideamateurfussball-ffm.de\/wp-content\/uploads\/2025\/07\/rwTrainergespann-300x225.jpg 300w, https:\/\/insideamateurfussball-ffm.de\/wp-content\/uploads\/2025\/07\/rwTrainergespann-1024x768.jpg 1024w, https:\/\/insideamateurfussball-ffm.de\/wp-content\/uploads\/2025\/07\/rwTrainergespann-768x576.jpg 768w, https:\/\/insideamateurfussball-ffm.de\/wp-content\/uploads\/2025\/07\/rwTrainergespann-1536x1152.jpg 1536w\" sizes=\"auto, (max-width: 2016px) 100vw, 2016px\" \/><figcaption id=\"caption-attachment-26706\" class=\"wp-caption-text\">Das Trainergespann von RW Frankfurt unter Trainer Ibo Cigdem plant diese Saison eine tabellarische Verbesserung. Foto: MZ<\/figcaption><\/figure>\n<p><img loading=\"lazy\" decoding=\"async\" class=\"alignnone size-full wp-image-120\" src=\"http:\/\/insideamateurfussball-ffm.de\/wp-content\/uploads\/2022\/05\/rot-weiss.png\" alt=\"\" width=\"80\" height=\"70\" \/><\/p>\n<p>Aufgrund der unklaren Abstiegssituation in der letzten Saison musste RW Frankfurt immer einen Blick auf die Abstiegsr\u00e4nge richten, am Ende sprang ein 10.Tabellenplatz dabei raus, bei 13 Siegen gab es nur 12 Niederlagen. Dieses Jahr m\u00f6chte man sich verbessern und strebt einen einstelligen Tabellenplatz an.<\/p>\n<p><strong><u>Was erwartet ihr von der neuen Saison, wie lautet euer Saisonziel?<\/u><\/strong><\/p>\n<p>Wir freuen uns sehr auf die neue Saison und wollen dieses Jahr die n\u00e4chste Entwicklungsstufe nehmen. Wir haben uns nun in den anderthalb Jahren stets verbessert und stabilisiert, und das mit sehr jungen Spielern aus unserer EIGENEN Jugend, 75% der Spieler in unserem Kader haben in unserer Jugend Fu\u00dfball gespielt, das ist unser Weg und das macht uns sehr stolz. Die Schl\u00fcsselpositionen mussten wir mit erfahrenen Spielern besetzen, und das ist uns gelungen.<\/p>\n<p>Dieses Jahr wollen wir eine Platzierung zwischen 6-8.<\/p>\n<p>Die Verbandsliga ist immer sehr ausgeglichen &amp; stark, unsere jungen Kerle m\u00fcssen eben diesen n\u00e4chsten Step gehen.<\/p>\n<p><strong><u>Welche Zu- und Abg\u00e4nge habt ihr Stand jetzt zu verzeichnen?<\/u><\/strong><\/p>\n<p>Zug\u00e4nge:<\/p>\n<ul>\n<li>\u2060Erik Dejak &#8211; FC Eddersheim U 19<\/li>\n<li>Daniel Zeaiter &#8211; FC Eddersheim<\/li>\n<li>Davide Cantanavera -SV Zeilsheim<\/li>\n<li>Georgi Georgiev &#8211; Bayern Alzenau<\/li>\n<li>Tom Meyer &#8211; DJK Bad Homburg<\/li>\n<li>Samed G\u00fcrsoy &#8211; SV Zeilsheim<\/li>\n<li>Ryoga Takahashi &#8211; Sportfreunde Ffm<\/li>\n<li>Cross Idahosa &#8211; Vikt. Aschaffenburg<\/li>\n<li>Leo Deula &#8211; RW Walldorf<\/li>\n<\/ul>\n<p>Abg\u00e4nge:<\/p>\n<ul>\n<li>Naoufal Akil T\u00fcrk Bad Nauheim<\/li>\n<li>Ersan Rovcanin Oberrad<\/li>\n<li>Yassin Ennaji fav Friedrichsdorf<\/li>\n<li>Mats Kienle Seckbach<\/li>\n<li>Sam Wartusch Nassau Dieden.<\/li>\n<li>Jovan Petkovic OFC 2<\/li>\n<li>Adam el Maimouni Steinfurth<\/li>\n<li>Lamin Tamba Croatia<\/li>\n<li>Dusan Zbiljic T\u00fcrk Ffm<\/li>\n<li>Bilal El Makrini unbekannt<\/li>\n<li>Ayoub Lahchaychi\u00a0unbekannt<\/li>\n<\/ul>\n<p><strong><u>Wer sind f\u00fcr euch die Favoriten in der Liga?<\/u><\/strong><\/p>\n<p>Spfr. Seligenstadt , Pars Neu-Isenburg , Unterflockenbach<\/p>\n<p><strong><u>Wie ist Eure Meinung zur neuen Auswechselregelung in Hessens Amateurfu\u00dfball (5 Wechsel maximal inkl. R\u00fcckwechsel)?<\/u><\/strong><\/p>\n<p>Ich bin Fu\u00dfballer der alten Schule und kein Fan von immer wieder neuen Regeln, wir haben mittlerweile Schiedsrichter, Trainer und Spieler auf dem Platz, die gar nicht mehr nachkommen und auf dem Platz hin und her diskutieren, weil bestimmte Parteien einfach mit den ganzen neuen Regeln nicht nachkommen, mir ist auch bewusst, da\u00df all diese neuen Regeln daf\u00fcr gedacht sind, auf der anderen Seite ein besseres Zusammenspiel f\u00fcr Spieler, Schiri und Trainer zu arrangieren, jedoch gelingt es zu 50% nicht. Ich finde, wir m\u00fcssen wieder zur\u00fcck zu den Basics, aber wir nehmen alles an und versuchen es umzusetzen damit\u00a0es\u00a0gelingt.<\/p>\n<p><strong><u>Testspiele (nach fussball.de)<\/u><\/strong><\/p>\n<p>22.06.2025, 15:00 Uhr: 1. R\u00f6delheimer FC 02 \u2013 RW Frankfurt 0:4<\/p>\n<p>29.06.2025, 15:00 Uhr: RW Frankfurt \u2013 FC T\u00dcRK Kelsterbach 4:0<\/p>\n<p>06.07.2025, 15:00 Uhr: RW Frankfurt \u2013 Germania 08 D\u00f6rnigheim 6:2<\/p>\n<p>08.07.2025, 19:30 Uhr: FV Biebrich 02 \u2013 RW Frankfurt 2:2<\/p>\n<p>12.07.2025, 16:00 Uhr: RW Frankfurt \u2013 SC 1960 Hanau 4:1<\/p>\n<p>20.07.2025, 15:00 Uhr: RW Hadamar \u2013 RW Frankfurt<\/p>\n<p>23.07.2025, 20:00 Uhr: SV Zeilsheim \u2013 RW Frankfurt<\/p>\n<p>26.07.2025, 14:00 Uhr: VfB 1905 Marburg \u2013 RW Frankfurt<\/p>\n<p>03.08.2025, 15:00 Uhr: FC Kalbach \u2013 RW Frankfurt (1.Spieltag)<\/p>\n","protected":false},"excerpt":{"rendered":"<p>Nach dem 10.Platz in der letzten Saison peilt RW Frankfurt einen Tabellenplatz zwischen 6 und 8 an, dabei setzen die Rot-Wei\u00dfen weiterhin stark auf die Jugend und nutzen die eigene Jugendarbeit im Verein. Die Fragen beantwortete uns Trainer Ibo Cigdem. Aufgrund der unklaren Abstiegssituation in der letzten Saison musste RW Frankfurt immer einen Blick auf [&hellip;]<\/p>\n","protected":false},"author":3,"featured_media":26706,"comment_status":"closed","ping_status":"open","sticky":true,"template":"","format":"standard","meta":{"footnotes":""},"categories":[10],"tags":[],"class_list":["post-26705","post","type-post","status-publish","format-standard","has-post-thumbnail","hentry","category-verbandsliga-sued"],"_links":{"self":[{"href":"https:\/\/insideamateurfussball-ffm.de\/index.php?rest_route=\/wp\/v2\/posts\/26705","targetHints":{"allow":["GET"]}}],"collection":[{"href":"https:\/\/insideamateurfussball-ffm.de\/index.php?rest_route=\/wp\/v2\/posts"}],"about":[{"href":"https:\/\/insideamateurfussball-ffm.de\/index.php?rest_route=\/wp\/v2\/types\/post"}],"author":[{"embeddable":true,"href":"https:\/\/insideamateurfussball-ffm.de\/index.php?rest_route=\/wp\/v2\/users\/3"}],"replies":[{"embeddable":true,"href":"https:\/\/insideamateurfussball-ffm.de\/index.php?rest_route=%2Fwp%2Fv2%2Fcomments&post=26705"}],"version-history":[{"count":2,"href":"https:\/\/insideamateurfussball-ffm.de\/index.php?rest_route=\/wp\/v2\/posts\/26705\/revisions"}],"predecessor-version":[{"id":26708,"href":"https:\/\/insideamateurfussball-ffm.de\/index.php?rest_route=\/wp\/v2\/posts\/26705\/revisions\/26708"}],"wp:featuredmedia":[{"embeddable":true,"href":"https:\/\/insideamateurfussball-ffm.de\/index.php?rest_route=\/wp\/v2\/media\/26706"}],"wp:attachment":[{"href":"https:\/\/insideamateurfussball-ffm.de\/index.php?rest_route=%2Fwp%2Fv2%2Fmedia&parent=26705"}],"wp:term":[{"taxonomy":"category","embeddable":true,"href":"https:\/\/insideamateurfussball-ffm.de\/index.php?rest_route=%2Fwp%2Fv2%2Fcategories&post=26705"},{"taxonomy":"post_tag","embeddable":true,"href":"https:\/\/insideamateurfussball-ffm.de\/index.php?rest_route=%2Fwp%2Fv2%2Ftags&post=26705"}],"curies":[{"name":"wp","href":"https:\/\/api.w.org\/{rel}","templated":true}]}}